{"id":790,"date":"2019-02-12T06:04:00","date_gmt":"2019-02-12T06:04:00","guid":{"rendered":""},"modified":"2020-09-25T01:33:10","modified_gmt":"2020-09-25T01:33:10","slug":"biografia-falsificata-lui-plahotniuc-in","status":"publish","type":"post","link":"https:\/\/rubyskynews.com\/index.php\/2019\/02\/12\/biografia-falsificata-lui-plahotniuc-in\/","title":{"rendered":"Biografia FALSIFICAT\u0102 a lui Plahotniuc! In 1992 adevarati patriotii isi riscau viata pentru integritatea teritoriala a Moldovei iar Plahotniuc se ocupa cu PROXENETISM!"},"content":{"rendered":"<div style=\"margin-top: 0px; margin-bottom: 0px;\" class=\"sharethis-inline-share-buttons\" ><\/div><h1 class=\"article-title\" style=\"background-color: white; box-sizing: border-box; line-height: 34px; margin: 0px 0px 10px; padding: 0px;\">\n<div class=\"separator\" style=\"clear: both; text-align: center;\"><img loading=\"lazy\" decoding=\"async\" border=\"0\" data-original-height=\"404\" data-original-width=\"646\" height=\"400\" src=\"http:\/\/rubyskynews.com\/wp-content\/uploads\/2019\/02\/646x404-3.jpg\" width=\"640\" \/><\/div>\n<div style=\"border: 0px; font-weight: 400; margin-bottom: 1.625em; outline: 0px; padding: 0px; vertical-align: baseline; zoom: 1;\"><\/div>\n<div style=\"border: 0px; font-weight: 400; margin-bottom: 1.625em; outline: 0px; padding: 0px; vertical-align: baseline; zoom: 1;\"><span style=\"color: black; font-family: &quot;times&quot; , &quot;times new roman&quot; , serif; font-size: large;\"><a href=\"http:\/\/glasul.md\/drumul-lui-plahotniuc-catre-functia-de-premier-biografie-falsificata-si-articole-sponsorizate-in-presa-straina-despre-cum-a-suferit-sub-guvernarea-comunista-si-cum-lupta\/\"><strong style=\"border: 0px; font-style: inherit; margin: 0px; outline: 0px; padding: 0px; vertical-align: baseline; zoom: 1;\">Despre&nbsp; Biografia falsificat\u0103&nbsp; lui&nbsp;&nbsp;<\/strong><strong style=\"border: 0px; font-style: inherit; margin: 0px; outline: 0px; padding: 0px; vertical-align: baseline; zoom: 1;\">Plahotniuc&nbsp;<\/strong><\/a><\/span><\/div>\n<div style=\"border: 0px; font-weight: 400; margin-bottom: 1.625em; outline: 0px; padding: 0px; vertical-align: baseline; zoom: 1;\"><span style=\"font-family: &quot;times&quot; , &quot;times new roman&quot; , serif; font-size: large;\">\u00cen contextul sp\u0103l\u0103rii imaginii de mafiot se \u00eenscrie \u015fi&nbsp;<a href=\"http:\/\/www.plahotniuc.md\/ro\/blog\/familie-copilarie-invatatura-afaceri-si-viziunea-politica\/\" style=\"border: 0px; font-style: inherit; font-weight: inherit; margin: 0px; outline: 0px; padding: 0px; text-decoration-line: none; vertical-align: baseline; zoom: 1;\" target=\"_blank\" rel=\"noopener noreferrer\">biografia \u201edesenat\u0103\u201d pe blogul acestuia<\/a>. De\u015fi aceasta a fost \u015flefuit\u0103 la greu, falsurile \u015fi neconcordan\u0163ele sunt evidente, \u00eencep\u00e2nd cu locul \u015fi data na\u015fterii acestuia, studiile \u015fi p\u00e2n\u0103 la ocupa\u0163iile obscure ale lui Plahotniuc \u00een tinere\u0163e.<\/span><\/div>\n<div style=\"border: 0px; font-weight: 400; margin-bottom: 1.625em; outline: 0px; padding: 0px; vertical-align: baseline; zoom: 1;\"><span style=\"font-family: &quot;times&quot; , &quot;times new roman&quot; , serif; font-size: large;\">\u201e<em style=\"border: 0px; font-weight: inherit; margin: 0px; outline: 0px; padding: 0px; vertical-align: baseline; zoom: 1;\">M-am n\u0103scut \u00een satul Pitu\u015fca, raionul C\u0103l\u0103ra\u015fi, dar am crescut \u00een satul Groze\u015fti din raionul Nisporeni, acolo unde p\u0103rin\u0163ii mei s-au mutat c\u00e2nd eu aveam doar 3 luni<\/em>\u201d, scrie Plahotniuc.<\/span><\/div>\n<div style=\"border: 0px; font-weight: 400; margin-bottom: 1.625em; outline: 0px; padding: 0px; vertical-align: baseline; zoom: 1;\"><span style=\"font-family: &quot;times&quot; , &quot;times new roman&quot; , serif; font-size: large;\">Inexplicabil, dar Plahotniuc a min\u0163it anterior p\u00e2n\u0103 \u015fi despre locul unde s-a n\u0103scut. \u00cen primul s\u0103u interviu acordat postului Prime TV, acesta spunea c\u0103 s-a n\u0103scut la Groze\u015fti. Acelea\u015fi date sunt incluse \u015fi \u00een buletinul de identitate moldovenesc al lui Plahotniuc. \u00cen acela\u015fi timp, \u00een actele din Rom\u00e2nia, Plahotniuc figureaz\u0103 ca fiind originar din Pitu\u015fca. De altfel, \u015fi atorit\u0103\u0163ile locale din Groze\u015fti \u015fi Pitu\u015fca au confirmat c\u0103 Plahotniuc s-a n\u0103scut \u00een ultima localitate.<\/span><\/div>\n<div style=\"border: 0px; font-weight: 400; margin-bottom: 1.625em; outline: 0px; padding: 0px; vertical-align: baseline; zoom: 1;\"><span style=\"font-family: &quot;times&quot; , &quot;times new roman&quot; , serif; font-size: large;\">Curios este c\u0103 \u00een a\u015fa-zisa biografie a sa, Plahotniuc nu men\u0163ioneaz\u0103 data na\u015fterii. \u015ei asta nu este \u00eent\u00e2mpl\u0103tor, pentru c\u0103 de-a lungul anilor acesta a indicat diferite date \u00een diferite situa\u0163ii. \u00cen actele din RM este indicat c\u0103 Plahotniuc s-a n\u0103scut \u00een 1970, \u00een timp ce \u00een cele rom\u00e2ne\u015fti \u2013 \u00een 1966. Apare \u00eentrebarea:&nbsp;<a href=\"http:\/\/jurnal.md\/ro\/politic\/2016\/10\/13\/oligarhul-colectionar-de-identitati-cum-a-obtinut-plahotniuc-cetatenia-rusa-mintind-autoritatile-de-la-moscova-doc\/\" style=\"border: 0px; font-style: inherit; font-weight: inherit; margin: 0px; outline: 0px; padding: 0px; text-decoration-line: none; vertical-align: baseline; zoom: 1;\" target=\"_blank\" rel=\"noopener noreferrer\">de ce acesta a indicat inten\u0163ionat \u015fi con\u015ftient diferite locuri \u015fi date de na\u015ftere \u00een diferite identit\u0103\u0163i<\/a>&nbsp;\u2013 moldoveneasc\u0103, rom\u00e2n\u0103, rus\u0103 \u015fi, nu este exclus, \u015fi \u00een alte cazuri, falsific\u00e2nd acte oficiale?<\/span><\/div>\n<div style=\"border: 0px; font-weight: 400; margin-bottom: 1.625em; outline: 0px; padding: 0px; vertical-align: baseline; zoom: 1;\"><span style=\"font-family: &quot;times&quot; , &quot;times new roman&quot; , serif; font-size: large;\">Mai departe, oligarhul \u00ee\u015fi c\u00e2nt\u0103 ode \u015fi se laud\u0103 p\u00e2n\u0103 cade \u00een derizoriu. \u201e<em style=\"border: 0px; font-weight: inherit; margin: 0px; outline: 0px; padding: 0px; vertical-align: baseline; zoom: 1;\">\u00cenc\u0103 din \u015fcoal\u0103 am deprins spiritul competitiv \u015fi dorin\u0163a de a face mai mult dec\u00e2t mi se cere, tot timpul credeam c\u0103 pot mai mult. Nu \u00eenv\u0103\u0163am pentru note \u015fi laude, \u00eenv\u0103\u0163am ca s\u0103 \u00een\u0163eleg c\u00e2t mai multe lucruri \u015fi s\u0103 le pot folosi, iar pl\u0103cerea competi\u0163iei o tr\u0103iam la olimpiadele pe raion, unde ocupam mereu locuri de frunte<\/em>\u201d, scrie Plahotniuc, referindu-se, cel mai probabil, la \u201ecelebra\u201d poezie \u201eIepura\u015ful vesel\u201d \u2013 o lucrare infantil\u0103, pe care a scris-o la 16 ani(!).<\/span><\/div>\n<div style=\"border: 0px; font-weight: 400; margin-bottom: 1.625em; outline: 0px; padding: 0px; vertical-align: baseline; zoom: 1;\"><span style=\"font-family: &quot;times&quot; , &quot;times new roman&quot; , serif; font-size: large;\">Plahotniuc se \u00eencurc\u0103 \u015fi \u00een pove\u015ftile despre studiile sale la Politehnic\u0103. Mai exact, evit\u0103 s\u0103 precizeze detalii, men\u0163ion\u00e2nd doar c\u0103 a ajuns la facultatea respectiv\u0103 \u201e\u00eentr-un concurs de \u00eemprejur\u0103ri\u201d \u015fi c\u0103 a fost nevoit s\u0103 renun\u0163e la facultate pentru armat\u0103, dup\u0103 care s-ar fi \u00eentors \u015fi continuat studiile la Politehnic\u0103. \u00cen realitate, perioada coincide cu cea \u00een care, potrivit mai multor m\u0103rturii, acesta deja se ocupa cu proxenetismul, iar diploma ar fi cump\u0103rat-o.<\/span><\/div>\n<div style=\"border: 0px; font-weight: 400; margin-bottom: 1.625em; outline: 0px; padding: 0px; vertical-align: baseline; zoom: 1;\"><span style=\"font-family: &quot;times&quot; , &quot;times new roman&quot; , serif; font-size: large;\">Despre activitatea de proxenet a lui Plahotniuc au existat foarte multe declara\u0163ii \u015fi m\u0103rturii, acestea venind mai ales din partea celor care \u00een perioada respectiv\u0103 lucrau \u00een organele de for\u0163\u0103. Informa\u0163ii despre activitatea de proxenet a lui Plahotniuc au ap\u0103rut \u015fi \u00een presa din Rom\u00e2nia, \u015fi \u00een cea din Rusia, iar despre aceste lucruri vorbesc foarte mul\u0163i politicieni, deputa\u0163i \u015fi alte persoane publice. Chiar \u015fi fostul premier Ion Sturza declarase anterior c\u0103 \u201e<a href=\"http:\/\/www.flux24.ro\/papusarul-de-la-chisinau-a-livrat-basarabence-politicienilor-romani\/\" style=\"border: 0px; font-style: inherit; font-weight: inherit; margin: 0px; outline: 0px; padding: 0px; text-decoration-line: none; vertical-align: baseline; zoom: 1;\" target=\"_blank\" rel=\"noopener noreferrer\">Plahotniuc aducea plutoane de femei politicienilor \u015fi elitelor la Bucure\u015fti<\/a>\u201d.<\/span><\/div>\n<div style=\"border: 0px; font-weight: 400; margin-bottom: 1.625em; outline: 0px; padding: 0px; vertical-align: baseline; zoom: 1;\"><span style=\"font-family: &quot;times&quot; , &quot;times new roman&quot; , serif; font-size: large;\">Totodat\u0103, anul trecut&nbsp;<a href=\"http:\/\/www.jurnal.md\/ro\/social\/2016\/5\/16\/dezvaluirile-unui-fost-angajat-fulger-despre-activitatea-de-proxenet-a-lui-plahotniuc-in-1993-l-am-prins-cand-vindea-prostituate-la-etajul-13\/\" style=\"border: 0px; font-style: inherit; font-weight: inherit; margin: 0px; outline: 0px; padding: 0px; text-decoration-line: none; vertical-align: baseline; zoom: 1;\" target=\"_blank\" rel=\"noopener noreferrer\">un fost ofi\u0163er de la Fulger (\u00een trecut OMON) a<\/a>&nbsp;<a href=\"http:\/\/www.jurnal.md\/ro\/social\/2016\/5\/16\/dezvaluirile-unui-fost-angajat-fulger-despre-activitatea-de-proxenet-a-lui-plahotniuc-in-1993-l-am-prins-cand-vindea-prostituate-la-etajul-13\/\" style=\"border: 0px; font-style: inherit; font-weight: inherit; margin: 0px; outline: 0px; padding: 0px; text-decoration-line: none; vertical-align: baseline; zoom: 1;\" target=\"_blank\" rel=\"noopener noreferrer\">dezv\u0103luit c\u0103 \u00een 1993 l-a prins pe Vladimir Plahotniuc \u00een timp ce \u201evindea prostituate\u201d la etajul 13&nbsp;al unei cl\u0103diri din Chi\u015fin\u0103u<\/a>. \u201e<em style=\"border: 0px; font-weight: inherit; margin: 0px; outline: 0px; padding: 0px; vertical-align: baseline; zoom: 1;\">S-a \u00eent\u00e2mplat \u00een 1993, c\u00e2nd l-am depistat pe Vlad Plahotniuc la al treisprezecelea etaj, unde vindea prostituate. Da, am depistat unde le-a dus. El era capul acestor crime. Noi pe atunci aveam numai trei b\u0103ie\u0163i din poli\u0163ie care se ocupau de caz. \u00cen scurt timp am fost eliberat din serviciu de la OMON<\/em>\u201d, a declarat ofi\u0163erul \u00een rezerv\u0103 Victor Popescu.<\/span><\/div>\n<div style=\"border: 0px; font-weight: 400; margin-bottom: 1.625em; outline: 0px; padding: 0px; vertical-align: baseline; zoom: 1;\"><span style=\"font-family: &quot;times&quot; , &quot;times new roman&quot; , serif; font-size: large;\">\u015ei&nbsp;<a href=\"http:\/\/www.jurnal.md\/ro\/social\/2016\/5\/30\/vladimir-plahotniuc-proxenet-cu-acte-in-regula-din-anii-90-si-pana-in-prezent-dezvaluiri-a-fost-prins-de-foarte-multe-ori-dar-avea-protectia-kgb-ului\/\" style=\"border: 0px; font-style: inherit; font-weight: inherit; margin: 0px; outline: 0px; padding: 0px; text-decoration-line: none; vertical-align: baseline; zoom: 1;\" target=\"_blank\" rel=\"noopener noreferrer\">generalul Anton G\u0103murari, care a participat la formarea tuturor trupelor speciale ale Ministerului de Interne, a vorbit anterior, \u00eentr-un interviu pentru Jurnal.md, despre cum \u015fi-a c\u00e2\u015ftigat Plahotniuc primii bani pe seama fetelor v\u00e2ndute<\/a>&nbsp;\u00een Turcia \u015fi \u00een \u0163ar\u0103, ob\u0163in\u00e2nd pe de o parte profit, iar pe de alta informa\u0163ii compromi\u0163\u0103toare pentru \u0163inerea sub control a politicienilor, oficialilor str\u0103ini \u015fi a oamenilor de afaceri din RM \u015fi nu numai. Potrivit lui Anton G\u0103murari, Plahotniuc \u015fi-a \u00eenceput activitatea de proxenet prin 1988 \u015fi, de fapt, nu \u015fi-a \u00eencetat niciodat\u0103 aceast\u0103 activitate, control\u00e2nd \u015fi ast\u0103zi toat\u0103 elita politic\u0103 din \u0163ar\u0103 \u015fi nu doar anume prin acest mod.<\/span><\/div>\n<div style=\"border: 0px; font-weight: 400; margin-bottom: 1.625em; outline: 0px; padding: 0px; vertical-align: baseline; zoom: 1;\"><span style=\"font-family: &quot;times&quot; , &quot;times new roman&quot; , serif; font-size: large;\">\u00cen biografia sa, Plahotniuc&nbsp;men\u0163ioneaz\u0103 \u015fi \u201edrumurile\u201d sale \u00een fosta Iugoslavie. Acesta vorbe\u015fte misterios despre ni\u015fte afaceri pe care le practica acolo. \u00cen realitate \u00eens\u0103, oligarhul ar fi fugit \u00een fosta Iugoslavie de&nbsp;urm\u0103rirea interna\u0163ional\u0103 pentru trafic de femei. Potrivit unor surse, de la ananghie l-a scos atunci un judec\u0103tor \u00eencep\u0103tor \u2013 un oarecare\u2026 Mihai Poalelungi, care acum, prin \u201epur\u0103 coinciden\u0163\u0103\u201d, a ajuns Pre\u015fedinte al Cur\u0163ii Supreme de Justi\u0163ie.<\/span><\/div>\n<div style=\"border: 0px; font-weight: 400; margin-bottom: 1.625em; outline: 0px; padding: 0px; vertical-align: baseline; zoom: 1;\"><span style=\"font-family: &quot;times&quot; , &quot;times new roman&quot; , serif; font-size: large;\">Voalat, Plahotniuc descrie o situa\u0163ie care, citit\u0103 printre r\u00e2nduri, se pliaz\u0103 perfect pe informa\u0163iile precum c\u0103 acesta practica proxenetismul \u00een acea perioad\u0103.<\/span><\/div>\n<div style=\"border: 0px; font-weight: 400; margin-bottom: 1.625em; outline: 0px; padding: 0px; vertical-align: baseline; zoom: 1;\"><span style=\"font-family: &quot;times&quot; , &quot;times new roman&quot; , serif; font-size: large;\">\u201e<em style=\"border: 0px; font-weight: inherit; margin: 0px; outline: 0px; padding: 0px; vertical-align: baseline; zoom: 1;\">La vremea aceea,&nbsp;<strong style=\"border: 0px; font-style: inherit; margin: 0px; outline: 0px; padding: 0px; vertical-align: baseline; zoom: 1;\">domeniul afacerilor era unul foarte neclar, a trebuit s\u0103 experimentez mult p\u00e2n\u0103 s\u0103-l \u00een\u0163eleg<\/strong>. Am f\u0103cut \u015fi drumuri \u00een fosta Iugoslavie, p\u00e2n\u0103 s\u0103 \u00eenceap\u0103 r\u0103zboiul, v\u00e2nz\u00e2nd \u00een pie\u0163ele din Belgrad \u015fi Macedonia&nbsp;<strong style=\"border: 0px; font-style: inherit; margin: 0px; outline: 0px; padding: 0px; vertical-align: baseline; zoom: 1;\">ceea pentru ce exista cerere atunci<\/strong>. Acolo am trecut prin momente extrem de complicate, erau lupte dure pentru un loc pe pia\u0163a respectiv\u0103, cu indivizi care foloseau metode foarte agresive, care controlau pia\u0163a prin teroare. Ei erau mul\u0163i, nu le-a\u015f fi f\u0103cut fa\u0163\u0103 r\u0103spunz\u00e2nd&nbsp;<strong style=\"border: 0px; font-style: inherit; margin: 0px; outline: 0px; padding: 0px; vertical-align: baseline; zoom: 1;\">doar cu agresivitate<\/strong><\/em>\u201d, se spune \u00een biografie.<\/span><\/div>\n<div style=\"border: 0px; margin-bottom: 1.625em; outline: 0px; padding: 0px; vertical-align: baseline; zoom: 1;\"><span style=\"font-family: &quot;times&quot; , &quot;times new roman&quot; , serif; font-size: large;\"><span style=\"font-weight: 400;\">Mai departe, Plahotniuc poveste\u015fte \u015fi despre a\u015fa-zisele afaceri cu s\u0103li video \u015fi o tipografie. \u201e<\/span><em style=\"border: 0px; font-weight: inherit; margin: 0px; outline: 0px; padding: 0px; vertical-align: baseline; zoom: 1;\">Am \u00eencercat \u015fi afacerea pe care o practicau mul\u0163i moldoveni la vremea respectiv\u0103, cea cu s\u0103lile video, apoi am trecut la prima mea afacere serioas\u0103 \u2013 o tipografie, \u00een care am investit mult\u0103 energie \u015fi a fost prima afacere care \u00eemi aducea venituri bune \u015fi constante<\/em><span style=\"font-weight: 400;\">\u201d, scrie oligarhul. \u00cen realitate, acele \u201es\u0103li video\u201d ar fi fost ni\u015fte saloane cu <\/span>filme porno<span style=\"font-weight: 400;\"> \u2013&nbsp;o dezvoltare a \u00eendeletnicirilor din perioada \u00een care oligarhul \u201e\u00ee\u015fi f\u0103cea studiile\u201d la Politehnic\u0103.<\/span><\/span><\/div>\n<div style=\"border: 0px; font-weight: 400; margin-bottom: 1.625em; outline: 0px; padding: 0px; vertical-align: baseline; zoom: 1;\"><span style=\"font-family: &quot;times&quot; , &quot;times new roman&quot; , serif; font-size: large;\">Plahotniuc mai poveste\u015fte despre afaceri&nbsp;\u00een turism \u015fi imobiliare, referindu-se, cel mai probabil, la de\u0163inerea prin scheme ilegale a hotelurilor de lux Codru \u015fi Nobil, hotelul Na\u0163ional, cafeneaua Gugu\u0163\u0103, pavilionul de la Moldexpo, insulele din Parcul \u201eLa Izvor\u201d etc.<\/span><\/div>\n<div style=\"border: 0px; font-weight: 400; margin-bottom: 1.625em; outline: 0px; padding: 0px; vertical-align: baseline; zoom: 1;\"><span style=\"font-family: &quot;times&quot; , &quot;times new roman&quot; , serif; font-size: large;\">C\u00e2t despre afacerile \u00een media despre care scrie Plahotniuc, presupunem c\u0103 acesta are \u00een vedere atacurile raider&nbsp;asupra televiziunilor incomode \u015fi de\u0163inerea unui holding \u00eentreg de pres\u0103 \u2013 un evantai din \u015fase posturi TV, dou\u0103 de radio \u015fi o mul\u0163ime de portaluri online. De remarcat c\u0103&nbsp;p\u00e2n\u0103 \u00een noiembrie 2014 Vladimir Plahotniuc nega orice atribu\u0163ie a sa la aceste televiziuni, iar acum spune c\u0103 e afacerea lui \u00eenc\u0103 de prin 2009.<\/span><\/div>\n<div style=\"border: 0px; font-weight: 400; margin-bottom: 1.625em; outline: 0px; padding: 0px; vertical-align: baseline; zoom: 1;\"><span style=\"font-family: &quot;times&quot; , &quot;times new roman&quot; , serif; font-size: large;\">La fel e \u015fi cu restul afacerilor \u015fi activelor sale, cu care se laud\u0103 \u00een biografie. Toate au lipsit din declara\u0163iile de avere \u00een to\u0163i ace\u015fti ani \u015fi pe toate le-a negat, \u00een timp ce acum se laud\u0103 cu averi furate, pe care le nume\u015fte \u201eafaceri\u201d.<\/span><\/div>\n<div style=\"border: 0px; font-weight: 400; margin-bottom: 1.625em; outline: 0px; padding: 0px; vertical-align: baseline; zoom: 1;\"><span style=\"font-family: &quot;times&quot; , &quot;times new roman&quot; , serif; font-size: large;\">La capitolul \u201epolitic\u0103\u201d e \u015fi mai amuzant ce poveste\u015fte oligarhul. \u201e<em style=\"border: 0px; font-weight: inherit; margin: 0px; outline: 0px; padding: 0px; vertical-align: baseline; zoom: 1;\">Am intrat \u00een politic\u0103 \u00een 2010, dar m-am implicat \u00een acest domeniu mult mai devreme. \u00cen special \u00een anii 2007-2009, am sprijinit \u00een repetate r\u00e2nduri mai mul\u0163i lideri ai opozi\u0163iei de atunci, am f\u0103cut asta pentru c\u0103 \u00eemi doream ca RM s\u0103 nu mai fie o \u0163ar\u0103 cu o doctrin\u0103 comunist\u0103. Am considerat c\u0103 Moldova are nevoie de o schimbare profund\u0103 \u015fi s\u0103-\u015fi aleag\u0103 o cale \u015fi un model occidental de dezvoltare, unul care \u015fi-a dovedit eficien\u0163a \u00een alte \u0163\u0103ri fost comuniste. Aceast\u0103 decizie a mea mi-a produs pagube mari la momentul respectiv, inclusiv anumite consecin\u0163e asupra mea \u015fi a familiei, dar nu am cedat, \u015ftiam c\u0103 scopul este unul vital pentru RM<\/em>\u201d, spune plin de sine Plahotniuc.<\/span><\/div>\n<div style=\"border: 0px; font-weight: 400; margin-bottom: 1.625em; outline: 0px; padding: 0px; vertical-align: baseline; zoom: 1;\"><span style=\"font-family: &quot;times&quot; , &quot;times new roman&quot; , serif; font-size: large;\">Este extrem de nostim c\u00e2nd spune c\u0103 a luptat contra \u201edoctrinei comuniste\u201d \u2013 Plahotniuc, cel care a dormit \u00een anticamera lui Voronin din&nbsp;2000 \u015fi p\u00e2n\u0103 \u00een 2009, deservind \u201efamilia\u201d cu dame de companie \u015fi prest\u00e2nd tot soiul de servicii regimului Voronin.<\/span><\/div>\n<div style=\"border: 0px; font-weight: 400; margin-bottom: 1.625em; outline: 0px; padding: 0px; vertical-align: baseline; zoom: 1;\"><span style=\"font-family: &quot;times&quot; , &quot;times new roman&quot; , serif; font-size: large;\">Or, anume \u00een perioada guvern\u0103rii comuniste, protejat de Voronin, Plahotniuc a acaparat afaceri \u015fi s-a r\u0103fuit cu to\u0163i cei care \u00eei st\u0103teau \u00een cale, atunci fiind puse bazele imperiului Plahotniuc. Pe durata celui de-al doilea mandat al lui Voronin la pre\u015fedin\u0163ie, aproape \u00eentreg businessul (\u00eentreprinderi particulare, fluxuri financiare, pozi\u0163ii administrative) \u015fi-a schimbat conduc\u0103torii, beneficiar al acestei schimb\u0103ri masive de trecere a propriet\u0103\u0163ii \u015fi influen\u0163ei devenind nimeni altul dec\u00e2t Plahotniuc, o singur\u0103 persoan\u0103 care a concentrat asupra a toate structurile de stat \u015fi businessul semnificativ \u00een Moldova.<\/span><\/div>\n<div style=\"border: 0px; font-weight: 400; margin-bottom: 1.625em; outline: 0px; padding: 0px; vertical-align: baseline; zoom: 1;\"><span style=\"font-family: &quot;times&quot; , &quot;times new roman&quot; , serif; font-size: large;\">Toate afacerile \u015fi tranzac\u0163iile, care, conform unei propagande regizate de \u00eensu\u015fi Plahotniuc au fost atribuite public lui Oleg Voronin \u015fi tat\u0103lui s\u0103u, de fapt, cum s-a depistat \u015fi continu\u0103 s\u0103 se depisteze documentar, au ajuns la o singur\u0103 persoan\u0103 \u2013 Vladimir Plahotniuc. Potrivit unor dezv\u0103luiri, pe durata pre\u015fedin\u0163iei lui Voronin,&nbsp;oamenii care \u00eel \u00eenconjurau \u00eel sunau pe Plahotniuc \u00eenainte de a intra la el, iar ie\u015find de la pre\u015fedintele RM, imediat \u00eei raportau lui Plahotniuc despre rezultatul discu\u0163iilor, iar totul era gestionat \u015fi decis la Nobil.<\/span><\/div>\n<div style=\"border: 0px; font-weight: 400; margin-bottom: 1.625em; outline: 0px; padding: 0px; vertical-align: baseline; zoom: 1;\"><span style=\"font-family: &quot;times&quot; , &quot;times new roman&quot; , serif; font-size: large;\">Plahotniuc \u00ee\u015fi \u00eencheie triumf\u0103tor preludiul pentru func\u0163ia de premier. \u201e\u200b<em style=\"border: 0px; font-weight: inherit; margin: 0px; outline: 0px; padding: 0px; vertical-align: baseline; zoom: 1;\">P\u00e2n\u0103 acum, mi-au reu\u015fit toate proiectele mari, indiferent de obstacole<\/em>\u201d, conchide Plahotniuc \u00een&nbsp;biografia sa falsificat\u0103.<\/span><\/div>\n<div style=\"border: 0px; font-weight: 400; margin-bottom: 1.625em; outline: 0px; padding: 0px; vertical-align: baseline; zoom: 1;\"><a href=\"http:\/\/glasul.md\/drumul-lui-plahotniuc-catre-functia-de-premier-biografie-falsificata-si-articole-sponsorizate-in-presa-straina-despre-cum-a-suferit-sub-guvernarea-comunista-si-cum-lupta\/\"><span style=\"color: black; font-family: &quot;times&quot; , &quot;times new roman&quot; , serif; font-size: large;\">sursa<\/span><\/a><\/div>\n<\/h1>\n<h1 class=\"article-title\" style=\"background-color: white; box-sizing: border-box; line-height: 34px; margin: 0px 0px 10px; padding: 0px;\"><span style=\"font-family: &quot;times&quot; , &quot;times new roman&quot; , serif; font-size: large;\"><br \/><\/span><\/h1>\n<h1 class=\"article-title\" style=\"background-color: white; box-sizing: border-box; line-height: 34px; margin: 0px 0px 10px; padding: 0px;\"><span style=\"font-family: &quot;times&quot; , &quot;times new roman&quot; , serif; font-size: large;\"><br \/><\/span><\/h1>\n<div class=\"separator\" style=\"clear: both; text-align: center;\"><img loading=\"lazy\" decoding=\"async\" border=\"0\" data-original-height=\"394\" data-original-width=\"700\" height=\"360\" src=\"http:\/\/rubyskynews.com\/wp-content\/uploads\/2019\/02\/37783419_401.jpg\" width=\"640\" \/><\/div>\n<h1 class=\"article-title\" style=\"background-color: white; box-sizing: border-box; line-height: 34px; margin: 0px 0px 10px; padding: 0px;\"><span style=\"font-family: &quot;times&quot; , &quot;times new roman&quot; , serif; font-size: large;\"><br \/><\/span><\/h1>\n<h1 class=\"article-title\" style=\"background-color: white; box-sizing: border-box; line-height: 34px; margin: 0px 0px 10px; padding: 0px;\"><span style=\"font-family: &quot;times&quot; , &quot;times new roman&quot; , serif; font-size: large;\"><br \/><\/span><\/h1>\n<h1 class=\"article-title\" style=\"background-color: white; box-sizing: border-box; line-height: 34px; margin: 0px 0px 10px; padding: 0px;\"><span style=\"font-family: &quot;times&quot; , &quot;times new roman&quot; , serif; font-size: x-large;\">Generalul Anton G\u0103murari, combatant al r\u0103zboiului de pe Nistru: \u201eDodon a depus flori la monumentul cazacilor din cetatea Tighina. Ace\u0219ti cazaci au \u00eempu\u0219cat oameni, au siluit femei, ne-au ucis camarazii, iar el spune s\u0103 ne cerem scuze de la ei\u201d<\/span><\/h1>\n<div><a href=\"https:\/\/www.activenews.ro\/cultura\/Generalul-Anton-Gamurari-combatant-al-razboiului-de-pe-Nistru-%E2%80%9EDodon-a-depus-flori-la-monumentul-cazacilor-din-cetatea-Tighina.-Acesti-cazaci-au-impuscat-oameni-au-siluit-femei-ne-au-ucis-camarazii-iar-el-spune-sa-ne-cerem-scuze-de-la-ei-149613\"><span style=\"color: black; font-family: &quot;times&quot; , &quot;times new roman&quot; , serif; font-size: large;\">https:\/\/www.activenews.ro\/<\/span><\/a><\/div>\n<div><span style=\"font-family: &quot;times&quot; , &quot;times new roman&quot; , serif; font-size: large;\"><br \/><\/span><\/div>\n<div><span style=\"font-family: &quot;times&quot; , &quot;times new roman&quot; , serif; font-size: large;\"><span class=\"author\" style=\"background-color: white; box-sizing: border-box; text-transform: uppercase;\">DE&nbsp;<a href=\"https:\/\/www.activenews.ro\/autori\/Stefania-Brandusa-40\" style=\"box-sizing: border-box; cursor: pointer; line-height: inherit; transition: all 100ms ease-in-out 0s;\">\u0218TEFANIA BR\u00c2NDU\u0218\u0102<\/a><\/span><span style=\"background-color: white;\">&nbsp; \/ &nbsp;&nbsp;<\/span><span class=\"category\" style=\"background-color: white; box-sizing: border-box; text-transform: uppercase;\">CULTUR\u0102<\/span><span style=\"background-color: white;\">&nbsp;<\/span><span class=\"article-date\" style=\"background-color: white; box-sizing: border-box;\">&nbsp; \/ &nbsp; Publicat: Vineri, 02 martie 2018, 17:50<\/span><span style=\"background-color: white;\">&nbsp;<\/span><span class=\"article-update\" style=\"background-color: white; box-sizing: border-box;\">&nbsp; \/ &nbsp; Actualizat: Vineri, 02 martie 2018, 17:54<\/span><span style=\"background-color: white;\">&nbsp;<\/span><\/span><\/div>\n<div><span style=\"background-color: white; font-family: &quot;times&quot; , &quot;times new roman&quot; , serif; font-size: large;\"><br \/><\/span><\/div>\n<div>\n<div style=\"background-color: white; box-sizing: border-box; margin: 0px; padding: 0px;\"><span style=\"font-family: &quot;times&quot; , &quot;times new roman&quot; , serif; font-size: large;\">2 martie este data la care se \u00eemplinesc 26 de ani de \u00eenceputul<a href=\"http:\/\/www.activenews.ro\/stiri-basarabia\/2-martie-1992-26-de-ani-de-la-inceputul-razboiului-romano-rus-din-Transnistria-130830\" style=\"box-sizing: border-box; line-height: inherit; transition: all 100ms ease-in-out 0s;\">&nbsp;r\u0103zboiului de pe Nistru<\/a>, de\u0219i primele ciocniri au avut loc \u00eenc\u0103 la sf\u00e2r\u0219itul anului 1991. Cei care cunosc povestea conflictului de pe Nistru \u0219tiu c\u0103 generalul-maior de poli\u021bie Anton G\u0103murari a fost unul dintre eroii acestui r\u0103zboi, particip\u00e2nd activ la formarea tuturor trupelor speciale ale Ministerului de Interne ale Moldovei independente, \u00eencep\u00e2nd de la prima companie creat\u0103 \u00een cadrul Batalionului de patrul\u0103 \u0219i santinel\u0103, brigad\u0103 denumit\u0103 \u201eFulger\u201d, apoi &#8211; a fostului OMON.&nbsp; La aproape trei decenii de la declan\u0219area r\u0103zboiului de pe Nistru, generalul G\u0103murari crede cu convingere c\u0103 acest conflict putea fi prevenit. \u00cen prezent, generalul Anton G\u0103murari este vicepre\u0219edinte al Uniunii Na\u021bionale a Veteranilor R\u0103zboiului pentru Independen\u021b\u0103 (UNVRI).<\/span><\/div>\n<div style=\"background-color: white; box-sizing: border-box; margin: 0px; padding: 0px;\"><span style=\"font-family: &quot;times&quot; , &quot;times new roman&quot; , serif; font-size: large;\"><br style=\"box-sizing: border-box;\" \/><\/span><\/div>\n<div style=\"background-color: white; box-sizing: border-box; margin: 0px; padding: 0px;\"><span style=\"font-family: &quot;times&quot; , &quot;times new roman&quot; , serif; font-size: large;\">\u201eDac\u0103 regimul de la Chi\u0219in\u0103ul era mai ferm \u00een ac\u021biuni \u0219i decizii, atunci nu avea s\u0103 fie r\u0103zboi \u0219i s\u0103-\u0219i piard\u0103 via\u021ba sute de oameni\u201d, spune G\u0103murari, potrivit&nbsp;<a href=\"http:\/\/www.ziarulnational.md\/video-generalul-gamurari-spune-ca-razboiul-din-transnistria-putea-fi-prevenit-dar-nu-s-a-dorit-asta\/\" style=\"box-sizing: border-box; line-height: inherit; transition: all 100ms ease-in-out 0s;\">ziarulnational.md<\/a>. Pentru c\u0103, explic\u0103 el,&nbsp; majoritatea popula\u021biei din st\u00e2nga Nistrului \u00eei ura pe gardi\u0219tii \u0219i cazacii adu\u0219i s\u0103 lupte contra Republicii Moldova. Din p\u0103cate, \u00eens\u0103, nimeni de la Chi\u0219in\u0103u nu a mi\u0219cat un deget, de\u0219i \u201eerau saci cu scrisori la Pre\u0219edin\u021bie, oamenii solicitau ajutor, dar acesta nu a mai venit\u201d.<\/span><\/div>\n<\/div>\n<div style=\"background-color: white; box-sizing: border-box; margin: 0px; padding: 0px;\"><span style=\"font-family: &quot;times&quot; , &quot;times new roman&quot; , serif; font-size: large;\"><br \/><\/span><\/div>\n<div style=\"background-color: white; box-sizing: border-box; margin: 0px; padding: 0px;\">\n<div style=\"box-sizing: border-box; margin: 0px; padding: 0px;\"><span style=\"font-family: &quot;times&quot; , &quot;times new roman&quot; , serif; font-size: large;\">G\u0103murari aminte\u0219te c\u0103 pe teritoriul din dreapta Nistrului era armament suficient pentru a riposta atacurilor cazacilor \u0219i pu\u0219c\u0103ria\u0219ilor adu\u0219i de prin Rusia s\u0103 lupte, \u00eens\u0103, din nou, Chi\u0219in\u0103ul nu a f\u0103cut dec\u00e2t s\u0103 ia decizii&nbsp;<\/span><\/div>\n<div style=\"box-sizing: border-box; margin: 0px; padding: 0px;\"><span style=\"font-family: &quot;times&quot; , &quot;times new roman&quot; , serif; font-size: large;\">&nbsp;decizii controversate. Tot armamentul performant, aflat pe partea dreapt\u0103 a Nistrului, a fost evacuat de urgen\u021b\u0103.<\/span><br \/><span style=\"font-family: &quot;times&quot; , &quot;times new roman&quot; , serif; font-size: large;\"><br \/><\/span><\/p>\n<div class=\"separator\" style=\"clear: both; text-align: center;\"><img loading=\"lazy\" decoding=\"async\" border=\"0\" data-original-height=\"386\" data-original-width=\"615\" height=\"400\" src=\"http:\/\/rubyskynews.com\/wp-content\/uploads\/2019\/02\/15180611.229625.1187.jpeg\" width=\"640\" \/><\/div>\n<p><span style=\"font-family: &quot;times&quot; , &quot;times new roman&quot; , serif; font-size: large;\"><br \/><\/span><\/div>\n<div style=\"box-sizing: border-box; margin: 0px; padding: 0px;\"><\/div>\n<div style=\"box-sizing: border-box; margin: 0px; padding: 0px;\"><span style=\"font-family: &quot;times&quot; , &quot;times new roman&quot; , serif; font-size: medium;\"><b><span style=\"font-size: x-large;\">\u201eDe cei de la \u201eFulger\u201d se temeau to\u021bi<\/span><\/b><span style=\"font-size: large;\">. Chiar \u0219i generalul Lebedi a recunoscut c\u0103 doar \u00een luptele de la Tighina \u0219i-au pierdut via\u021ba 5 400 oameni de-ai s\u0103i. Eu cred c\u0103 au fost mai mul\u021bi, pentru c\u0103 cei \u00een uniforme negre, adic\u0103 pu\u0219c\u0103ria\u0219ii adu\u0219i s\u0103 lupte, erau pur \u0219i simplu arunca\u021bi \u00een Nistru. Ulterior, cetatea din Tighina a fost pierdut\u0103, pentru c\u0103 de la Chi\u0219in\u0103u veneau ordine controversate. Se spunea s\u0103 nu r\u0103spundem la focurile de arm\u0103, pentru ca mai apoi s\u0103 ni se repro\u0219eze de ce nu am reac\u021bionat\u201d, a declarat generalul.<\/span><\/span><\/div>\n<div style=\"box-sizing: border-box; margin: 0px; padding: 0px;\"><span style=\"font-family: &quot;times&quot; , &quot;times new roman&quot; , serif; font-size: large;\"><br style=\"box-sizing: border-box;\" \/><\/span><\/div>\n<div style=\"box-sizing: border-box; margin: 0px; padding: 0px;\"><span style=\"font-family: &quot;times&quot; , &quot;times new roman&quot; , serif; font-size: large;\">C\u00e2t despre ceea ce se \u00eent\u00e2mpl\u0103 azi la Chi\u0219in\u0103u, G\u0103murari nu poate uita \u0219i ierta un episod de anul trecut, c\u00e2nd pre\u0219edintele moldovean s-a \u00eent\u00e2lnit, la Tighina, cu noul \u0219ef al grup\u0103rii separatiste de la Tiraspol, Vadim Krasnoselski, afirm\u00e2nd c\u0103 \u201eChi\u0219in\u0103ul ar trebui s\u0103-\u0219i cear\u0103 scuze de la Transnistria pentru r\u0103zboiul din 1992\u201d \u0219i a depus flori la monumentul cazacilor din incinta cet\u0103\u021bii Tighina. \u201eAce\u0219ti cazaci au \u00eempu\u0219cat oameni, au siluit femei, ne-au ucis camarazii, iar el (pre\u0219edintele &#8211; n.r.) spune s\u0103 ne cerem scuze de la ei\u201d, s-a pl\u00e2ns generalul.<\/span><\/div>\n<div style=\"box-sizing: border-box; margin: 0px; padding: 0px;\"><span style=\"font-family: &quot;times&quot; , &quot;times new roman&quot; , serif; font-size: large;\"><br \/><\/span><\/div>\n<div style=\"box-sizing: border-box; margin: 0px; padding: 0px;\"><a href=\"https:\/\/www.activenews.ro\/cultura\/Generalul-Anton-Gamurari-combatant-al-razboiului-de-pe-Nistru-%E2%80%9EDodon-a-depus-flori-la-monumentul-cazacilor-din-cetatea-Tighina.-Acesti-cazaci-au-impuscat-oameni-au-siluit-femei-ne-au-ucis-camarazii-iar-el-spune-sa-ne-cerem-scuze-de-la-ei-149613\" target=\"_blank\" rel=\"noopener noreferrer\"><span style=\"color: black; font-family: &quot;times&quot; , &quot;times new roman&quot; , serif; font-size: large;\">sursa&nbsp;<\/span><\/a><\/div>\n<\/div>\n<h1 style=\"background-color: white; font-weight: normal; margin: 0px; padding: 0px; width: 570px;\"><span style=\"font-family: &quot;times&quot; , &quot;times new roman&quot; , serif; font-size: large;\"><br \/><\/span><\/h1>\n<h1 style=\"background-color: white; font-weight: normal; margin: 0px; padding: 0px; width: 570px;\"><span style=\"font-family: &quot;times&quot; , &quot;times new roman&quot; , serif; font-size: large;\"><br \/><\/span><\/h1>\n<h1 style=\"background-color: white; margin: 0px; padding: 0px; width: 570px;\"><span style=\"font-family: &quot;times&quot; , &quot;times new roman&quot; , serif; font-size: x-large;\"><a href=\"https:\/\/www.ziarulnational.md\/video-generalul-gamurari-spune-ca-razboiul-din-transnistria-putea-fi-prevenit-dar-nu-s-a-dorit-asta\/\" target=\"_blank\" rel=\"noopener noreferrer\">Generalul G\u0103murari spune c\u0103 r\u0103zboiul din Transnistria putea fi PREVENIT, dar nu s-a dorit asta<\/a><\/span><\/h1>\n<div><span style=\"font-family: &quot;times&quot; , &quot;times new roman&quot; , serif; font-size: large;\"><br \/><\/span><\/div>\n<div><span class=\"what_cat\" style=\"background-color: #056896; border-radius: 5px; float: left; margin: 0px 15px 0px 0px; padding: 2px 30px 3px;\"><span style=\"font-family: &quot;times&quot; , &quot;times new roman&quot; , serif; font-size: large;\">Politic\u0103<\/span><\/span><span class=\"cat_date\" style=\"background-color: white; float: left; margin: 0px 9px 0px 0px; padding: 0px;\"><span style=\"font-family: &quot;times&quot; , &quot;times new roman&quot; , serif; font-size: large;\">28.02.2017<\/span><\/span><span class=\"cat_date\" style=\"background-color: white; float: left; margin: 0px 9px 0px 0px; padding: 0px;\"><span style=\"font-family: &quot;times&quot; , &quot;times new roman&quot; , serif; font-size: large;\">11:15<\/span><\/span><span class=\"autor\" style=\"background-color: white; float: right; margin: -2px 0px 0px; padding: 0px; text-align: right; width: 160px;\"><span style=\"font-family: &quot;times&quot; , &quot;times new roman&quot; , serif; font-size: large;\">Autor:&nbsp;<span style=\"margin: 0px; padding: 0px;\">Ziarul National<\/span><\/span><\/span><\/div>\n<div><span style=\"font-family: &quot;times&quot; , &quot;times new roman&quot; , serif; font-size: large;\"><br \/><\/span><\/div>\n<div>\n<div style=\"background-color: white; padding: 0px 0px 15px;\"><span style=\"font-family: &quot;times&quot; , &quot;times new roman&quot; , serif; font-size: large;\"><br \/><\/span><\/div>\n<div style=\"background-color: white; padding: 0px 0px 15px;\"><span style=\"font-family: &quot;times&quot; , &quot;times new roman&quot; , serif; font-size: large;\"><br \/><\/span><\/div>\n<div style=\"background-color: white; padding: 0px 0px 15px;\"><span style=\"font-family: &quot;times&quot; , &quot;times new roman&quot; , serif; font-size: large;\">Fostul comandant al Brig\u0103zii cu destina\u021bie special\u0103 \u201eFulger\u201d, generalul Anton G\u0103murari, este convins c\u0103 acum 25 ani puteau fi prevenite v\u0103rs\u0103rile de s\u00e2nge \u00een r\u0103zboiul de pe Nistru \u0219i c\u0103 teritoriul din st\u00e2nga Nistrului putea s\u0103 fie controlat \u00een totalitate de autorit\u0103\u021bile constitu\u021bionale de la Chi\u0219in\u0103u. Declara\u021bii \u00een acest sens au fost f\u0103cute ast\u0103zi, \u00een cadrul unei Conferin\u021be dedicate \u00eemplinirii a 25 de ani de la \u00eenceputul ac\u021biunilor de lupt\u0103 pentru ap\u0103rarea integrit\u0103\u021bii teritoriale \u0219i independen\u021bei R. Moldova.<\/span><\/div>\n<div style=\"background-color: white; padding: 0px 0px 15px;\"><span style=\"font-family: &quot;times&quot; , &quot;times new roman&quot; , serif; font-size: large;\">G\u0103murari spune c\u0103 a mers de nenum\u0103rate ori la Tiraspol \u00eenaintea izbucnirii conflictului armat, iar cei de acolo se \u201eascundeau ca \u0219obolanii\u201d. Mai mult, acesta afirm\u0103 ca, dac\u0103 Chi\u0219in\u0103ul era mai ferm \u00een ac\u021biuni \u0219i decizii, atunci nu avea s\u0103 fie r\u0103zboi \u0219i s\u0103-\u0219i piard\u0103 via\u021ba sute de oameni. G\u0103murari a mai ad\u0103ugat c\u0103, atunci majoritatea popula\u021biei din st\u00e2nga Nistrului detesta gardi\u0219tii \u0219i cazacii adu\u0219i s\u0103 lupte contra R. Moldova, doar c\u0103 autorit\u0103\u021bile de la Chi\u0219in\u0103u nu au \u00eentreprins nimic: \u201eErau saci cu scrisori la Pre\u0219edin\u021bie. Oamenii solicitau ajutor, dar acesta nu a mai venit\u201d.<\/span><\/div>\n<div style=\"background-color: white; padding: 0px 0px 15px;\"><span style=\"font-family: &quot;times&quot; , &quot;times new roman&quot; , serif; font-size: large;\">\u00cen acela\u0219i context, generalul a subliniat c\u0103 pe teritoriul din dreapta Nistrului era suficient armament pentru a riposta atacurilor cazacilor \u0219i pu\u0219c\u0103ria\u0219ilor adu\u0219i de prin Rusia s\u0103 lupte, dar la Chi\u0219in\u0103u au fost luate, iar\u0103\u0219i, unele decizii controversate. Tot armamentul performant, aflat pe partea dreapt\u0103 a Nistrului, a fost evacuat de urgen\u021b\u0103.<\/span><\/div>\n<div style=\"background-color: white; padding: 0px 0px 15px;\"><span style=\"font-family: &quot;times&quot; , &quot;times new roman&quot; , serif; font-size: large;\">\u201eDe cei de la \u201eFulger\u201d se temeau to\u021bi. Chiar \u0219i generalul Lebedi a recunoscut c\u0103 doar \u00een luptele de la Tighina \u0219i-au pierdut via\u021ba 5 400 oameni de-ai s\u0103i. Eu cred c\u0103 au fost mai mul\u021bi, pentru c\u0103 cei \u00een uniforme negre, adic\u0103 pu\u0219c\u0103ria\u0219ii adu\u0219i s\u0103 lupte, erau pur \u0219i simplu arunca\u021bi \u00een Nistru. Ulterior, cetatea din Tighina a fost pierdut\u0103, pentru c\u0103 de la Chi\u0219in\u0103u veneau ordine controversate. Se spunea s\u0103 nu r\u0103spundem la focurile de arm\u0103, pentru ca mai apoi s\u0103 ni se repro\u0219eze de ce nu am reac\u021bionat\u201d, a povestit acesta.<\/span><\/div>\n<div style=\"background-color: white; padding: 0px 0px 15px;\"><span style=\"font-family: &quot;times&quot; , &quot;times new roman&quot; , serif; font-size: large;\">Pe final, Anton G\u0103murari a men\u021bionat c\u0103 nu-l va ierta niciodat\u0103 pe pre\u0219edintele Igor Dodon, care a depus flori la monumentul cazacilor din incinta cet\u0103\u021bii Tighina. \u201eAce\u0219ti cazaci au \u00eempu\u0219cat oameni, au siluit femei, ne-au ucis camarazii, iar el (pre\u0219edintele &#8211; n.r.) spune s\u0103 ne cerem scuze de la ei\u201d, a conchis generalul.<\/span><\/div>\n<div style=\"background-color: white; padding: 0px 0px 15px;\"><span style=\"font-family: &quot;times&quot; , &quot;times new roman&quot; , serif; font-size: large;\"><br \/><\/span><\/div>\n<div style=\"background-color: white; padding: 0px 0px 15px;\"><span style=\"color: black; font-family: &quot;times&quot; , &quot;times new roman&quot; , serif; font-size: large;\"><a href=\"https:\/\/www.ziarulnational.md\/video-generalul-gamurari-spune-ca-razboiul-din-transnistria-putea-fi-prevenit-dar-nu-s-a-dorit-asta\/\" target=\"_blank\" rel=\"noopener noreferrer\">sursa<\/a><\/span><\/p>\n<div class=\"separator\" style=\"clear: both; text-align: center;\"><img loading=\"lazy\" decoding=\"async\" border=\"0\" data-original-height=\"405\" data-original-width=\"720\" height=\"360\" src=\"http:\/\/rubyskynews.com\/wp-content\/uploads\/2019\/02\/51672259_2454586674616641_7150642311821524992_n-1.jpg\" width=\"640\" \/><\/div>\n<p><\/div>\n<\/div>\n<p><\/p>\n<div style=\"margin-top: 0px; margin-bottom: 0px;\" class=\"sharethis-inline-share-buttons\" ><\/div>","protected":false},"excerpt":{"rendered":"<p>Despre&nbsp; Biografia falsificat\u0103&nbsp; lui&nbsp;&nbsp;Plahotniuc&nbsp; \u00cen contextul sp\u0103l\u0103rii imaginii de mafiot se \u00eenscrie \u015fi&nbsp;biografia \u201edesenat\u0103\u201d pe blogul acestuia. De\u015fi aceasta a fost \u015flefuit\u0103 la greu, falsurile \u015fi neconcordan\u0163ele sunt evidente, \u00eencep\u00e2nd cu locul \u015fi data na\u015fterii acestuia, studiile \u015fi p\u00e2n\u0103 la ocupa\u0163iile obscure ale lui Plahotniuc \u00een tinere\u0163e. \u201eM-am n\u0103scut \u00een satul Pitu\u015fca, raionul C\u0103l\u0103ra\u015fi, dar [&hellip;]<\/p>\n","protected":false},"author":1,"featured_media":791,"comment_status":"open","ping_status":"closed","sticky":false,"template":"","format":"standard","meta":{"_monsterinsights_skip_tracking":false,"_monsterinsights_sitenote_active":false,"_monsterinsights_sitenote_note":"","_monsterinsights_sitenote_category":0,"footnotes":""},"categories":[1],"tags":[],"aioseo_notices":[],"yoast_head":"<!-- This site is optimized with the Yoast SEO plugin v21.1 - https:\/\/yoast.com\/wordpress\/plugins\/seo\/ -->\n<title>Biografia FALSIFICAT\u0102 a lui Plahotniuc! In 1992 adevarati patriotii isi riscau viata pentru integritatea teritoriala a Moldovei iar Plahotniuc se ocupa cu PROXENETISM! - Jobs\/ Internships\/ Scholarships\/<\/title>\n<meta name=\"robots\" content=\"index, follow, max-snippet:-1, max-image-preview:large, max-video-preview:-1\" \/>\n<link rel=\"canonical\" href=\"https:\/\/rubyskynews.com\/index.php\/2019\/02\/12\/biografia-falsificata-lui-plahotniuc-in\/\" \/>\n<meta property=\"og:locale\" content=\"en_US\" \/>\n<meta property=\"og:type\" content=\"article\" \/>\n<meta property=\"og:title\" content=\"Biografia FALSIFICAT\u0102 a lui Plahotniuc! In 1992 adevarati patriotii isi riscau viata pentru integritatea teritoriala a Moldovei iar Plahotniuc se ocupa cu PROXENETISM! - Jobs\/ Internships\/ Scholarships\/\" \/>\n<meta property=\"og:description\" content=\"Despre&nbsp; Biografia falsificat\u0103&nbsp; lui&nbsp;&nbsp;Plahotniuc&nbsp; \u00cen contextul sp\u0103l\u0103rii imaginii de mafiot se \u00eenscrie \u015fi&nbsp;biografia \u201edesenat\u0103\u201d pe blogul acestuia. De\u015fi aceasta a fost \u015flefuit\u0103 la greu, falsurile \u015fi neconcordan\u0163ele sunt evidente, \u00eencep\u00e2nd cu locul \u015fi data na\u015fterii acestuia, studiile \u015fi p\u00e2n\u0103 la ocupa\u0163iile obscure ale lui Plahotniuc \u00een tinere\u0163e. \u201eM-am n\u0103scut \u00een satul Pitu\u015fca, raionul C\u0103l\u0103ra\u015fi, dar [&hellip;]\" \/>\n<meta property=\"og:url\" content=\"https:\/\/rubyskynews.com\/index.php\/2019\/02\/12\/biografia-falsificata-lui-plahotniuc-in\/\" \/>\n<meta property=\"og:site_name\" content=\"Jobs\/ Internships\/ Scholarships\/\" \/>\n<meta property=\"article:published_time\" content=\"2019-02-12T06:04:00+00:00\" \/>\n<meta property=\"article:modified_time\" content=\"2020-09-25T01:33:10+00:00\" \/>\n<meta property=\"og:image\" content=\"https:\/\/rubyskynews.com\/wp-content\/uploads\/2019\/02\/646x404-3.jpg\" \/>\n\t<meta property=\"og:image:width\" content=\"646\" \/>\n\t<meta property=\"og:image:height\" content=\"404\" \/>\n\t<meta property=\"og:image:type\" content=\"image\/jpeg\" \/>\n<meta name=\"author\" content=\"eurointern\" \/>\n<meta name=\"twitter:card\" content=\"summary_large_image\" \/>\n<meta name=\"twitter:label1\" content=\"Written by\" \/>\n\t<meta name=\"twitter:data1\" content=\"eurointern\" \/>\n\t<meta name=\"twitter:label2\" content=\"Est. reading time\" \/>\n\t<meta name=\"twitter:data2\" content=\"14 minutes\" \/>\n<script type=\"application\/ld+json\" class=\"yoast-schema-graph\">{\"@context\":\"https:\/\/schema.org\",\"@graph\":[{\"@type\":\"WebPage\",\"@id\":\"https:\/\/rubyskynews.com\/index.php\/2019\/02\/12\/biografia-falsificata-lui-plahotniuc-in\/\",\"url\":\"https:\/\/rubyskynews.com\/index.php\/2019\/02\/12\/biografia-falsificata-lui-plahotniuc-in\/\",\"name\":\"Biografia FALSIFICAT\u0102 a lui Plahotniuc! In 1992 adevarati patriotii isi riscau viata pentru integritatea teritoriala a Moldovei iar Plahotniuc se ocupa cu PROXENETISM! - Jobs\/ Internships\/ Scholarships\/\",\"isPartOf\":{\"@id\":\"https:\/\/rubyskynews.com\/#website\"},\"datePublished\":\"2019-02-12T06:04:00+00:00\",\"dateModified\":\"2020-09-25T01:33:10+00:00\",\"author\":{\"@id\":\"https:\/\/rubyskynews.com\/#\/schema\/person\/2bf02c24278f4ce807817c8f91add34d\"},\"breadcrumb\":{\"@id\":\"https:\/\/rubyskynews.com\/index.php\/2019\/02\/12\/biografia-falsificata-lui-plahotniuc-in\/#breadcrumb\"},\"inLanguage\":\"en-US\",\"potentialAction\":[{\"@type\":\"ReadAction\",\"target\":[\"https:\/\/rubyskynews.com\/index.php\/2019\/02\/12\/biografia-falsificata-lui-plahotniuc-in\/\"]}]},{\"@type\":\"BreadcrumbList\",\"@id\":\"https:\/\/rubyskynews.com\/index.php\/2019\/02\/12\/biografia-falsificata-lui-plahotniuc-in\/#breadcrumb\",\"itemListElement\":[{\"@type\":\"ListItem\",\"position\":1,\"name\":\"Home\",\"item\":\"https:\/\/rubyskynews.com\/\"},{\"@type\":\"ListItem\",\"position\":2,\"name\":\"Biografia FALSIFICAT\u0102 a lui Plahotniuc! In 1992 adevarati patriotii isi riscau viata pentru integritatea teritoriala a Moldovei iar Plahotniuc se ocupa cu PROXENETISM!\"}]},{\"@type\":\"WebSite\",\"@id\":\"https:\/\/rubyskynews.com\/#website\",\"url\":\"https:\/\/rubyskynews.com\/\",\"name\":\"Jobs\/ Internships\/ Scholarships\/\",\"description\":\"Internships\/ Scholarships\/  Grants\",\"potentialAction\":[{\"@type\":\"SearchAction\",\"target\":{\"@type\":\"EntryPoint\",\"urlTemplate\":\"https:\/\/rubyskynews.com\/?s={search_term_string}\"},\"query-input\":\"required name=search_term_string\"}],\"inLanguage\":\"en-US\"},{\"@type\":\"Person\",\"@id\":\"https:\/\/rubyskynews.com\/#\/schema\/person\/2bf02c24278f4ce807817c8f91add34d\",\"name\":\"eurointern\",\"image\":{\"@type\":\"ImageObject\",\"inLanguage\":\"en-US\",\"@id\":\"https:\/\/rubyskynews.com\/#\/schema\/person\/image\/\",\"url\":\"https:\/\/secure.gravatar.com\/avatar\/4ba0ee69eda3e0c9ec9a3c49a6c7a82b?s=96&d=mm&r=g\",\"contentUrl\":\"https:\/\/secure.gravatar.com\/avatar\/4ba0ee69eda3e0c9ec9a3c49a6c7a82b?s=96&d=mm&r=g\",\"caption\":\"eurointern\"},\"sameAs\":[\"http:\/\/rubyskynews.com\"],\"url\":\"https:\/\/rubyskynews.com\/index.php\/author\/eurointern28gmail-com\/\"}]}<\/script>\n<!-- \/ Yoast SEO plugin. -->","yoast_head_json":{"title":"Biografia FALSIFICAT\u0102 a lui Plahotniuc! In 1992 adevarati patriotii isi riscau viata pentru integritatea teritoriala a Moldovei iar Plahotniuc se ocupa cu PROXENETISM! - Jobs\/ Internships\/ Scholarships\/","robots":{"index":"index","follow":"follow","max-snippet":"max-snippet:-1","max-image-preview":"max-image-preview:large","max-video-preview":"max-video-preview:-1"},"canonical":"https:\/\/rubyskynews.com\/index.php\/2019\/02\/12\/biografia-falsificata-lui-plahotniuc-in\/","og_locale":"en_US","og_type":"article","og_title":"Biografia FALSIFICAT\u0102 a lui Plahotniuc! In 1992 adevarati patriotii isi riscau viata pentru integritatea teritoriala a Moldovei iar Plahotniuc se ocupa cu PROXENETISM! - Jobs\/ Internships\/ Scholarships\/","og_description":"Despre&nbsp; Biografia falsificat\u0103&nbsp; lui&nbsp;&nbsp;Plahotniuc&nbsp; \u00cen contextul sp\u0103l\u0103rii imaginii de mafiot se \u00eenscrie \u015fi&nbsp;biografia \u201edesenat\u0103\u201d pe blogul acestuia. De\u015fi aceasta a fost \u015flefuit\u0103 la greu, falsurile \u015fi neconcordan\u0163ele sunt evidente, \u00eencep\u00e2nd cu locul \u015fi data na\u015fterii acestuia, studiile \u015fi p\u00e2n\u0103 la ocupa\u0163iile obscure ale lui Plahotniuc \u00een tinere\u0163e. \u201eM-am n\u0103scut \u00een satul Pitu\u015fca, raionul C\u0103l\u0103ra\u015fi, dar [&hellip;]","og_url":"https:\/\/rubyskynews.com\/index.php\/2019\/02\/12\/biografia-falsificata-lui-plahotniuc-in\/","og_site_name":"Jobs\/ Internships\/ Scholarships\/","article_published_time":"2019-02-12T06:04:00+00:00","article_modified_time":"2020-09-25T01:33:10+00:00","og_image":[{"width":646,"height":404,"url":"https:\/\/rubyskynews.com\/wp-content\/uploads\/2019\/02\/646x404-3.jpg","type":"image\/jpeg"}],"author":"eurointern","twitter_card":"summary_large_image","twitter_misc":{"Written by":"eurointern","Est. reading time":"14 minutes"},"schema":{"@context":"https:\/\/schema.org","@graph":[{"@type":"WebPage","@id":"https:\/\/rubyskynews.com\/index.php\/2019\/02\/12\/biografia-falsificata-lui-plahotniuc-in\/","url":"https:\/\/rubyskynews.com\/index.php\/2019\/02\/12\/biografia-falsificata-lui-plahotniuc-in\/","name":"Biografia FALSIFICAT\u0102 a lui Plahotniuc! In 1992 adevarati patriotii isi riscau viata pentru integritatea teritoriala a Moldovei iar Plahotniuc se ocupa cu PROXENETISM! - Jobs\/ Internships\/ Scholarships\/","isPartOf":{"@id":"https:\/\/rubyskynews.com\/#website"},"datePublished":"2019-02-12T06:04:00+00:00","dateModified":"2020-09-25T01:33:10+00:00","author":{"@id":"https:\/\/rubyskynews.com\/#\/schema\/person\/2bf02c24278f4ce807817c8f91add34d"},"breadcrumb":{"@id":"https:\/\/rubyskynews.com\/index.php\/2019\/02\/12\/biografia-falsificata-lui-plahotniuc-in\/#breadcrumb"},"inLanguage":"en-US","potentialAction":[{"@type":"ReadAction","target":["https:\/\/rubyskynews.com\/index.php\/2019\/02\/12\/biografia-falsificata-lui-plahotniuc-in\/"]}]},{"@type":"BreadcrumbList","@id":"https:\/\/rubyskynews.com\/index.php\/2019\/02\/12\/biografia-falsificata-lui-plahotniuc-in\/#breadcrumb","itemListElement":[{"@type":"ListItem","position":1,"name":"Home","item":"https:\/\/rubyskynews.com\/"},{"@type":"ListItem","position":2,"name":"Biografia FALSIFICAT\u0102 a lui Plahotniuc! In 1992 adevarati patriotii isi riscau viata pentru integritatea teritoriala a Moldovei iar Plahotniuc se ocupa cu PROXENETISM!"}]},{"@type":"WebSite","@id":"https:\/\/rubyskynews.com\/#website","url":"https:\/\/rubyskynews.com\/","name":"Jobs\/ Internships\/ Scholarships\/","description":"Internships\/ Scholarships\/  Grants","potentialAction":[{"@type":"SearchAction","target":{"@type":"EntryPoint","urlTemplate":"https:\/\/rubyskynews.com\/?s={search_term_string}"},"query-input":"required name=search_term_string"}],"inLanguage":"en-US"},{"@type":"Person","@id":"https:\/\/rubyskynews.com\/#\/schema\/person\/2bf02c24278f4ce807817c8f91add34d","name":"eurointern","image":{"@type":"ImageObject","inLanguage":"en-US","@id":"https:\/\/rubyskynews.com\/#\/schema\/person\/image\/","url":"https:\/\/secure.gravatar.com\/avatar\/4ba0ee69eda3e0c9ec9a3c49a6c7a82b?s=96&d=mm&r=g","contentUrl":"https:\/\/secure.gravatar.com\/avatar\/4ba0ee69eda3e0c9ec9a3c49a6c7a82b?s=96&d=mm&r=g","caption":"eurointern"},"sameAs":["http:\/\/rubyskynews.com"],"url":"https:\/\/rubyskynews.com\/index.php\/author\/eurointern28gmail-com\/"}]}},"_links":{"self":[{"href":"https:\/\/rubyskynews.com\/index.php\/wp-json\/wp\/v2\/posts\/790"}],"collection":[{"href":"https:\/\/rubyskynews.com\/index.php\/wp-json\/wp\/v2\/posts"}],"about":[{"href":"https:\/\/rubyskynews.com\/index.php\/wp-json\/wp\/v2\/types\/post"}],"author":[{"embeddable":true,"href":"https:\/\/rubyskynews.com\/index.php\/wp-json\/wp\/v2\/users\/1"}],"replies":[{"embeddable":true,"href":"https:\/\/rubyskynews.com\/index.php\/wp-json\/wp\/v2\/comments?post=790"}],"version-history":[{"count":0,"href":"https:\/\/rubyskynews.com\/index.php\/wp-json\/wp\/v2\/posts\/790\/revisions"}],"wp:featuredmedia":[{"embeddable":true,"href":"https:\/\/rubyskynews.com\/index.php\/wp-json\/wp\/v2\/media\/791"}],"wp:attachment":[{"href":"https:\/\/rubyskynews.com\/index.php\/wp-json\/wp\/v2\/media?parent=790"}],"wp:term":[{"taxonomy":"category","embeddable":true,"href":"https:\/\/rubyskynews.com\/index.php\/wp-json\/wp\/v2\/categories?post=790"},{"taxonomy":"post_tag","embeddable":true,"href":"https:\/\/rubyskynews.com\/index.php\/wp-json\/wp\/v2\/tags?post=790"}],"curies":[{"name":"wp","href":"https:\/\/api.w.org\/{rel}","templated":true}]}}