{"id":28229,"date":"2011-02-23T12:10:00","date_gmt":"2011-02-23T12:10:00","guid":{"rendered":""},"modified":"2020-09-25T09:50:02","modified_gmt":"2020-09-25T09:50:02","slug":"nato-ucraina-cadrul-de-cooperare","status":"publish","type":"post","link":"https:\/\/rubyskynews.com\/index.php\/2011\/02\/23\/nato-ucraina-cadrul-de-cooperare\/","title":{"rendered":"NATO \u2013 Ucraina: cadrul de cooperare politic\u0103."},"content":{"rendered":"<div style=\"margin-top: 0px; margin-bottom: 0px;\" class=\"sharethis-inline-share-buttons\" ><\/div><div class=\"MsoNormal\" style=\"line-height: 150%; text-align: justify;\"><span style=\"font-size: 12pt; line-height: 150%;\">Ucraina  se afl\u0103 la o r\u0103scruce de drumuri \u00een rela\u0163iile sale cu NATO. Prima  dintre op\u0163iuni ar putea conduce la aderare \u015fi ofer\u0103 Ucrainei perspectiva  devenirii unui stat european cu o orientare pro-occidental\u0103, protejat  \u00eempotriva amenin\u0163\u0103rilor la adresa suveranit\u0103\u0163ii \u015fi securit\u0103\u0163ii sale  na\u0163ionale. Cea de a doua ar putea determina Ucraina s\u0103 renun\u0163e la  aspira\u0163iile sale de integrare euro-atlantic\u0103, av\u00e2nd astfel rezultate mai  pu\u0163in certe. De\u015fi perioada imediat urm\u0103toare de dup\u0103 Revolu\u0163ia  Portocalie a fost martora unui start promi\u0163\u0103tor pe calea spre aderarea  la NATO, acest proces a fost \u00eencetinit ulterior, datorit\u0103  incertitudinilor politice din Ucraina, care au ap\u0103rut odat\u0103 cu alegerile  parlamentare din 2006 \u015fi formarea noului guvern.<a href=\"\" name=\"more\"><\/a> <\/span><\/div>\n<p><\/p>\n<div class=\"MsoNormal\" style=\"line-height: 150%; text-align: justify;\"><span style=\"font-size: 12pt; line-height: 150%;\">\u00cen  2007, NATO \u015fi Ucraina celebreaz\u0103 cea de a zecea aniversare a Cartei  pentru un Parteneriat Distinct, semnat\u0103 de alia\u0163i \u015fi liderii ucraineni  cu prilejul unui Summit desf\u0103\u015furat la Madrid, \u00een iulie 1997. Carta  identific\u0103 domeniile de consult\u0103ri \u015fi cooperare \u015fi stabile\u015fte  \u00eenfiin\u0163area Comisiei NATO-Ucraina \u00een vederea realiz\u0103rii \u00een continuare de  progrese \u00een cadrul activit\u0103\u0163ii. \u00cencep\u00e2nd de atunci, rela\u0163ia s-a  dezvoltat gradual \u015fi a fost realizat un model bine definit de dialog \u015fi  cooperare \u00eentr-o gam\u0103 larg\u0103 de domenii. De remarcat, Ucraina s-a dovedit  un contributor important la securitatea euro-atlantic\u0103 \u00een cadrul  opera\u0163iilor conduse de NATO. Un aspect semnificativ al rela\u0163iilor \u00eel  reprezint\u0103 sprijinul oferit de NATO sau de diferi\u0163i alia\u0163i pentru  eforturile continue ale Ucrainei \u00een domeniul reformelor, \u00een special \u00een  sectorul ap\u0103r\u0103rii \u015fi cel al securit\u0103\u0163ii. Aceste reforme sunt vitale  pentru dezvoltarea democratic\u0103 a \u0163\u0103rii \u015fi atingerea obiectivului  acesteia de a se integra mai mult \u00een structurile euro-atlantice. NATO \u015fi  Ucraina sunt de asemenea angajate \u00eentr-un Dialog Intensificat privind  aspira\u0163iile de aderare ale Ucrainei \u015fi reformele legate de acestea.  Acest Dialog nu garanteaz\u0103 ob\u0163inerea invita\u0163iei de aderare la Alian\u0163\u0103 \u015fi  nu va influen\u0163a o decizie final\u0103 a Alian\u0163ei \u00een aceast\u0103 privin\u0163\u0103. O  astfel de invita\u0163ie se va baza pe performan\u0163ele Ucrainei \u00een  implementarea obiectivelor cheie ale reformelor. \u00cen cele din urm\u0103,  depinde de poporul \u015fi de liderii ale\u015fi din Ucraina s\u0103 determine,  printr-o discu\u0163ie deschis\u0103 \u015fi constructiv\u0103, viitorul rela\u0163iilor acestei  \u0163\u0103ri cu NATO. Aderarea la NATO ar putea oferi garan\u0163ii solide pentru  p\u0103strarea suveranit\u0103\u0163ii Ucrainei, precum \u015fi a identit\u0103\u0163ii na\u0163ionale \u015fi a  integrit\u0103\u0163ii sale teritoriale, contribuind totodat\u0103 la consolidarea \u015fi  continuarea reformelor democratice din aceast\u0103 \u0163ar\u0103 <\/span><\/div>\n<p><\/p>\n<div class=\"MsoNormal\" style=\"line-height: 150%; text-align: justify;\"><span style=\"font-size: 12pt; line-height: 150%;\">Realizarea  \u00een continuare de progrese \u00een vederea atingerii standardelor democratice  euro-atlantice ar proteja \u015fi \u00eencuraja dezvoltarea cultural\u0103 a  popula\u0163iei majoritare \u015fi a minorit\u0103\u0163ilor, precum \u015fi evolu\u0163ia societ\u0103\u0163ii  civile ucrainene <\/span><\/div>\n<p><\/p>\n<div class=\"MsoNormal\" style=\"line-height: 150%; text-align: justify;\"><span style=\"font-size: 12pt; line-height: 150%;\">Aderarea  la NATO este \u00een interesul strategic al Ucrainei \u015fi reprezint\u0103 \u00een  acela\u015fi timp o op\u0163iune social\u0103 major\u0103. Aceasta ar putea oferi garan\u0163ii  solide pentru p\u0103strarea suveranit\u0103\u0163ii Ucrainei, precum \u015fi a identit\u0103\u0163ii  na\u0163ionale \u015fi a integrit\u0103\u0163ii sale teritoriale, contribuind totodat\u0103 la  consolidarea \u015fi continuarea reformelor democratice din aceast\u0103 \u0163ar\u0103.  Realizarea \u00een continuare de progrese \u00een vederea atingerii standardelor  democratice euro-atlantice ar proteja \u015fi \u00eencuraja de asemenea  dezvoltarea cultural\u0103 a popula\u0163iei majoritare \u015fi a minorit\u0103\u0163ilor, precum  \u015fi evolu\u0163ia societ\u0103\u0163ii civile ucrainene. Alternativa la integrarea  euro-atlantic\u0103 o constituie Comunitatea Statelor Independente (CIS) din  Eurasia, ai c\u0103rei membri includ \u00een prezent c\u00e2teva state caracterizate de  regimuri totalitare sau semi-totalitare, economii gri \u015fi societ\u0103\u0163i  civile marginalizate sau sub-dezvoltate. Alegerea acestei op\u0163iuni ar fi  salutat\u0103 de cei care consider\u0103 c\u0103 independen\u0163a Ucrainei este \u00eendreptat\u0103  \u00eempotriva intereselor geopolitice vitale ale Rusiei, precum \u015fi \u00eempotriva  eforturilor sale de a-\u015fi redob\u00e2ndi statutul de mare putere. Interesul  Ucrainei pentru integrarea euro-atlantic\u0103 a condus la o cooperare mai  str\u00e2ns\u0103 cu Alian\u0163a. \u00cen orice caz \u00eens\u0103, viitoarea accedere a Ucrainei la  Alian\u0163\u0103 va depinde \u00een cele din urm\u0103 de capacitatea acestei \u0163\u0103ri de a  \u00eendeplini standardele de aderare \u015fi de voin\u0163a politic\u0103 intern\u0103 de a  progresa. <\/span><\/div>\n<p><\/p>\n<div class=\"MsoNormal\" style=\"line-height: 150%; text-align: justify;\"><span style=\"font-size: 12pt; line-height: 150%;\">Prima  declara\u0163ie referitoare la inten\u0163ia Ucrainei de a-\u015fi spori gradul de  integrare \u00een structurile euro-atlantice a fost prezentat\u0103 cu zece ani \u00een  urm\u0103, \u00een Carta NATO-Ucraina pentru un Parteneriat Distinct, care a  permis \u00eenfiin\u0163area Comisiei NATO-Ucraina (NUC) \u015fi a identificat  domeniile de consultare \u015fi cooperare. Totu\u015fi, cooperarea \u00een vederea  realiz\u0103rii de progrese \u00een atingerea de c\u0103tre Ucraina a obiectivelor sale  de integrare euro-atlantic\u0103 a primit o orientare mai accentuat\u0103 odat\u0103  cu adoptarea Planului de Ac\u0163iune NATO-Ucraina \u00een noiembrie 2002. Planul  de Ac\u0163iune urm\u0103re\u015fte s\u0103 ad\u00e2nceasc\u0103 \u015fi s\u0103 extind\u0103 rela\u0163ia NATO-Ucraina,  precum \u015fi s\u0103 sprijine eforturile Ucrainei \u00een domeniul reformelor, pe  drumul c\u0103tre integrarea deplin\u0103 \u00een structurile euro-atlantice. Acesta  stabile\u015fte obiective specifice privind aspectele politice \u015fi economice,  de ap\u0103rare \u015fi militare, de informa\u0163ii \u015fi juridice. La \u00eendeplinirea  acestora contribuie Planurile Anuale de Obiective, \u00een cadrul c\u0103rora  Ucraina \u00ee\u015fi fixeaz\u0103 propriile obiective pentru activit\u0103\u0163ile pe care  inten\u0163ioneaz\u0103 s\u0103 le desf\u0103\u015foare at\u00e2t \u00een plan intern, c\u00e2t \u015fi \u00een cooperare  cu NATO. <\/span><\/div>\n<p><\/p>\n<div class=\"MsoNormal\" style=\"line-height: 150%; text-align: justify;\"><span style=\"font-size: 12pt; line-height: 150%;\">Planul  de Ac\u0163iune nu va conduce \u00een mod direct la aderare. Totu\u015fi,  implementarea sa cu succes este privit\u0103 ca un element precursor al  invita\u0163iei de includere \u00een Planul de Ac\u0163iune pentru Aderare al NATO \u015fi  poate ajuta Ucraina s\u0103 avanseze \u00een realizarea cerin\u0163elor pe care trebuie  s\u0103 le \u00eendeplineasc\u0103 o \u0163ar\u0103 candidat\u0103 la NATO. Revolu\u0163ia Portocalie a  adus o nou\u0103 conducere ucrainean\u0103 sub pre\u015fedintele Victor Iu\u015fcenko, care a  plasat aderarea la NATO la v\u00e2rful priorit\u0103\u0163ilor sale de politic\u0103  extern\u0103. Acest fapt i-a determinat pe alia\u0163i s\u0103 invite Ucraina s\u0103  \u00eenceap\u0103 un Dialog Intensificat privind aspira\u0163iile sale de aderare \u015fi  reformele asociate acestora, la \u00eent\u00e2lnirea NUC a mini\u015ftrilor afacerilor  externe, desf\u0103\u015furat\u0103 la Vilnius, Lituania, \u00een aprilie 2005. Scopul  acestui dialog este de a oferi oficialilor ucraineni ocazia s\u0103 afle mai  multe despre ce se a\u015fteapt\u0103 din partea Ucrainei ca poten\u0163ial membru al  Alian\u0163ei, precum \u015fi de a permite NATO s\u0103 evalueze reformele \u015fi  capabilit\u0103\u0163ile ucrainene. \u00cen paralel cu lansarea Dialogului  Intensificat, mini\u015ftrii de externe ucrainean \u015fi alia\u0163i au convenit un  pachet de ac\u0163iuni pe termen scurt pentru a ajuta Ucraina s\u0103 avanseze \u00een  procesul de reform\u0103. Acest pachet acoper\u0103 o gam\u0103 larg\u0103 de domenii, cum  ar fi consolidarea institu\u0163iilor democratice, sporirea dialogului  politic, intensificarea reformelor \u00een sectorul ap\u0103r\u0103rii \u015fi securit\u0103\u0163ii,  gestionarea consecin\u0163elor sociale \u015fi economice ale reformelor \u015fi  \u00eembun\u0103t\u0103\u0163irea inform\u0103rii publice. \u00cen vederea perfec\u0163ion\u0103rii coordon\u0103rii  interne a implement\u0103rii de c\u0103tre Ucraina a activit\u0103\u0163ilor convenite \u00een  cadrul cooper\u0103rii NATO-Ucraina, pre\u015fedintele Victor Iu\u015fcenko a semnat,  la 27 decembrie 2005, un decret prin care adjunc\u0163ilor autorit\u0103\u0163ilor  executive centrale le-au fost repartizate responsabilit\u0103\u0163i specifice.  Pre\u015fedintele a \u00eens\u0103rcinat Cabinetul de mini\u015ftri s\u0103 consolideze  cooperarea \u00eentre autorit\u0103\u0163ile executive \u015fi parlament, acord\u00e2nd  prioritate rela\u0163iilor cu NATO \u015fi populariz\u0103rii beneficiilor pe care  aceast\u0103 cooperare le aduce Ucrainei. <\/span><\/div>\n<p><\/p>\n<div class=\"MsoNormal\" style=\"line-height: 150%; text-align: justify;\"><span style=\"font-size: 12pt; line-height: 150%;\">La  \u00eent\u00e2lnirea de la Budapesta, Ungaria, din ianuarie 2006, mini\u015ftrii  ap\u0103r\u0103rii din Republica Ceh\u0103, Ungaria, Polonia \u015fi Slovacia au anun\u0163at c\u0103  \u0163\u0103rile lor sunt gata s\u0103 sprijine progresele Ucrainei pe calea c\u0103tre  aderarea la NATO. Ministrul ungar al ap\u0103r\u0103rii, Ferenc Yukhas, a declarat  dup\u0103 \u00eent\u00e2lnirea cvadripartit\u0103 urm\u0103toarele: \u201eapreciem c\u0103 este o sarcin\u0103  important\u0103 pentru noi s\u0103 ajut\u0103m Ucraina s\u0103 avanseze pe drumul s\u0103u spre  integrare \u015fi aderarea la NATO\u201d. Cele patru \u0163\u0103ri au anun\u0163at c\u0103 vor  organiza un comitet special pentru sprijinirea reformei militare  ucrainene. O lun\u0103 mai t\u00e2rziu, \u00een februarie 2006, pre\u015fedintele Victor  Iu\u015fcenko a reiterat la Bruxelles, Belgia, faptul c\u0103 Ucraina era  preg\u0103tit\u0103 s\u0103 fie inclus\u0103 \u00een Planul de Ac\u0163iune pentru Aderare (MAP). \u00cen  martie, \u00een continuarea acestei declara\u0163ii, el a emis un decret prin care  stabilea o comisie inter-agen\u0163ii \u00een vederea preg\u0103tirii Ucrainei pentru  aderarea la NATO. Aceast\u0103 structur\u0103 poate alc\u0103tui grup\u0103ri de for\u0163e cu  destina\u0163ie special\u0103 pentru direc\u0163ii specifice ale cooper\u0103rii \u00eentre  Ucraina \u015fi NATO, fiind prezidat\u0103 de coordonatori relevan\u0163i la nivel  na\u0163ional. Consiliul Na\u0163ional de Securitate \u015fi Ap\u0103rare este responsabil  pentru definirea obiectivelor strategice \u015fi a abord\u0103rilor conceptuale  privind cooperarea Ucraina-NATO, precum \u015fi pentru transmiterea unor  propuneri relevante c\u0103tre pre\u015fedinte. Guvernul este responsabil pentru  implementarea politicii na\u0163ionale \u00een domeniul cooper\u0103rii Ucraina-NATO,  \u00een special \u00een ceea ce prive\u015fte \u00eendeplinirea criteriilor de aderare.  Participarea la MAP ar permite Ucrainei s\u0103 se preg\u0103teasc\u0103 mai bine  pentru aderarea la NATO, prin intermediul asisten\u0163ei tehnice \u015fi a  consilierii practice primite din partea Alian\u0163ei. Totu\u015fi, aceasta nu ar  garanta aderarea, o invita\u0163ie \u00een acest sens depinz\u00e2nd de capacitatea  \u0163\u0103rii de a \u00eendeplini criteriile de aderare. \u00cen cadrul MAP, Programele  Na\u0163ionale Anuale sunt orientate spre un num\u0103r de cerin\u0163e pentru \u0163\u0103rile  aspirante, inclusiv \u00een domeniile politic, economic, de resurse, juridic  \u015fi de securitate. \u0162\u0103rile aspirante trebuie s\u0103 demonstreze existen\u0163a unui  sistem politic democratic func\u0163ional bazat pe economia de pia\u0163\u0103,  aplicarea unui tratament corect pentru minorit\u0103\u0163i, angajamentul pentru  rezolvarea pa\u015fnic\u0103 a disputelor cu vecinii, abilitatea \u015fi voin\u0163a s\u0103  contribuie din punct de vedere militar la Alian\u0163\u0103 \u015fi angajamentul pentru  structurile \u015fi rela\u0163iile civili-militari democratice. . \u00cen martie 2006,  ministrul ucrainean al ap\u0103r\u0103rii, Anatoliy Grytsenko, \u015fi-a exprimat  opina potrivit c\u0103reia dac\u0103 Ucraina ac\u0163ioneaz\u0103 cu adev\u0103rat pentru  \u00eendeplinirea acestor cerin\u0163e \u015fi alia\u0163ii sunt de acord, \u201edecizia privind  acordarea Ucrainei a statutului de stat membru ar putea fi luat\u0103 \u00een  timpul cel mai scurt. Ucrainei i se va permite parcurgerea unei perioade  de tranzi\u0163ie pentru \u00eencheierea activit\u0103\u0163ilor de preg\u0103tire, care va dura  \u00eentre un an \u015fi jum\u0103tate \u015fi doi ani\u2026 Din acest motiv, aderarea cu  drepturi depline este posibil\u0103 \u00een 2010, dar aceasta reprezint\u0103 doar o  estimare. Via\u0163a poate aduce schimb\u0103ri.\u201d Desigur, una dintre  dificult\u0103\u0163ile majore \u00een calea includerii Ucrainei \u00een MAP o reprezint\u0103  reticen\u0163a semnificativ\u0103 a publicului de a avansa \u2013 potrivit sondajelor  de opinie, numai cca. 20% din popula\u0163ie sprijin\u0103 cu adev\u0103rat aderarea la  NATO, \u00een timp ce aproximativ 54% dintre cet\u0103\u0163eni se opun acesteia.  Stereotipurile \u00eenvechite \u015fi contraproductive privind NATO sunt \u00eenc\u0103  prezente la nivelul multor ucraineni. Totu\u015fi, ministrul ap\u0103r\u0103rii \u015fi-a  exprimat de asemenea \u00eencrederea c\u0103 opinia public\u0103 va fi preg\u0103tit\u0103 s\u0103  sprijine decizia de aderare la NATO a Ucrainei, atunci c\u00e2nd aceasta va  fi luat\u0103. <\/span><\/div>\n<p><\/p>\n<div class=\"MsoNormal\" style=\"line-height: 150%; text-align: justify;\"><span style=\"font-size: 12pt; line-height: 150%;\">Prin  desf\u0103\u015furarea unor alegeri parlamentare corecte \u015fi democratice \u00een martie  2006, Ucraina a trecut cu succes testul cheie pentru aderarea la NATO.  Astfel, faptul c\u0103 rezultatul acelor alegeri a fost redus semnificativ \u00een  ceea ce prive\u015fte ritmul progresului spre atingerea acestui obiectiv  reprezint\u0103 o ironie. Au trebuit s\u0103 treac\u0103 luni de agita\u0163ie \u00een plan  politic pentru ca un nou guvern s\u0103 poat\u0103 fi format. \u00cen aceast\u0103 perioad\u0103,  sentimentele anti-NATO \u00een r\u00e2ndul popula\u0163iei au fost exploatate pentru  c\u00e2\u015ftigarea de capital politic, fiind provocate demonstra\u0163ii \u00eempotriva  exerci\u0163iului SUA-Ucraina Sea Breeze din vara lui 2006. \u201eCoali\u0163ia  Anti-Criz\u0103\u201d care s-a format \u00een cele din urm\u0103, av\u00e2ndu-l ca premier pe  Victor Ianukovici, a fr\u00e2nat apropierea de momentul ader\u0103rii la NATO \u015fi a  f\u0103cut ca \u00eembun\u0103t\u0103\u0163irea rela\u0163iilor cu Rusia s\u0103 devin\u0103 o prioritate. Cu  prilejul vizitei de la Cartierul General al NATO din septembrie,  premierul Victor Ianukovici i-a reasigurat pe alia\u0163i c\u0103 Ucraina este  hot\u0103r\u00e2t\u0103 s\u0103 dezvolte rela\u0163ii mai str\u00e2nse cu NATO, prin intermediul unei  cooper\u0103ri continue. Dar a afirmat c\u0103 popula\u0163ia ucrainean\u0103 nu este \u00eenc\u0103  preg\u0103tit\u0103 s\u0103 ia \u00een considerare includerea \u00een MAP \u015fi c\u0103 tema ader\u0103rii va  trebui \u00een cele din urm\u0103 supus\u0103 unui referendum. Totu\u015fi, el a promis c\u0103  guvernul ucrainean va lansa o campanie major\u0103 de informare public\u0103  pentru a explica ce \u00eenseamn\u0103 NATO \u015fi cooperarea Alian\u0163ei cu Ucraina. \u00cen  acela\u015fi timp, pre\u015fedintele Iu\u015fcenko a continuat s\u0103 ac\u0163ioneze \u00een vederea  realiz\u0103rii de progrese pe calea spre aderare. Dar este cert c\u0103 \u00een timpul  mandatului Coali\u0163iei Anti-Criz\u0103 am fost martorii at\u00e2t ai unei schimb\u0103ri  de ritm, c\u00e2t \u015fi ai unei schimb\u0103ri \u00een limbajul folosit. Liderii politici  tind s\u0103 se refere mai cur\u00e2nd la \u201ecooperarea\u201d cu NATO dec\u00e2t la  \u201eintegrare\u201d. <\/span><\/div>\n<p><\/p>\n<div class=\"MsoNormal\" style=\"line-height: 150%; text-align: justify;\"><span style=\"font-size: 12pt; line-height: 150%;\">Complic\u00e2nd  \u015fi mai mult lucrurile, Rusia a avertizat Ucraina asupra costurilor  poten\u0163iale ale ader\u0103rii la NATO. Pe timpul vizitei sale la Kiev, \u00een  decembrie 2006, ministrul rus al ap\u0103r\u0103rii, Serghei Ivanov, a transmis un  avertisment privind \u201econsecin\u0163ele negative ale ader\u0103rii Ucrainei la  NATO\u201d asupra rela\u0163iilor cu Rusia, de\u015fi a recunoscut \u201edreptul suveran al  Ucrainei de a-\u015fi alege vectorii majori ai propriei politici de  securitate\u201d. \u00cen mod evident, incertitudinile politice din ultimii ani  din Ucraina \u015fi ruptura perpetu\u0103 dintre tab\u0103ra pre\u015fedintelui \u015fi ce a  premierului au un impact negativ asupra nivelului cooper\u0103rii cu NATO.  Acest lucru a fost subliniat de \u00eent\u00e2rzierea \u00een finalizarea Planului  Anual de Obiective din 2007, care a fost aprobat de guvern \u015fi transmis  pre\u015fedintelui \u00een vederea semn\u0103rii doar la \u00eenceputul lunii iunie. <\/span><\/div>\n<p><\/p>\n<div class=\"MsoNormal\" style=\"line-height: 150%; text-align: justify;\"><span style=\"font-size: 12pt; line-height: 150%;\">A\u015fadar,  Ucraina se afl\u0103 la o r\u0103scruce \u00een rela\u0163iile cu NATO. \u00centrebarea cheie  este c\u00e2t de mult se va apropia \u0163ara de aderarea la NATO. R\u0103spunsul va  depinde \u00een mare m\u0103sur\u0103 de capacitatea autorit\u0103\u0163ilor \u015fi a societ\u0103\u0163ii \u00een  general de a p\u0103stra realiz\u0103rile Revolu\u0163iei Portocalii \u015fi de a dezvolta  structurile \u015fi practicile democratice \u00een \u0163ar\u0103. Timpul va ar\u0103ta c\u00e2t de  importante sunt valorile democratice fundamentale pentru majoritatea  parlamentar\u0103 Anti-Criz\u0103. Dac\u0103 membrii majorit\u0103\u0163ii \u00eemp\u0103rt\u0103\u015fesc aceste  valori, timpul necesar Ucrainei \u00een vederea ader\u0103rii la NATO nu va fi mai  lung dec\u00e2t cel care \u00eei este necesar pentru a \u00eendeplini standardele  euro-atlantice \u015fi a realiza consensul la nivel na\u0163ional. Dup\u0103 cum spunea  ministrul Anatoliy Grytsenko \u00een interviul s\u0103u din octombrie 2006,  \u201eUcraina nu \u015fi-a pierdut \u015fansele de a avansa \u015fi de a adera la Alian\u0163\u0103\u2026  Durata acestui proces depinde, \u00een primul r\u00e2nd, de nivelul de coordonare  al autorit\u0103\u0163ilor noastre. \u00cen al doilea r\u00e2nd, depinde de dorin\u0163a noastr\u0103  de a construi o \u0163ar\u0103 care \u00eendepline\u015fte standardele NATO. \u015ei \u00een al  treilea r\u00e2nd, depinde de voin\u0163a \u015fi determinarea principalilor actori din  \u0163ara noastr\u0103 de a sprijini aderarea la NATO.\u201d Pentru ca toate acestea  s\u0103 se \u00eendeplineasc\u0103, este clar c\u0103 societatea civil\u0103 va trebui s\u0103  coopereze str\u00e2ns cu guvernul, parlamentul \u015fi al\u0163i actori politic  relevan\u0163i. Este de asemenea esen\u0163ial s\u0103 fie lansat\u0103 o campanie ampl\u0103 de  informare a publicului \u00een vederea cre\u015fterii gradului de \u00een\u0163elegere a  beneficiilor aduse de cooperarea NATO-Ucraina \u015fi poten\u0163iala calitate de  membru al Alian\u0163ei. Exist\u0103 destule pove\u015fti bune de spus despre  beneficiile practice ale cooper\u0103rii ne\u00eentrerupte cu NATO. \u00cencep\u00e2nd din  1994, NATO \u015fi diver\u015fi alia\u0163i au asigurat instruirea profesional\u0103  militar\u0103 a cca. 8.500 de ofi\u0163eri ucraineni. \u00cen plus, \u00eentre 2001 \u015fi 2006,  NATO a sprijinit re-instruirea a peste 3.000 de militari ucraineni  pensiona\u0163i, pentru a contribui la reintegrarea lor \u00een via\u0163a civil\u0103.  Numai \u00een 2006, aproape 800 de militari au fost re-instrui\u0163i, iar 440  dintre ace\u015ftia \u015fi-au g\u0103sit deja noi locuri de munc\u0103. \u00cencep\u00e2nd din 2006,  la Kirovohrad, Melitopol, Chernihiv \u015fi Lviv au fost ini\u0163iate noi cursuri  de preg\u0103tire profesional\u0103 pentru fo\u015ftii militari. Iar la Odesa, Kiev \u015fi  Simferopol se desf\u0103\u015foar\u0103 permanent cursuri de limbi str\u0103ine. Un alt  exemplu bun \u00eel reprezint\u0103 sprijinul pe care diferi\u0163i alia\u0163i \u00eel ofer\u0103  proiectelor de demilitarizare din Ucraina, prin intermediul proiectelor  Trust Fund-ului Parteneriatului pentru Pace (PpP). Aceste proiecte ajut\u0103  Ucraina s\u0103 rezolve problemele legate de stocurile uria\u015fe de muni\u0163ii  excedentare \u015fi expirate, care prezint\u0103 un risc de securitate major  pentru popula\u0163ia local\u0103. Un prim proiect, lansat la Done\u0163k \u00een 2002 \u00een  timp ce Victor Ianukovici era guvernator acolo, a asigurat distrugerea a  400.000 de mine anti-personal terestre. Un al doilea proiect \u2013 cel mai  mare \u015fi singurul proiect de demilitarizare de acest fel \u00een lume \u2013  vizeaz\u0103 distrugerea a 133.000 tone de muni\u0163ii conven\u0163ionale, 1,5  milioane de arme mici \u015fi u\u015foare \u015fi 1.000 de sisteme anti-aeriene  portabile, urm\u00e2nd s\u0103 aib\u0103 o durat\u0103 de 12 ani \u015fi s\u0103 coste 25 milioane de  Euro. Popularizarea unor astfel de ini\u0163iative la nivelul publicului  ucrainean va contribui la dep\u0103\u015firea stereotipurilor caracteristice  R\u0103zboiului Rece \u00een privin\u0163a NATO, care se manifest\u0103 \u00een continuare \u00een mod  pregnant. Acest lucru ar putea \u00eencuraja cet\u0103\u0163enii s\u0103 \u00eencerce s\u0103 afle  mai multe despre ceea ce este ast\u0103zi NATO. Probabil c\u0103 Ucraina se va  afla la aceast\u0103 r\u0103scruce \u00eenc\u0103 un timp. \u00cen condi\u0163iile unor noi alegeri  parlamentare programate pentru luna septembrie, calea spre progres nu va  fi \u00een cur\u00e2nd clar\u0103. \u00cen aceast\u0103 atmosfer\u0103, NATO r\u0103m\u00e2ne o tem\u0103 foarte  politizat\u0103 \u00een Ucraina. Cu toate acestea, r\u0103m\u00e2n \u00eencrez\u0103tor c\u0103 o  declara\u0163ie recent\u0103 a secretarului general NATO Jaap de Hoop Scheffer ar  putea deveni realitate. Vorbind la Conferin\u0163a de Securitate de la  M\u00fcnchen din februarie 2007, el \u015fi-a exprimat dorin\u0163a de a vedea Serbia,  Georgia \u015fi Ucraina apropiindu-se de Alian\u0163\u0103 \u00een intervalul de dinaintea  Summit-ului NATO din 2009. \u201eCet\u0103\u0163enii ucraineni vor trebui s\u0103 decid\u0103  pentru ei \u00een\u015fi\u015fi. Totu\u015fi, sper c\u0103 \u00een 2009 vom fi martorii unei rela\u0163ii  mai robuste cu Ucraina\u201d. <\/span><\/div>\n<p><\/p>\n<div class=\"MsoNormal\" style=\"line-height: 150%; text-align: justify;\"><span style=\"font-size: 12pt; line-height: 150%;\">Deasemenea  este de notat faptul c\u0103 atitudinea elitei politice fa\u0163\u0103 de procesele  integr\u0103rii euroatlantice \u00een Ucraina se deosebe\u015fte de celelalte \u0163\u0103ri din  Europa Central\u0103 \u015fi de Est nu doar prin absen\u0163a realiz\u0103rii \u015fi men\u0163inerii  unui consens \u00een problemele de securitate, ci \u015fi prin inconsecven\u0163a,  dependent\u0103 de conjunctura politic\u0103 electoral\u0103 \u015fi influen\u0163a unei puteri  vecine.<\/span><\/div>\n<p><\/p>\n<div class=\"MsoNormal\" style=\"line-height: 150%; text-align: justify;\"><span style=\"font-size: 12pt; line-height: 150%;\">De  aceea, speran\u0163ele, ca \u015fi aprecierile hot\u0103r\u00e2rii Summit-ului NATO de la  Bucure\u015fti de c\u0103tre reprezentan\u0163ii diferitelor forte politice, pre\u015fedinte  \u015fi guvern, parlamentari, exper\u0163i se deosebesc dup\u0103 simpatii politice.  Fie sus\u0163in actuala coali\u0163ie, care a ini\u0163iat procesul de acordare a  MAP-ului pentru Ucraina, fie sunt al\u0103turi de opozi\u0163ie (Partidul  Regiunilor, comuni\u015fti, Blocul Litvin), care se manifesta \u00eempotriva  ader\u0103rii Ucrainei la NATO \u015fi pentru un statut de neutralitate al  Ucrainei.<\/span><\/div>\n<p><\/p>\n<div class=\"MsoNormal\" style=\"line-height: 150%; text-align: justify;\"><span style=\"font-size: 12pt; line-height: 150%;\">Care a fost reac\u0163ia for\u0163elor politice din Ucraina fa\u0163\u0103 de hot\u0103r\u00e2rile Summit-ului NATO de la Bucure\u015fti?<\/span><\/div>\n<p><\/p>\n<div class=\"MsoNormal\" style=\"line-height: 150%; text-align: justify;\"><span style=\"font-size: 12pt; line-height: 150%;\">Dup\u0103  p\u0103rerea pre\u015fedintelui Iu\u015fcenko \u015fi a coali\u0163iei de guvern\u0103m\u00e2nt, deciziile  summit-ului sunt o victorie evident\u0103, care a dep\u0103\u015fit cele mai  \u00eendr\u0103zne\u0163e a\u015ftept\u0103ri. NATO a luat o decizie istoric\u0103 pentru na\u0163iunea  ucrainean\u0103: Ucraina a primit un semnal conving\u0103tor \u015fi garantarea  statutului de viitor membru NATO din partea celor 26 de membri;  invitarea la MAP se va produce \u00een decembrie 2008, iar procedura ader\u0103rii  va avea un caracter mai mult formal, tehnic.<\/span><\/div>\n<p><\/p>\n<div class=\"MsoNormal\" style=\"line-height: 150%; text-align: justify;\"><span style=\"font-size: 12pt; line-height: 150%;\">Potrivit  opozi\u0163iei, Summit-ul de la Bucure\u015fti este o \u00eenfr\u00e2ngere. Ucraina nu a  primit MAP-ul, aspira\u0163iile ei au provocat sciziune \u00een NATO, \u00eenr\u0103ut\u0103\u0163irea  rela\u0163iilor cu vechea Europ\u0103 \u015fi o reac\u0163ie negativ\u0103 \u00een Ucraina. Opozi\u0163ia a  identificat alternativa la MAP \u015fi NATO \u00een statutul de neutralitate,  care ar conveni, chipurile, \u015fi Rusiei. \u00cens\u0103 liderii ei \u201euit\u0103\u201d de baza  militar\u0103 naval\u0103 a Federa\u0163iei Rusiei de la Sevastopol, ce va func\u0163iona  pana \u00een 2017, de grani\u0163ele nedemarcate cu Belarus \u015fi Federa\u0163ia Rus\u0103, ca  \u015fi de procedura complicat\u0103 de ob\u0163inere a statutului de neutralitate, ca  \u015fi de neclaritatea garan\u0163iilor p\u0103str\u0103rii lui.<\/span><\/div>\n<p><\/p>\n<div class=\"MsoNormal\" style=\"line-height: 150%; text-align: justify;\"><span style=\"font-size: 12pt; line-height: 150%;\">Reac\u0163ia  societ\u0103\u0163ii este mai complicat\u0103. Ea este \u00eengrijorat\u0103 de problemele  concrete, precum infla\u0163ia, cre\u015fterea \u015fomajului. Si, din p\u0103cate, mul\u0163i nu  \u015ftiu cum \u00eei ajut\u0103 procesul integr\u0103rii la rezolvarea problemelor lor  concrete \u015fi cum s\u0103 reac\u0163ioneze la afirma\u0163iile opozi\u0163iei privind  iminen\u0163ele baze militare, participarea la conflicte \u015fi \u00een misiunile NATO  din Afganistan, cre\u015fterea cheltuielilor militare, somaj s.a.m.d. \u015ei,  de\u015fi ast\u0103zi putem trimite la datele sondajelor de opinie, atitudinea  p\u0103r\u0163ii active a societ\u0103\u0163ii \u015fi a media fa\u0163\u0103 de deciziile summit-ului,  fa\u0163\u0103 de NATO cel mai adesea se asociaz\u0103 cu atitudinea for\u0163elor politice  active din Ucraina \u015fi sunt influen\u0163ate de statul vecin. Se poate  observa, pe de o parte, o cre\u015ftere a activit\u0103\u0163ii opozi\u0163iei, cu  utilizarea unor ample ac\u0163iuni, precum demonstra\u0163iile, concertele cu  participarea arti\u015ftilor ru\u015fi \u015fi ucraineni, pe de alt\u0103 parte, o treptat\u0103  sporire a sprijinului acordat perspectivei de integrare, \u00een r\u00e2ndurile  celor care au acces la informa\u0163ii. Doar \u00een 2007, \u00een provincie, au avut  loc mai mult de 500 de ac\u0163iuni organizate de ONG-uri cu participarea  unor structuri de stat, a reprezentan\u0163ei NATO, a misiunilor diplomatice,  iar eficien\u0163a lor cre\u015fte. Se \u00eent\u0103re\u015fte coordonarea \u015fi participarea lor  \u00een programul de stat privind informarea popula\u0163iei despre cooperarea  euroatlantic\u0103 \u015fi proiectele interna\u0163ionale \u00een cadrul Alian\u0163ei  Atlanticului de Nord.<\/span><\/div>\n<p><\/p>\n<div class=\"MsoNormal\" style=\"line-height: 150%; text-align: justify;\"><span style=\"font-size: 12pt; line-height: 150%;\">Astfel,  scrisoarea pre\u015fedintelui, a primului ministru \u015fi a pre\u015fedintelui  parlamentului adresat\u0103 secretarului general al NATO, privind dorin\u0163a  Ucrainei de a se al\u0103tura MAP la Summit-ul de la Bucure\u015fti, a oferit, pe  de o parte, coali\u0163iei de la putere posibilitatea de a-\u015fi realiza  proiectele euroatlantice declarate si, pe de alt\u0103 parte, a oferit  opozi\u0163iei pretextul unui asalt asupra coali\u0163iei de la putere \u015fi asupra  guvernului. Aceast\u0103 disput\u0103 este \u00eenso\u0163it\u0103 de radicalizarea pozi\u0163iei  Rusiei, care utilizeaz\u0103 nu doar dependen\u0163a energetic\u0103 a Ucrainei, alte  p\u00e2rghii economice, presiunea informa\u0163ional\u0103, ci chiar \u015fi amenin\u0163area  militar\u0103 a orient\u0103rii rachetelor spre Ucraina \u00een cazul ader\u0103rii acesteia  la NATO, de care depinde amplasarea bazelor. De\u015fi Constitu\u0163ia Ucrainei  interzice amplasarea bazelor, ceea ce pre\u015fedintele Iu\u015fcenko a subliniat  \u00een cursul vizitei la Moscova, iar Ministerul de Externe de la Kiev a  explicat ulterior, acest argument continu\u0103 s\u0103 fie utilizat de Rusia.<\/span><\/div>\n<p><\/p>\n<div class=\"MsoNormal\" style=\"line-height: 150%; text-align: justify;\"><span style=\"font-size: 12pt; line-height: 150%;\">Atitudinea  for\u0163elor politice din Ucraina este paradoxal\u0103, de vreme ce colaborarea  cu NATO a parcurs toate etapele \u015fi formatele \u015fi a fost timp de 17 ani o  politic\u0103 consecvent\u0103 pe care au sprijinit-o \u015fi realizat-o to\u0163i  pre\u015fedin\u0163ii, toate guvernele \u015fi partidele parlamentare, cu excep\u0163ia  comuni\u015ftilor \u015fi sociali\u015ftilor. Colaborarea cea mai intens\u0103 a fost  \u00eenregistrat\u0103 tocmai \u00een perioada \u00een care \u0163ara era condus\u0103 de acele  partide \u015fi politicieni care ast\u0103zi se declar\u0103 \u00eempotriv\u0103 \u015fi folosesc tema  NATO ca pe un mijloc de a diviza electoratul \u015fi a ob\u0163ine dividende  politice.<\/span><\/div>\n<p><\/p>\n<div class=\"MsoNormal\" style=\"line-height: 150%; text-align: justify;\"><span style=\"font-size: 12pt; line-height: 150%;\">Colaborarea  cu NATO a \u00eenceput imediat dup\u0103 ob\u0163inerea independen\u0163ei, c\u00e2nd Ucraina a  ini\u0163iat primele contacte. \u00cen 1994, Ucraina a fost prima \u0163ar\u0103 din CSI  care a semnat Parteneriatul pentru Pace. \u00cen condi\u0163iile izol\u0103rii  interna\u0163ionale a regimului lui Leonid Kucima, ca urmare a b\u0103nuielilor c\u0103  Ucraina a v\u00e2ndut arme Irakului, la 23 mai 2002 a fost adoptat\u0103  Strategia Ucrainei fa\u0163\u0103 de NATO, care a proclamat c\u0103 \u201escopul final al  politicii euroatlantice este aderarea la aceast\u0103 organiza\u0163ie\u201d. Este  semnificativ faptul c\u0103 aceast\u0103 decizie nu a generat atunci proteste din  partea oponen\u0163ilor de ast\u0103zi ai ader\u0103rii Ucrainei la NATO \u015fi nici din  partea Rusiei. Dialogul intensificat cu NATO pentru dob\u00e2ndirea calit\u0103\u0163ii  de membru, care a urmat \u201eRevolu\u0163iei portocalii\u201d, nu a declan\u015fat nici  protestele opozi\u0163iei \u015fi nici pe cele ale Rusiei. Doar din 2006 tema  semn\u0103rii MAP a \u00eenceput s\u0103 fie utilizat\u0103 de opozi\u0163ie (Partidul  Regiunilor, comuni\u015ftii \u015fi sociali\u015ftii) ca instrument \u00een lupta politic\u0103  de \u00eemp\u0103r\u0163ire a atribu\u0163iilor ramurilor puterii. Viktor Ianukovici,  devenit premier, a refuzat s\u0103 accepte MAP, invoc\u00e2nd faptul c\u0103 opinia  public\u0103 nu este preg\u0103tit\u0103 s\u0103 accepte acest grad de cooperare cu NATO. La  fel a motivat \u015fi Kucima, \u00een vara 2004, la Summit-ul NATO de la  Istanbul, deranjat de concentrarea Aliantei pe problema corectitudinii  alegerilor preziden\u0163iale care urmau s\u0103 se desf\u0103\u015foare. Ca urmare, au fost  scoase din textul Doctrinei militare obiectivele integr\u0103rii \u00een UE \u015fi  NATO.<\/span><\/div>\n<p><\/p>\n<div class=\"MsoNormal\" style=\"line-height: 150%; text-align: justify;\"><span style=\"font-size: 12pt; line-height: 150%;\">Printre  consecin\u0163ele pozitive ale preg\u0103tirii pentru summit se num\u0103ra adoptarea  Planului special Ucraina-NATO pe anul 2008, care, dup\u0103 opinia  exper\u0163ilor, 85% corespunde cererilor MAP, adic\u0103 stabile\u015fte agenda  reformelor necesare. Asta presupune finan\u0163area \u015fi realizarea acestora,  informarea popula\u0163iei, activizarea cooper\u0103rii interna\u0163ionale. \u015fi aceasta  va fi f\u0103cut\u0103 \u00een condi\u0163ii economice grele, cu probleme energetice, cu  \u00eempotrivirea opozi\u0163iei, cu care trebuie g\u0103sit un compromis, \u015fi \u00een  condi\u0163iile unor rela\u0163ii complicate cu Rusia.<\/span><\/div>\n<p><\/p>\n<div class=\"MsoNormal\" style=\"line-height: 150%; text-align: justify;\"><span style=\"font-size: 12pt; line-height: 150%;\">Diferen\u0163a  \u00een sprijinirea proceselor integr\u0103rii euroatlantice \u00eentre nivelul  conducerii \u0163\u0103rii \u015fi opinia public\u0103 este rezultatul reducerii integr\u0103rii  la exerci\u0163iile de retorica politic\u0103, c\u00e2nd lipseau practic at\u00e2t voin\u0163a,  cat \u015fi consensul politic de a pune \u00een practic\u0103 reforme reale. Verticala  administrativ\u0103 a organelor de conducere nu monitoriza punerea \u00een  aplicare a programelor de cooperare, selec\u0163ionarea \u015fi preg\u0103tirea  speciali\u015ftilor \u00een domeniul integr\u0103rii. Nu s-a utilizat uria\u015ful poten\u0163ial  al institu\u0163iilor de \u00eenv\u0103\u0163\u0103m\u00e2nt, al presei, televiziunilor, radiourilor.  Pana de cur\u00e2nd, participarea organiza\u0163iilor neguvernamentale era  limitat\u0103 \u015fi nu se bucur\u0103 de sprijin, iar programele de informare a  popula\u0163iei erau blocate. \u00cen acela\u015fi timp, datele despre majoritatea  absolut\u0103 a celor care sunt \u00eempotriva NATO, potrivit unor rapoarte  sociologice, nu sunt corecte. Din datele pe care le am despre evolu\u0163iile  \u00een diverse regiuni, rezult\u0103 c\u0103 1\/3 sunt pentru, 1\/3 \u00eempotriv\u0103 \u015fi 1\/3 nu  s-au decis. \u00cen regiunile vestice, cei care se declar\u0103 pentru NATO urca  spre 50%, iar \u00een Done\u0163k, Harkov era \u00een jur de 8-9 %. Cel mai adesea,  rezultatul sondajului este manipulat prin formularea \u00eentreb\u0103rii.<\/span><\/div>\n<p><\/p>\n<div class=\"MsoNormal\" style=\"line-height: 150%; text-align: justify;\"><span style=\"font-size: 12pt; line-height: 150%;\">Atitudinea  fa\u0163\u0103 de NATO mai este influen\u0163at\u0103 de campaniile electorale, ca \u015fi de  campaniile duse ast\u0103zi de opozi\u0163ie \u015fi de Rusia \u00eempotriva MAP, \u00een special  \u00een media, pe televiziuni. Mai influen\u0163eaz\u0103 atitudinea fa\u0163\u0103 de NATO \u015fi  cota de \u00eencredere care se schimb\u0103 \u00een organele puterii, at\u00e2t centrale c\u00e2t  \u015fi locale, ca \u015fi absenta unei pozi\u0163ii clare a reprezentan\u0163ilor  coali\u0163iei de guvern\u0103m\u00e2nt. Consensul for\u0163elor politice, succesul  reformelor, educa\u0163ia \u015fi ac\u0163iunea de informare, cooperarea interna\u0163ional\u0103  pot sa ajute la dep\u0103\u015firea acestei rupturi.<\/span><\/div>\n<p><\/p>\n<div class=\"MsoNormal\" style=\"line-height: 150%; text-align: justify;\"><span style=\"font-size: 12pt; line-height: 150%;\">SUA  (partenerul strategic al Ucrainei), \u00een care traiste o numeroas\u0103  diaspor\u0103 ucrainean\u0103, acord\u0103 prioritate progreselor democratice ale  Ucrainei, renun\u0163\u0103rii la armele atomice, rolului de contribuitor la  securitatea interna\u0163ional\u0103 \u015fi de participant la toate misiunile NATO de  men\u0163inere a p\u0103cii. Polonia ast\u0103zi este sus\u0163in\u0103torul permanent pe calea  integr\u0103rii Ucrainei \u00een NATO \u015fi UE; chiar pe drumul acestei integr\u0103ri  comune, \u00eempreun\u0103 cu Rom\u00e2nia, treptat se solu\u0163ioneaz\u0103 complica\u0163ii de  frontier\u0103 izolate, mo\u015ftenite din trecut, \u015fi se asigura dezvoltarea  legaturilor \u00een cadrul colabor\u0103rii de la Marea Baltic\u0103 la Marea Neagr\u0103.  Noi avem experien\u0163a comun\u0103 a condi\u0163iilor din regimurile totalitare \u015fi o  \u00een\u0163elegere mai bun\u0103 at\u00e2t a dificult\u0103\u0163ilor transform\u0103rii democratice, cat  \u015fi a pericolelor apari\u0163iei noilor amenin\u0163\u0103ri imperiale, legate,  totodat\u0103, cu manifest\u0103rile economice care pot influenta unitatea \u0163\u0103rilor  europene.<\/span><\/div>\n<p><\/p>\n<div class=\"MsoNormal\" style=\"line-height: 150%; text-align: justify;\"><span style=\"font-size: 12pt; line-height: 150%;\">\u00cen  cursul istoriei recente, Ucraina n-a putut s\u0103 formeze o imagine de  partener stabil, atr\u0103g\u0103tor \u015fi previzibil \u015fi nici n-a izbutit sa ias\u0103 din  umbra Rusiei. Nu a reu\u015fit s\u0103 ini\u0163ieze colabor\u0103ri mai largi \u015fi reciproc  avantajoase la nivelul politicienilor, societ\u0103\u0163ii civile cu  reprezentan\u0163ii vechii Europe. Nu a fost utilizata diploma\u0163ia public\u0103  pentru a ob\u0163ine sprijinul necesar ader\u0103rii la MAP. Opozi\u0163ia a izbutit s\u0103  creeze aparen\u0163a nesus\u0163inerii active a integr\u0103rii euroatlantice \u00een  societate \u015fi s\u0103 amenin\u0163e cu posibilitatea \u00eenr\u0103ut\u0103\u0163irii rela\u0163iilor cu  Rusia (ceea ce nu puteau s\u0103 nu ia \u00een considerare partenerii europeni).<\/span><\/div>\n<p><\/p>\n<div class=\"MsoNormal\" style=\"line-height: 150%; text-align: justify;\"><span style=\"font-size: 12pt; line-height: 150%;\">Pentru  a schimba aceast\u0103 atitudine, pan\u0103 \u00een decembrie, Ucraina trebuie s\u0103  demonstreze seriozitate \u015fi transparen\u0163\u0103 \u00een inten\u0163iile sale de aderare la  MAP \u00een decembrie 2008. Pentru \u00eenceput, trebuie realizat consensul, \u00een  m\u0103sura \u00een care este posibil, intre for\u0163ele politice interne \u015fi \u00een  rela\u0163ia Ucrainei cu Rusia, trebuie puse bazele structurilor  institu\u0163ionale \u015fi asigurat\u0103 realizarea Planului special Ucraina-NATO, a  Programului de Stat pentru Informarea Popula\u0163iei si, deasemenea trebuie  folosita diploma\u0163ia public\u0103 pentru sprijinirea ader\u0103rii Ucrainei la MAP.<\/span><\/div>\n<div style=\"margin-top: 0px; margin-bottom: 0px;\" class=\"sharethis-inline-share-buttons\" ><\/div>","protected":false},"excerpt":{"rendered":"<p>Ucraina se afl\u0103 la o r\u0103scruce de drumuri \u00een rela\u0163iile sale cu NATO. Prima dintre op\u0163iuni ar putea conduce la aderare \u015fi ofer\u0103 Ucrainei perspectiva devenirii unui stat european cu o orientare pro-occidental\u0103, protejat \u00eempotriva amenin\u0163\u0103rilor la adresa suveranit\u0103\u0163ii \u015fi securit\u0103\u0163ii sale na\u0163ionale. Cea de a doua ar putea determina Ucraina s\u0103 renun\u0163e la aspira\u0163iile [&hellip;]<\/p>\n","protected":false},"author":1,"featured_media":0,"comment_status":"open","ping_status":"closed","sticky":false,"template":"","format":"standard","meta":{"_monsterinsights_skip_tracking":false,"_monsterinsights_sitenote_active":false,"_monsterinsights_sitenote_note":"","_monsterinsights_sitenote_category":0,"footnotes":""},"categories":[1],"tags":[],"aioseo_notices":[],"yoast_head":"<!-- This site is optimized with the Yoast SEO plugin v21.1 - https:\/\/yoast.com\/wordpress\/plugins\/seo\/ -->\n<title>NATO \u2013 Ucraina: cadrul de cooperare politic\u0103. - Jobs\/ Internships\/ Scholarships\/<\/title>\n<meta name=\"robots\" content=\"index, follow, max-snippet:-1, max-image-preview:large, max-video-preview:-1\" \/>\n<link rel=\"canonical\" href=\"https:\/\/rubyskynews.com\/index.php\/2011\/02\/23\/nato-ucraina-cadrul-de-cooperare\/\" \/>\n<meta property=\"og:locale\" content=\"en_US\" \/>\n<meta property=\"og:type\" content=\"article\" \/>\n<meta property=\"og:title\" content=\"NATO \u2013 Ucraina: cadrul de cooperare politic\u0103. - Jobs\/ Internships\/ Scholarships\/\" \/>\n<meta property=\"og:description\" content=\"Ucraina se afl\u0103 la o r\u0103scruce de drumuri \u00een rela\u0163iile sale cu NATO. Prima dintre op\u0163iuni ar putea conduce la aderare \u015fi ofer\u0103 Ucrainei perspectiva devenirii unui stat european cu o orientare pro-occidental\u0103, protejat \u00eempotriva amenin\u0163\u0103rilor la adresa suveranit\u0103\u0163ii \u015fi securit\u0103\u0163ii sale na\u0163ionale. Cea de a doua ar putea determina Ucraina s\u0103 renun\u0163e la aspira\u0163iile [&hellip;]\" \/>\n<meta property=\"og:url\" content=\"https:\/\/rubyskynews.com\/index.php\/2011\/02\/23\/nato-ucraina-cadrul-de-cooperare\/\" \/>\n<meta property=\"og:site_name\" content=\"Jobs\/ Internships\/ Scholarships\/\" \/>\n<meta property=\"article:published_time\" content=\"2011-02-23T12:10:00+00:00\" \/>\n<meta property=\"article:modified_time\" content=\"2020-09-25T09:50:02+00:00\" \/>\n<meta name=\"author\" content=\"eurointern\" \/>\n<meta name=\"twitter:card\" content=\"summary_large_image\" \/>\n<meta name=\"twitter:label1\" content=\"Written by\" \/>\n\t<meta name=\"twitter:data1\" content=\"eurointern\" \/>\n\t<meta name=\"twitter:label2\" content=\"Est. reading time\" \/>\n\t<meta name=\"twitter:data2\" content=\"24 minutes\" \/>\n<script type=\"application\/ld+json\" class=\"yoast-schema-graph\">{\"@context\":\"https:\/\/schema.org\",\"@graph\":[{\"@type\":\"WebPage\",\"@id\":\"https:\/\/rubyskynews.com\/index.php\/2011\/02\/23\/nato-ucraina-cadrul-de-cooperare\/\",\"url\":\"https:\/\/rubyskynews.com\/index.php\/2011\/02\/23\/nato-ucraina-cadrul-de-cooperare\/\",\"name\":\"NATO \u2013 Ucraina: cadrul de cooperare politic\u0103. - Jobs\/ Internships\/ Scholarships\/\",\"isPartOf\":{\"@id\":\"https:\/\/rubyskynews.com\/#website\"},\"datePublished\":\"2011-02-23T12:10:00+00:00\",\"dateModified\":\"2020-09-25T09:50:02+00:00\",\"author\":{\"@id\":\"https:\/\/rubyskynews.com\/#\/schema\/person\/2bf02c24278f4ce807817c8f91add34d\"},\"breadcrumb\":{\"@id\":\"https:\/\/rubyskynews.com\/index.php\/2011\/02\/23\/nato-ucraina-cadrul-de-cooperare\/#breadcrumb\"},\"inLanguage\":\"en-US\",\"potentialAction\":[{\"@type\":\"ReadAction\",\"target\":[\"https:\/\/rubyskynews.com\/index.php\/2011\/02\/23\/nato-ucraina-cadrul-de-cooperare\/\"]}]},{\"@type\":\"BreadcrumbList\",\"@id\":\"https:\/\/rubyskynews.com\/index.php\/2011\/02\/23\/nato-ucraina-cadrul-de-cooperare\/#breadcrumb\",\"itemListElement\":[{\"@type\":\"ListItem\",\"position\":1,\"name\":\"Home\",\"item\":\"https:\/\/rubyskynews.com\/\"},{\"@type\":\"ListItem\",\"position\":2,\"name\":\"NATO \u2013 Ucraina: cadrul de cooperare politic\u0103.\"}]},{\"@type\":\"WebSite\",\"@id\":\"https:\/\/rubyskynews.com\/#website\",\"url\":\"https:\/\/rubyskynews.com\/\",\"name\":\"Jobs\/ Internships\/ Scholarships\/\",\"description\":\"Internships\/ Scholarships\/  Grants\",\"potentialAction\":[{\"@type\":\"SearchAction\",\"target\":{\"@type\":\"EntryPoint\",\"urlTemplate\":\"https:\/\/rubyskynews.com\/?s={search_term_string}\"},\"query-input\":\"required name=search_term_string\"}],\"inLanguage\":\"en-US\"},{\"@type\":\"Person\",\"@id\":\"https:\/\/rubyskynews.com\/#\/schema\/person\/2bf02c24278f4ce807817c8f91add34d\",\"name\":\"eurointern\",\"image\":{\"@type\":\"ImageObject\",\"inLanguage\":\"en-US\",\"@id\":\"https:\/\/rubyskynews.com\/#\/schema\/person\/image\/\",\"url\":\"https:\/\/secure.gravatar.com\/avatar\/4ba0ee69eda3e0c9ec9a3c49a6c7a82b?s=96&d=mm&r=g\",\"contentUrl\":\"https:\/\/secure.gravatar.com\/avatar\/4ba0ee69eda3e0c9ec9a3c49a6c7a82b?s=96&d=mm&r=g\",\"caption\":\"eurointern\"},\"sameAs\":[\"http:\/\/rubyskynews.com\"],\"url\":\"https:\/\/rubyskynews.com\/index.php\/author\/eurointern28gmail-com\/\"}]}<\/script>\n<!-- \/ Yoast SEO plugin. -->","yoast_head_json":{"title":"NATO \u2013 Ucraina: cadrul de cooperare politic\u0103. - Jobs\/ Internships\/ Scholarships\/","robots":{"index":"index","follow":"follow","max-snippet":"max-snippet:-1","max-image-preview":"max-image-preview:large","max-video-preview":"max-video-preview:-1"},"canonical":"https:\/\/rubyskynews.com\/index.php\/2011\/02\/23\/nato-ucraina-cadrul-de-cooperare\/","og_locale":"en_US","og_type":"article","og_title":"NATO \u2013 Ucraina: cadrul de cooperare politic\u0103. - Jobs\/ Internships\/ Scholarships\/","og_description":"Ucraina se afl\u0103 la o r\u0103scruce de drumuri \u00een rela\u0163iile sale cu NATO. Prima dintre op\u0163iuni ar putea conduce la aderare \u015fi ofer\u0103 Ucrainei perspectiva devenirii unui stat european cu o orientare pro-occidental\u0103, protejat \u00eempotriva amenin\u0163\u0103rilor la adresa suveranit\u0103\u0163ii \u015fi securit\u0103\u0163ii sale na\u0163ionale. Cea de a doua ar putea determina Ucraina s\u0103 renun\u0163e la aspira\u0163iile [&hellip;]","og_url":"https:\/\/rubyskynews.com\/index.php\/2011\/02\/23\/nato-ucraina-cadrul-de-cooperare\/","og_site_name":"Jobs\/ Internships\/ Scholarships\/","article_published_time":"2011-02-23T12:10:00+00:00","article_modified_time":"2020-09-25T09:50:02+00:00","author":"eurointern","twitter_card":"summary_large_image","twitter_misc":{"Written by":"eurointern","Est. reading time":"24 minutes"},"schema":{"@context":"https:\/\/schema.org","@graph":[{"@type":"WebPage","@id":"https:\/\/rubyskynews.com\/index.php\/2011\/02\/23\/nato-ucraina-cadrul-de-cooperare\/","url":"https:\/\/rubyskynews.com\/index.php\/2011\/02\/23\/nato-ucraina-cadrul-de-cooperare\/","name":"NATO \u2013 Ucraina: cadrul de cooperare politic\u0103. - Jobs\/ Internships\/ Scholarships\/","isPartOf":{"@id":"https:\/\/rubyskynews.com\/#website"},"datePublished":"2011-02-23T12:10:00+00:00","dateModified":"2020-09-25T09:50:02+00:00","author":{"@id":"https:\/\/rubyskynews.com\/#\/schema\/person\/2bf02c24278f4ce807817c8f91add34d"},"breadcrumb":{"@id":"https:\/\/rubyskynews.com\/index.php\/2011\/02\/23\/nato-ucraina-cadrul-de-cooperare\/#breadcrumb"},"inLanguage":"en-US","potentialAction":[{"@type":"ReadAction","target":["https:\/\/rubyskynews.com\/index.php\/2011\/02\/23\/nato-ucraina-cadrul-de-cooperare\/"]}]},{"@type":"BreadcrumbList","@id":"https:\/\/rubyskynews.com\/index.php\/2011\/02\/23\/nato-ucraina-cadrul-de-cooperare\/#breadcrumb","itemListElement":[{"@type":"ListItem","position":1,"name":"Home","item":"https:\/\/rubyskynews.com\/"},{"@type":"ListItem","position":2,"name":"NATO \u2013 Ucraina: cadrul de cooperare politic\u0103."}]},{"@type":"WebSite","@id":"https:\/\/rubyskynews.com\/#website","url":"https:\/\/rubyskynews.com\/","name":"Jobs\/ Internships\/ Scholarships\/","description":"Internships\/ Scholarships\/  Grants","potentialAction":[{"@type":"SearchAction","target":{"@type":"EntryPoint","urlTemplate":"https:\/\/rubyskynews.com\/?s={search_term_string}"},"query-input":"required name=search_term_string"}],"inLanguage":"en-US"},{"@type":"Person","@id":"https:\/\/rubyskynews.com\/#\/schema\/person\/2bf02c24278f4ce807817c8f91add34d","name":"eurointern","image":{"@type":"ImageObject","inLanguage":"en-US","@id":"https:\/\/rubyskynews.com\/#\/schema\/person\/image\/","url":"https:\/\/secure.gravatar.com\/avatar\/4ba0ee69eda3e0c9ec9a3c49a6c7a82b?s=96&d=mm&r=g","contentUrl":"https:\/\/secure.gravatar.com\/avatar\/4ba0ee69eda3e0c9ec9a3c49a6c7a82b?s=96&d=mm&r=g","caption":"eurointern"},"sameAs":["http:\/\/rubyskynews.com"],"url":"https:\/\/rubyskynews.com\/index.php\/author\/eurointern28gmail-com\/"}]}},"_links":{"self":[{"href":"https:\/\/rubyskynews.com\/index.php\/wp-json\/wp\/v2\/posts\/28229"}],"collection":[{"href":"https:\/\/rubyskynews.com\/index.php\/wp-json\/wp\/v2\/posts"}],"about":[{"href":"https:\/\/rubyskynews.com\/index.php\/wp-json\/wp\/v2\/types\/post"}],"author":[{"embeddable":true,"href":"https:\/\/rubyskynews.com\/index.php\/wp-json\/wp\/v2\/users\/1"}],"replies":[{"embeddable":true,"href":"https:\/\/rubyskynews.com\/index.php\/wp-json\/wp\/v2\/comments?post=28229"}],"version-history":[{"count":0,"href":"https:\/\/rubyskynews.com\/index.php\/wp-json\/wp\/v2\/posts\/28229\/revisions"}],"wp:attachment":[{"href":"https:\/\/rubyskynews.com\/index.php\/wp-json\/wp\/v2\/media?parent=28229"}],"wp:term":[{"taxonomy":"category","embeddable":true,"href":"https:\/\/rubyskynews.com\/index.php\/wp-json\/wp\/v2\/categories?post=28229"},{"taxonomy":"post_tag","embeddable":true,"href":"https:\/\/rubyskynews.com\/index.php\/wp-json\/wp\/v2\/tags?post=28229"}],"curies":[{"name":"wp","href":"https:\/\/api.w.org\/{rel}","templated":true}]}}