{"id":27557,"date":"2011-02-28T13:57:00","date_gmt":"2011-02-28T13:57:00","guid":{"rendered":""},"modified":"2020-09-25T09:47:01","modified_gmt":"2020-09-25T09:47:01","slug":"criza-din-iulie-1914-inceputul-primului-2","status":"publish","type":"post","link":"https:\/\/rubyskynews.com\/index.php\/2011\/02\/28\/criza-din-iulie-1914-inceputul-primului-2\/","title":{"rendered":"Criza din iulie 1914. \u00cenceputul Primului R\u0103zboi Mondial."},"content":{"rendered":"<div style=\"margin-top: 0px; margin-bottom: 0px;\" class=\"sharethis-inline-share-buttons\" ><\/div><div style=\"text-align: justify;\"><span style=\"font-size: 12pt; font-weight: normal; line-height: 150%;\">La  28 iunie1914, printul austriac Frant-Ferdinand efectua o vizita  oficiala la  Sarajevo. A fost asasinat, impreuna cu sotia sa, de catre  Gavrilo Princip, un studen bosniac. Acesta a f\u0103cut parte dintr-un grup  de cincisprezece asasini, sus\u0163inu\u0163i de M\u00e2na Neagr\u0103, o societate secret\u0103  fundat\u0103 de na\u0163ionali\u015fti pro-s\u00e2rbi, cu leg\u0103turi \u00een armata Serbiei.  Asasinatul a amorsat tensiunea grav\u0103, care exista deja \u00een Europa. \u00cen  timp ce la Sarajevo aveau loc rebeliuni, \u00een urma decesului arhiducelui,  acestea au fost animate de minoritatea s\u00e2rb\u0103. De\u015fi acest asasinat a fost  considerat ca detonatorul direct pentru primul r\u0103zboi mondial, cauzele  reale ale r\u0103zboiului merg mai \u00een urm\u0103, \u00een re\u0163eaua<a href=\"\" name=\"more\"><\/a>  complex\u0103 al alian\u0163elor \u015fi contrabalans\u0103rilor care s-au dezvoltat \u00eentre  diferite puteri europene, \u00een urma \u00eenfr\u00e2ngerii Fran\u0163ei \u015fi a form\u0103rii  statului german sub conducerea lui Otto von Bismarck \u00een 1871. O luna mai  tarziu Austro-Ungaria declara razboi Serbiei, acuzata ca ar fi pregatit  atentatul. Atentatul de la Sarajevo a fost doar pretextul razboiului.  Cauzele acestui prim conflict mondial au fost mult mai adanci:  concurenta economica, imperialismul si nationalismul. Una din  principalele cauze inceperii primului razboi mondial este dorinta  Germaniei si Italiei de a-si intari pozitiile, prin toate mijloacele  posibile, fata de Rusia, Franta, MareaBritanie, Imperiul Austro-Ungar  din centrul Europei si Imperiul Otoman-in decadere. Tarile mici au ramas  neutre. Tendinta Germaniei de a deveni cea mai mare putere militara a  Europei si de a sparge suprematia navala a Marii Britanii a produs  tensiuni mari intre cele doua tari. Imperiul Austro-Ungar era  caracterizat da nemultumirea si agitatia nationalitatilor, tinute cu  greu intr-un stat unitar. Marile puteri s-au organizat in doua tabere  opuse: Tripla Alianta din care faceau parte Germania, Austro-Ungaria si  Italia, si Antanta compusa din Franta, Rusia si Anglia. Antanta a intrat  in razboi de partea Serbiei. In urma acestei situatii s-au angajat in  razboi si alte state, urmarindu-si propriile obiective. Astfel, Bulgaria  a intrat in lupta alaturi de Tripla Alianta. In shimb, Italia s-a  declarat neutra, astfel incat Tripla Alianta nu a mai existat, legatura  dintre Germania si Austro-Ungaria mentinandu-se. Alianta dintre aceste  doua mari puteri s-a numit Puterile Centrale. In perioada 17-30 iulie  1914 reprezentantii Antantei fac cunoscut guvernului roman acordul  tarilor lor privind unirea Transilvaniei cu Romania, in shimbul  participarii Romaniei la razboi impotriva Puterilor Centrale. In acelasi  timp, regele Carol I primeste un mesaj al imparatului Germaniei, Wihelm  al II-lea, prin care i se cerea Romaniei indeplinirea obligatiilor fata  de Puterile Centrale. Desi regele Romaniei, Carol I era german prin  origine, opinia publica romaneasca si clasa politica in marea ei  majoritate era de partea Antantei. Totusi, considerand ca tara nu este  pregatita pentru o astfel de conflagratie, Consiliul de coroana intrunit  la Sinaia \u201321 iulie 1914- la care au participat, pe langa membrii  guvernului, si o serie de oameni politici din opozitie, a hotarat, in  conditiile in care si Italia facea la fel, ca Romania sa adopte o  politica de neutralitate armata, respingand astfel cererea regelui Carol  I de a intra in razboi de partea Puterilor Centrale. In urma  asasinatului de la Sarajevo, Austro-Ungaria ataca pe 28 iulie Regatul  Sarb. Dupa doua zile, Rusia mobilizeaza in ajutorul sarbilor o armata de  1,2 milioane de militari. Germania someaza Rusia sa-si retraga fortele  in 24 de ore. In caz contrar ii declara razboi. Rusia refuza  ultimatumul, iar Germania se tine de promisiune. Franta primeste si ea  declaratia de razboi a Germaniei in data de 30 august, ea fiind aliata  Rusiei. Conform planului Schlieffen, Franta trebuia invadata inainte ca  Rusia sa fie gata de razboi, altfel Germania trebuia sa lupte pe doua  fronturi, atat in vest, cat si in est. Linia fortificata de pe granita  franceza se putea ocoli prin Belgia. Dar cum ea se declarase neutra, si  nu permitea trecerea trupelor germane pe teritoriul sau, in 4 august  este invadata de Germania. Deoarece Marea Britanie apara neutralitatea  Belgiei, ea declara razboi in aceeasi zi Germaniei. Nu trecusera nici  cinci saptamani de la atentat si toata Europa se afla in razboi. In  noiembrie Turcia intra in razboi de partea Puterilor Centrale. In 1915  Italia intra in razboi de partea Antantei. In Romania, in perioada 13-29  iunie 1916 au loc demonstratii antirazboinice. Astfel, intre 4-17  august se semneaza la Bucuresti Tratatul de alianta intre Romania si  Antanta. Printre conditiile intrarii Romaniei in razboi contra Puterilor  Centrale se stipula si satisfacerea dezinteratului unirii cu Romania a  teritoriilor romanesti din Austro-Ungaria. Primul Razboi Mondial a durat  pana in 11 noiembrie 1918, cand a intrat in vigoare armistitiul cerut  de Germania pe data de 31 octombrie 1918. La tratativele de pace din  iunie 1919, puterile invingatoare au impus conditii aspre invinsilor.  Razboiul menit sa \u201cpuna capat oricarui razboi\u201d se sfarsise cu cei mai  multi morti de pana atunci de partea ambelor tabere.<\/span><\/div>\n<div style=\"margin-top: 0px; margin-bottom: 0px;\" class=\"sharethis-inline-share-buttons\" ><\/div>","protected":false},"excerpt":{"rendered":"<p>La 28 iunie1914, printul austriac Frant-Ferdinand efectua o vizita oficiala la Sarajevo. A fost asasinat, impreuna cu sotia sa, de catre Gavrilo Princip, un studen bosniac. Acesta a f\u0103cut parte dintr-un grup de cincisprezece asasini, sus\u0163inu\u0163i de M\u00e2na Neagr\u0103, o societate secret\u0103 fundat\u0103 de na\u0163ionali\u015fti pro-s\u00e2rbi, cu leg\u0103turi \u00een armata Serbiei. Asasinatul a amorsat tensiunea [&hellip;]<\/p>\n","protected":false},"author":1,"featured_media":0,"comment_status":"open","ping_status":"closed","sticky":false,"template":"","format":"standard","meta":{"_monsterinsights_skip_tracking":false,"_monsterinsights_sitenote_active":false,"_monsterinsights_sitenote_note":"","_monsterinsights_sitenote_category":0,"footnotes":""},"categories":[1],"tags":[],"aioseo_notices":[],"yoast_head":"<!-- This site is optimized with the Yoast SEO plugin v21.1 - https:\/\/yoast.com\/wordpress\/plugins\/seo\/ -->\n<title>Criza din iulie 1914. \u00cenceputul Primului R\u0103zboi Mondial. - Jobs\/ Internships\/ Scholarships\/<\/title>\n<meta name=\"robots\" content=\"index, follow, max-snippet:-1, max-image-preview:large, max-video-preview:-1\" \/>\n<link rel=\"canonical\" href=\"https:\/\/rubyskynews.com\/index.php\/2011\/02\/28\/criza-din-iulie-1914-inceputul-primului-2\/\" \/>\n<meta property=\"og:locale\" content=\"en_US\" \/>\n<meta property=\"og:type\" content=\"article\" \/>\n<meta property=\"og:title\" content=\"Criza din iulie 1914. \u00cenceputul Primului R\u0103zboi Mondial. - Jobs\/ Internships\/ Scholarships\/\" \/>\n<meta property=\"og:description\" content=\"La 28 iunie1914, printul austriac Frant-Ferdinand efectua o vizita oficiala la Sarajevo. A fost asasinat, impreuna cu sotia sa, de catre Gavrilo Princip, un studen bosniac. Acesta a f\u0103cut parte dintr-un grup de cincisprezece asasini, sus\u0163inu\u0163i de M\u00e2na Neagr\u0103, o societate secret\u0103 fundat\u0103 de na\u0163ionali\u015fti pro-s\u00e2rbi, cu leg\u0103turi \u00een armata Serbiei. Asasinatul a amorsat tensiunea [&hellip;]\" \/>\n<meta property=\"og:url\" content=\"https:\/\/rubyskynews.com\/index.php\/2011\/02\/28\/criza-din-iulie-1914-inceputul-primului-2\/\" \/>\n<meta property=\"og:site_name\" content=\"Jobs\/ Internships\/ Scholarships\/\" \/>\n<meta property=\"article:published_time\" content=\"2011-02-28T13:57:00+00:00\" \/>\n<meta property=\"article:modified_time\" content=\"2020-09-25T09:47:01+00:00\" \/>\n<meta name=\"author\" content=\"eurointern\" \/>\n<meta name=\"twitter:card\" content=\"summary_large_image\" \/>\n<meta name=\"twitter:label1\" content=\"Written by\" \/>\n\t<meta name=\"twitter:data1\" content=\"eurointern\" \/>\n\t<meta name=\"twitter:label2\" content=\"Est. reading time\" \/>\n\t<meta name=\"twitter:data2\" content=\"4 minutes\" \/>\n<script type=\"application\/ld+json\" class=\"yoast-schema-graph\">{\"@context\":\"https:\/\/schema.org\",\"@graph\":[{\"@type\":\"WebPage\",\"@id\":\"https:\/\/rubyskynews.com\/index.php\/2011\/02\/28\/criza-din-iulie-1914-inceputul-primului-2\/\",\"url\":\"https:\/\/rubyskynews.com\/index.php\/2011\/02\/28\/criza-din-iulie-1914-inceputul-primului-2\/\",\"name\":\"Criza din iulie 1914. \u00cenceputul Primului R\u0103zboi Mondial. - Jobs\/ Internships\/ Scholarships\/\",\"isPartOf\":{\"@id\":\"https:\/\/rubyskynews.com\/#website\"},\"datePublished\":\"2011-02-28T13:57:00+00:00\",\"dateModified\":\"2020-09-25T09:47:01+00:00\",\"author\":{\"@id\":\"https:\/\/rubyskynews.com\/#\/schema\/person\/2bf02c24278f4ce807817c8f91add34d\"},\"breadcrumb\":{\"@id\":\"https:\/\/rubyskynews.com\/index.php\/2011\/02\/28\/criza-din-iulie-1914-inceputul-primului-2\/#breadcrumb\"},\"inLanguage\":\"en-US\",\"potentialAction\":[{\"@type\":\"ReadAction\",\"target\":[\"https:\/\/rubyskynews.com\/index.php\/2011\/02\/28\/criza-din-iulie-1914-inceputul-primului-2\/\"]}]},{\"@type\":\"BreadcrumbList\",\"@id\":\"https:\/\/rubyskynews.com\/index.php\/2011\/02\/28\/criza-din-iulie-1914-inceputul-primului-2\/#breadcrumb\",\"itemListElement\":[{\"@type\":\"ListItem\",\"position\":1,\"name\":\"Home\",\"item\":\"https:\/\/rubyskynews.com\/\"},{\"@type\":\"ListItem\",\"position\":2,\"name\":\"Criza din iulie 1914. \u00cenceputul Primului R\u0103zboi Mondial.\"}]},{\"@type\":\"WebSite\",\"@id\":\"https:\/\/rubyskynews.com\/#website\",\"url\":\"https:\/\/rubyskynews.com\/\",\"name\":\"Jobs\/ Internships\/ Scholarships\/\",\"description\":\"Internships\/ Scholarships\/  Grants\",\"potentialAction\":[{\"@type\":\"SearchAction\",\"target\":{\"@type\":\"EntryPoint\",\"urlTemplate\":\"https:\/\/rubyskynews.com\/?s={search_term_string}\"},\"query-input\":\"required name=search_term_string\"}],\"inLanguage\":\"en-US\"},{\"@type\":\"Person\",\"@id\":\"https:\/\/rubyskynews.com\/#\/schema\/person\/2bf02c24278f4ce807817c8f91add34d\",\"name\":\"eurointern\",\"image\":{\"@type\":\"ImageObject\",\"inLanguage\":\"en-US\",\"@id\":\"https:\/\/rubyskynews.com\/#\/schema\/person\/image\/\",\"url\":\"https:\/\/secure.gravatar.com\/avatar\/4ba0ee69eda3e0c9ec9a3c49a6c7a82b?s=96&d=mm&r=g\",\"contentUrl\":\"https:\/\/secure.gravatar.com\/avatar\/4ba0ee69eda3e0c9ec9a3c49a6c7a82b?s=96&d=mm&r=g\",\"caption\":\"eurointern\"},\"sameAs\":[\"http:\/\/rubyskynews.com\"],\"url\":\"https:\/\/rubyskynews.com\/index.php\/author\/eurointern28gmail-com\/\"}]}<\/script>\n<!-- \/ Yoast SEO plugin. -->","yoast_head_json":{"title":"Criza din iulie 1914. \u00cenceputul Primului R\u0103zboi Mondial. - Jobs\/ Internships\/ Scholarships\/","robots":{"index":"index","follow":"follow","max-snippet":"max-snippet:-1","max-image-preview":"max-image-preview:large","max-video-preview":"max-video-preview:-1"},"canonical":"https:\/\/rubyskynews.com\/index.php\/2011\/02\/28\/criza-din-iulie-1914-inceputul-primului-2\/","og_locale":"en_US","og_type":"article","og_title":"Criza din iulie 1914. \u00cenceputul Primului R\u0103zboi Mondial. - Jobs\/ Internships\/ Scholarships\/","og_description":"La 28 iunie1914, printul austriac Frant-Ferdinand efectua o vizita oficiala la Sarajevo. A fost asasinat, impreuna cu sotia sa, de catre Gavrilo Princip, un studen bosniac. Acesta a f\u0103cut parte dintr-un grup de cincisprezece asasini, sus\u0163inu\u0163i de M\u00e2na Neagr\u0103, o societate secret\u0103 fundat\u0103 de na\u0163ionali\u015fti pro-s\u00e2rbi, cu leg\u0103turi \u00een armata Serbiei. Asasinatul a amorsat tensiunea [&hellip;]","og_url":"https:\/\/rubyskynews.com\/index.php\/2011\/02\/28\/criza-din-iulie-1914-inceputul-primului-2\/","og_site_name":"Jobs\/ Internships\/ Scholarships\/","article_published_time":"2011-02-28T13:57:00+00:00","article_modified_time":"2020-09-25T09:47:01+00:00","author":"eurointern","twitter_card":"summary_large_image","twitter_misc":{"Written by":"eurointern","Est. reading time":"4 minutes"},"schema":{"@context":"https:\/\/schema.org","@graph":[{"@type":"WebPage","@id":"https:\/\/rubyskynews.com\/index.php\/2011\/02\/28\/criza-din-iulie-1914-inceputul-primului-2\/","url":"https:\/\/rubyskynews.com\/index.php\/2011\/02\/28\/criza-din-iulie-1914-inceputul-primului-2\/","name":"Criza din iulie 1914. \u00cenceputul Primului R\u0103zboi Mondial. - Jobs\/ Internships\/ Scholarships\/","isPartOf":{"@id":"https:\/\/rubyskynews.com\/#website"},"datePublished":"2011-02-28T13:57:00+00:00","dateModified":"2020-09-25T09:47:01+00:00","author":{"@id":"https:\/\/rubyskynews.com\/#\/schema\/person\/2bf02c24278f4ce807817c8f91add34d"},"breadcrumb":{"@id":"https:\/\/rubyskynews.com\/index.php\/2011\/02\/28\/criza-din-iulie-1914-inceputul-primului-2\/#breadcrumb"},"inLanguage":"en-US","potentialAction":[{"@type":"ReadAction","target":["https:\/\/rubyskynews.com\/index.php\/2011\/02\/28\/criza-din-iulie-1914-inceputul-primului-2\/"]}]},{"@type":"BreadcrumbList","@id":"https:\/\/rubyskynews.com\/index.php\/2011\/02\/28\/criza-din-iulie-1914-inceputul-primului-2\/#breadcrumb","itemListElement":[{"@type":"ListItem","position":1,"name":"Home","item":"https:\/\/rubyskynews.com\/"},{"@type":"ListItem","position":2,"name":"Criza din iulie 1914. \u00cenceputul Primului R\u0103zboi Mondial."}]},{"@type":"WebSite","@id":"https:\/\/rubyskynews.com\/#website","url":"https:\/\/rubyskynews.com\/","name":"Jobs\/ Internships\/ Scholarships\/","description":"Internships\/ Scholarships\/  Grants","potentialAction":[{"@type":"SearchAction","target":{"@type":"EntryPoint","urlTemplate":"https:\/\/rubyskynews.com\/?s={search_term_string}"},"query-input":"required name=search_term_string"}],"inLanguage":"en-US"},{"@type":"Person","@id":"https:\/\/rubyskynews.com\/#\/schema\/person\/2bf02c24278f4ce807817c8f91add34d","name":"eurointern","image":{"@type":"ImageObject","inLanguage":"en-US","@id":"https:\/\/rubyskynews.com\/#\/schema\/person\/image\/","url":"https:\/\/secure.gravatar.com\/avatar\/4ba0ee69eda3e0c9ec9a3c49a6c7a82b?s=96&d=mm&r=g","contentUrl":"https:\/\/secure.gravatar.com\/avatar\/4ba0ee69eda3e0c9ec9a3c49a6c7a82b?s=96&d=mm&r=g","caption":"eurointern"},"sameAs":["http:\/\/rubyskynews.com"],"url":"https:\/\/rubyskynews.com\/index.php\/author\/eurointern28gmail-com\/"}]}},"_links":{"self":[{"href":"https:\/\/rubyskynews.com\/index.php\/wp-json\/wp\/v2\/posts\/27557"}],"collection":[{"href":"https:\/\/rubyskynews.com\/index.php\/wp-json\/wp\/v2\/posts"}],"about":[{"href":"https:\/\/rubyskynews.com\/index.php\/wp-json\/wp\/v2\/types\/post"}],"author":[{"embeddable":true,"href":"https:\/\/rubyskynews.com\/index.php\/wp-json\/wp\/v2\/users\/1"}],"replies":[{"embeddable":true,"href":"https:\/\/rubyskynews.com\/index.php\/wp-json\/wp\/v2\/comments?post=27557"}],"version-history":[{"count":0,"href":"https:\/\/rubyskynews.com\/index.php\/wp-json\/wp\/v2\/posts\/27557\/revisions"}],"wp:attachment":[{"href":"https:\/\/rubyskynews.com\/index.php\/wp-json\/wp\/v2\/media?parent=27557"}],"wp:term":[{"taxonomy":"category","embeddable":true,"href":"https:\/\/rubyskynews.com\/index.php\/wp-json\/wp\/v2\/categories?post=27557"},{"taxonomy":"post_tag","embeddable":true,"href":"https:\/\/rubyskynews.com\/index.php\/wp-json\/wp\/v2\/tags?post=27557"}],"curies":[{"name":"wp","href":"https:\/\/api.w.org\/{rel}","templated":true}]}}