{"id":27551,"date":"2011-02-28T13:58:00","date_gmt":"2011-02-28T13:58:00","guid":{"rendered":""},"modified":"2020-09-25T09:47:01","modified_gmt":"2020-09-25T09:47:01","slug":"miscarea-anticoloniala-in-tarile-2","status":"publish","type":"post","link":"https:\/\/rubyskynews.com\/index.php\/2011\/02\/28\/miscarea-anticoloniala-in-tarile-2\/","title":{"rendered":"Mi\u015fcarea anticolonial\u0103 \u00een \u0162\u0103rile Americii Latine \u015fi \u00eenceputul crizei sistemului colonial din regiune."},"content":{"rendered":"<div style=\"margin-top: 0px; margin-bottom: 0px;\" class=\"sharethis-inline-share-buttons\" ><\/div><div style=\"text-align: justify;\"><span style=\"line-height: 150%;\">Exploatarea  nemiloas\u0103 a popoarelor din America Latin\u0103, stagnarea dezvolt\u0103rii  economice, sclavia, lipsa drepturilor politice au fost cauzele care au  dat na\u015ftere mi\u015fc\u0103rii de eliberare a coloniilor. <\/span><span style=\"line-height: 150%;\">La  sf\u00e2r\u015fitul secolului al XVIII-lea \u015fi \u00eenceputul secolului al XIX-lea,  sistemul colonial din America Latin\u0103 intrase \u00een criz\u0103. Aceast\u0103 criz\u0103 a  stimulat mi\u015fcarea de eliberare na\u0163ional\u0103 din colonii. O mare influen\u0163\u0103  asupra acestei mi\u015fc\u0103ri a exercitat-o R\u0103zboiul pentru independen\u0163\u0103 al  coloniilor engleze din America de Nord \u015fi Marea Revolu\u0163ie francez\u0103. <\/span><span style=\"line-height: 150%;\">\u00cen  anii 1791-1803 a avut loc r\u0103scoala sclavilor negri de pe insula Haiti,  condus\u0103 de fostul sclav &#8211; generalul Toussaint L&#8217;Ouverture. \u00een urma  r\u0103scoalei, la 1 ianuarie 1804, fosta colonie francez\u0103 \u015fi spaniol\u0103 \u015fi-a  proclamat independen\u0163a sub numele de Republica Haiti &#8211; primul stat  suveran din Marea Caraibilor \u015fi, totodat\u0103, prima \u00een istorie republic\u0103  locuit\u0103 de negri. Aici a fost lichidat\u0103 sclavia \u015fi stabilit\u0103 egalitatea  tuturor cet\u0103\u0163enilor \u00een fa\u0163a legii.<\/span><span style=\"line-height: 150%;\">Evenimentele<span> <\/span>din<span> <\/span>Haiti<span> <\/span>au intensificat lupta de eliberare \u00een celelalte colonii latino-americane, \u00een care s-au \u00eencadrat plantatorii creoli, mo\u015fierii, <a href=\"\" name=\"more\"><\/a>st\u0103p\u00e2nii  minelor, care suportau pagube din cauza crizei economice, legate de  r\u0103zboaiele napoleoniene, \u015fi erau lipsi\u0163i de posibilitatea de a-\u015fi Vinde  liber produc\u0163ia peste hotare. La lupta de eliberare au aderat de  asemenea elementele burgheze, mai ales cele comerciale, \u015fi t\u00e2n\u0103ra  intelectualitate, care propov\u0103duia ideile Revolu\u0163iei franceze despre  egalitate \u015fi suveranitatea poporului. For\u0163a conduc\u0103toare a mi\u015fc\u0103rii de  eliberare o alc\u0103tuiau creolii revolu\u0163ionari.<\/span><\/div>\n<p><\/p>\n<div style=\"text-align: justify;\"><span style=\"line-height: 150%;\">Un  stimulent pentru intensificarea mi\u015fc\u0103rii de eliberare au fost  evenimentele din Spania &#8211; invazia francez\u0103 \u015fi lupta revolu\u0163ionar\u0103 de  eliberare a poporului spaniol. Ins\u0103 revolu\u0163ionarii spanioli nu aveau de  g\u00e2nd s\u0103 elibereze coloniile \u015fi nici s\u0103 le egaleze \u00een drepturi cu  metropola. <\/span><span style=\"line-height: 150%;\">\u00cencep\u00e2nd cu anul  1810, mi\u015fcarea de eliberare na\u0163ional\u0103 a cuprins \u00eentreaga Americ\u0103 Latin\u0103.  P\u00e2n\u0103 \u00een anul 1818, majoritatea coloniilor s-au eliberat \u015fi s-au  proclamat republici independente. Spaniolii au reu\u015fit s\u0103 lichideze  independen\u0163a majorit\u0103\u0163ii din ele.<\/span><\/div>\n<p><\/p>\n<div style=\"text-align: justify;\"><span style=\"line-height: 150%;\">\u00een  anii 1819-1826, ca rezultat al unui nou av\u00e2nt al mi\u015fc\u0103rii de eliberare  na\u0163ional\u0103, \u00een care au fost atra\u015fi b\u0103\u015ftina\u015fii \u015fi negrii, America Central\u0103  \u015fi de Sud (cu excep\u0163ia insulelor Cuba \u015fi Puerto-Rico) ob\u0163in  independen\u0163\u0103 deplin\u0103.<\/span><\/div>\n<p><\/p>\n<div style=\"text-align: justify;\"><span style=\"line-height: 150%;\">Unul din cei mai de vaz\u0103 conduc\u0103tori ai mi\u015fc\u0103rii de eliberare na\u0163ional\u0103 a fost t\u00e2n\u0103rul ofi\u0163er Simon Bolivar (1783-1830).<\/span><\/div>\n<p><\/p>\n<div style=\"text-align: justify;\"><span style=\"line-height: 150%;\">El  prevedea \u00een programul s\u0103u lichidarea sclaviei \u015fi \u00eempropriet\u0103rirea  participan\u0163ilor la lupta pentru independen\u0163\u0103, care a fost grea \u015fi  istovitoare. Visul lui era eliberarea \u015fi unirea popoarelor  latino-americane.<\/span><\/div>\n<p><\/p>\n<div style=\"text-align: justify;\"><span style=\"line-height: 150%;\">Cu  armata revolu\u0163ionar\u0103, majoritatea c\u0103reia o alc\u0103tuiau \u0163\u0103ranii  amerindieni \u015fi negrii, \u00een anul 1819 Simon Bolinar \u00eenvinge o\u015ftirile  spaniole \u015fi elibereaz\u0103 toat\u0103 Columbia, iar \u00een anul 1821 &#8211; Venezuela. Au  mai fost eliberate Grenada Nou\u0103, Panama \u015fi Ecuadorul. Concomitent  r\u0103zboiul de eliberare s-a desf\u0103\u015furat \u015fi \u00een alte regiuni ale Americii de  Sud. Sub conducerea talentatului general Jose de San Martin, armata  revolu\u0163ionar\u0103 a eliberat Argentina, apoi, cu ajutorul armatei lui  Bolivar, a eliberat teritoriile Chile \u015fi Peru.<\/span><\/div>\n<p><\/p>\n<div style=\"text-align: justify;\"><span style=\"line-height: 150%;\">Mi\u015fcarea  de eliberare a cuprins \u015fi colonia portughez\u0103 Brazilia. Profit\u00e2nd de  greut\u0103\u0163ile \u00eent\u00e2mpinate de guvernul metropolei \u00een leg\u0103tur\u0103 cu revolu\u0163ia  din Portugalia (1820-1823), brazilienii au proclamat, \u00een anul 1822,  independen\u0163a Braziliei sub form\u0103 de stat imperial. Aici, timp  \u00eendelungat, a continuat lupta pentru republic\u0103 \u015fi anularea sclaviei.<\/span><\/div>\n<p><\/p>\n<div style=\"text-align: justify;\"><span style=\"line-height: 150%;\">Eliberarea  coloniilor spaniole din America Latin\u0103, cu excep\u0163ia insulelor Cuba \u015fi  Puerto-Rico, a fost des\u0103v\u00e2r\u015fit\u0103 \u00een anul 1826 prin eliberarea complet\u0103 a  republicilor Peru \u015fi Chile.<\/span><\/div>\n<div style=\"margin-top: 0px; margin-bottom: 0px;\" class=\"sharethis-inline-share-buttons\" ><\/div>","protected":false},"excerpt":{"rendered":"<p>Exploatarea nemiloas\u0103 a popoarelor din America Latin\u0103, stagnarea dezvolt\u0103rii economice, sclavia, lipsa drepturilor politice au fost cauzele care au dat na\u015ftere mi\u015fc\u0103rii de eliberare a coloniilor. La sf\u00e2r\u015fitul secolului al XVIII-lea \u015fi \u00eenceputul secolului al XIX-lea, sistemul colonial din America Latin\u0103 intrase \u00een criz\u0103. Aceast\u0103 criz\u0103 a stimulat mi\u015fcarea de eliberare na\u0163ional\u0103 din colonii. O [&hellip;]<\/p>\n","protected":false},"author":1,"featured_media":0,"comment_status":"open","ping_status":"closed","sticky":false,"template":"","format":"standard","meta":{"_monsterinsights_skip_tracking":false,"_monsterinsights_sitenote_active":false,"_monsterinsights_sitenote_note":"","_monsterinsights_sitenote_category":0,"footnotes":""},"categories":[1],"tags":[],"aioseo_notices":[],"yoast_head":"<!-- This site is optimized with the Yoast SEO plugin v21.1 - https:\/\/yoast.com\/wordpress\/plugins\/seo\/ -->\n<title>Mi\u015fcarea anticolonial\u0103 \u00een \u0162\u0103rile Americii Latine \u015fi \u00eenceputul crizei sistemului colonial din regiune. - Jobs\/ Internships\/ Scholarships\/<\/title>\n<meta name=\"robots\" content=\"index, follow, max-snippet:-1, max-image-preview:large, max-video-preview:-1\" \/>\n<link rel=\"canonical\" href=\"https:\/\/rubyskynews.com\/index.php\/2011\/02\/28\/miscarea-anticoloniala-in-tarile-2\/\" \/>\n<meta property=\"og:locale\" content=\"en_US\" \/>\n<meta property=\"og:type\" content=\"article\" \/>\n<meta property=\"og:title\" content=\"Mi\u015fcarea anticolonial\u0103 \u00een \u0162\u0103rile Americii Latine \u015fi \u00eenceputul crizei sistemului colonial din regiune. - Jobs\/ Internships\/ Scholarships\/\" \/>\n<meta property=\"og:description\" content=\"Exploatarea nemiloas\u0103 a popoarelor din America Latin\u0103, stagnarea dezvolt\u0103rii economice, sclavia, lipsa drepturilor politice au fost cauzele care au dat na\u015ftere mi\u015fc\u0103rii de eliberare a coloniilor. La sf\u00e2r\u015fitul secolului al XVIII-lea \u015fi \u00eenceputul secolului al XIX-lea, sistemul colonial din America Latin\u0103 intrase \u00een criz\u0103. Aceast\u0103 criz\u0103 a stimulat mi\u015fcarea de eliberare na\u0163ional\u0103 din colonii. O [&hellip;]\" \/>\n<meta property=\"og:url\" content=\"https:\/\/rubyskynews.com\/index.php\/2011\/02\/28\/miscarea-anticoloniala-in-tarile-2\/\" \/>\n<meta property=\"og:site_name\" content=\"Jobs\/ Internships\/ Scholarships\/\" \/>\n<meta property=\"article:published_time\" content=\"2011-02-28T13:58:00+00:00\" \/>\n<meta property=\"article:modified_time\" content=\"2020-09-25T09:47:01+00:00\" \/>\n<meta name=\"author\" content=\"eurointern\" \/>\n<meta name=\"twitter:card\" content=\"summary_large_image\" \/>\n<meta name=\"twitter:label1\" content=\"Written by\" \/>\n\t<meta name=\"twitter:data1\" content=\"eurointern\" \/>\n\t<meta name=\"twitter:label2\" content=\"Est. reading time\" \/>\n\t<meta name=\"twitter:data2\" content=\"3 minutes\" \/>\n<script type=\"application\/ld+json\" class=\"yoast-schema-graph\">{\"@context\":\"https:\/\/schema.org\",\"@graph\":[{\"@type\":\"WebPage\",\"@id\":\"https:\/\/rubyskynews.com\/index.php\/2011\/02\/28\/miscarea-anticoloniala-in-tarile-2\/\",\"url\":\"https:\/\/rubyskynews.com\/index.php\/2011\/02\/28\/miscarea-anticoloniala-in-tarile-2\/\",\"name\":\"Mi\u015fcarea anticolonial\u0103 \u00een \u0162\u0103rile Americii Latine \u015fi \u00eenceputul crizei sistemului colonial din regiune. - Jobs\/ Internships\/ Scholarships\/\",\"isPartOf\":{\"@id\":\"https:\/\/rubyskynews.com\/#website\"},\"datePublished\":\"2011-02-28T13:58:00+00:00\",\"dateModified\":\"2020-09-25T09:47:01+00:00\",\"author\":{\"@id\":\"https:\/\/rubyskynews.com\/#\/schema\/person\/2bf02c24278f4ce807817c8f91add34d\"},\"breadcrumb\":{\"@id\":\"https:\/\/rubyskynews.com\/index.php\/2011\/02\/28\/miscarea-anticoloniala-in-tarile-2\/#breadcrumb\"},\"inLanguage\":\"en-US\",\"potentialAction\":[{\"@type\":\"ReadAction\",\"target\":[\"https:\/\/rubyskynews.com\/index.php\/2011\/02\/28\/miscarea-anticoloniala-in-tarile-2\/\"]}]},{\"@type\":\"BreadcrumbList\",\"@id\":\"https:\/\/rubyskynews.com\/index.php\/2011\/02\/28\/miscarea-anticoloniala-in-tarile-2\/#breadcrumb\",\"itemListElement\":[{\"@type\":\"ListItem\",\"position\":1,\"name\":\"Home\",\"item\":\"https:\/\/rubyskynews.com\/\"},{\"@type\":\"ListItem\",\"position\":2,\"name\":\"Mi\u015fcarea anticolonial\u0103 \u00een \u0162\u0103rile Americii Latine \u015fi \u00eenceputul crizei sistemului colonial din regiune.\"}]},{\"@type\":\"WebSite\",\"@id\":\"https:\/\/rubyskynews.com\/#website\",\"url\":\"https:\/\/rubyskynews.com\/\",\"name\":\"Jobs\/ Internships\/ Scholarships\/\",\"description\":\"Internships\/ Scholarships\/  Grants\",\"potentialAction\":[{\"@type\":\"SearchAction\",\"target\":{\"@type\":\"EntryPoint\",\"urlTemplate\":\"https:\/\/rubyskynews.com\/?s={search_term_string}\"},\"query-input\":\"required name=search_term_string\"}],\"inLanguage\":\"en-US\"},{\"@type\":\"Person\",\"@id\":\"https:\/\/rubyskynews.com\/#\/schema\/person\/2bf02c24278f4ce807817c8f91add34d\",\"name\":\"eurointern\",\"image\":{\"@type\":\"ImageObject\",\"inLanguage\":\"en-US\",\"@id\":\"https:\/\/rubyskynews.com\/#\/schema\/person\/image\/\",\"url\":\"https:\/\/secure.gravatar.com\/avatar\/4ba0ee69eda3e0c9ec9a3c49a6c7a82b?s=96&d=mm&r=g\",\"contentUrl\":\"https:\/\/secure.gravatar.com\/avatar\/4ba0ee69eda3e0c9ec9a3c49a6c7a82b?s=96&d=mm&r=g\",\"caption\":\"eurointern\"},\"sameAs\":[\"http:\/\/rubyskynews.com\"],\"url\":\"https:\/\/rubyskynews.com\/index.php\/author\/eurointern28gmail-com\/\"}]}<\/script>\n<!-- \/ Yoast SEO plugin. -->","yoast_head_json":{"title":"Mi\u015fcarea anticolonial\u0103 \u00een \u0162\u0103rile Americii Latine \u015fi \u00eenceputul crizei sistemului colonial din regiune. - Jobs\/ Internships\/ Scholarships\/","robots":{"index":"index","follow":"follow","max-snippet":"max-snippet:-1","max-image-preview":"max-image-preview:large","max-video-preview":"max-video-preview:-1"},"canonical":"https:\/\/rubyskynews.com\/index.php\/2011\/02\/28\/miscarea-anticoloniala-in-tarile-2\/","og_locale":"en_US","og_type":"article","og_title":"Mi\u015fcarea anticolonial\u0103 \u00een \u0162\u0103rile Americii Latine \u015fi \u00eenceputul crizei sistemului colonial din regiune. - Jobs\/ Internships\/ Scholarships\/","og_description":"Exploatarea nemiloas\u0103 a popoarelor din America Latin\u0103, stagnarea dezvolt\u0103rii economice, sclavia, lipsa drepturilor politice au fost cauzele care au dat na\u015ftere mi\u015fc\u0103rii de eliberare a coloniilor. La sf\u00e2r\u015fitul secolului al XVIII-lea \u015fi \u00eenceputul secolului al XIX-lea, sistemul colonial din America Latin\u0103 intrase \u00een criz\u0103. Aceast\u0103 criz\u0103 a stimulat mi\u015fcarea de eliberare na\u0163ional\u0103 din colonii. O [&hellip;]","og_url":"https:\/\/rubyskynews.com\/index.php\/2011\/02\/28\/miscarea-anticoloniala-in-tarile-2\/","og_site_name":"Jobs\/ Internships\/ Scholarships\/","article_published_time":"2011-02-28T13:58:00+00:00","article_modified_time":"2020-09-25T09:47:01+00:00","author":"eurointern","twitter_card":"summary_large_image","twitter_misc":{"Written by":"eurointern","Est. reading time":"3 minutes"},"schema":{"@context":"https:\/\/schema.org","@graph":[{"@type":"WebPage","@id":"https:\/\/rubyskynews.com\/index.php\/2011\/02\/28\/miscarea-anticoloniala-in-tarile-2\/","url":"https:\/\/rubyskynews.com\/index.php\/2011\/02\/28\/miscarea-anticoloniala-in-tarile-2\/","name":"Mi\u015fcarea anticolonial\u0103 \u00een \u0162\u0103rile Americii Latine \u015fi \u00eenceputul crizei sistemului colonial din regiune. - Jobs\/ Internships\/ Scholarships\/","isPartOf":{"@id":"https:\/\/rubyskynews.com\/#website"},"datePublished":"2011-02-28T13:58:00+00:00","dateModified":"2020-09-25T09:47:01+00:00","author":{"@id":"https:\/\/rubyskynews.com\/#\/schema\/person\/2bf02c24278f4ce807817c8f91add34d"},"breadcrumb":{"@id":"https:\/\/rubyskynews.com\/index.php\/2011\/02\/28\/miscarea-anticoloniala-in-tarile-2\/#breadcrumb"},"inLanguage":"en-US","potentialAction":[{"@type":"ReadAction","target":["https:\/\/rubyskynews.com\/index.php\/2011\/02\/28\/miscarea-anticoloniala-in-tarile-2\/"]}]},{"@type":"BreadcrumbList","@id":"https:\/\/rubyskynews.com\/index.php\/2011\/02\/28\/miscarea-anticoloniala-in-tarile-2\/#breadcrumb","itemListElement":[{"@type":"ListItem","position":1,"name":"Home","item":"https:\/\/rubyskynews.com\/"},{"@type":"ListItem","position":2,"name":"Mi\u015fcarea anticolonial\u0103 \u00een \u0162\u0103rile Americii Latine \u015fi \u00eenceputul crizei sistemului colonial din regiune."}]},{"@type":"WebSite","@id":"https:\/\/rubyskynews.com\/#website","url":"https:\/\/rubyskynews.com\/","name":"Jobs\/ Internships\/ Scholarships\/","description":"Internships\/ Scholarships\/  Grants","potentialAction":[{"@type":"SearchAction","target":{"@type":"EntryPoint","urlTemplate":"https:\/\/rubyskynews.com\/?s={search_term_string}"},"query-input":"required name=search_term_string"}],"inLanguage":"en-US"},{"@type":"Person","@id":"https:\/\/rubyskynews.com\/#\/schema\/person\/2bf02c24278f4ce807817c8f91add34d","name":"eurointern","image":{"@type":"ImageObject","inLanguage":"en-US","@id":"https:\/\/rubyskynews.com\/#\/schema\/person\/image\/","url":"https:\/\/secure.gravatar.com\/avatar\/4ba0ee69eda3e0c9ec9a3c49a6c7a82b?s=96&d=mm&r=g","contentUrl":"https:\/\/secure.gravatar.com\/avatar\/4ba0ee69eda3e0c9ec9a3c49a6c7a82b?s=96&d=mm&r=g","caption":"eurointern"},"sameAs":["http:\/\/rubyskynews.com"],"url":"https:\/\/rubyskynews.com\/index.php\/author\/eurointern28gmail-com\/"}]}},"_links":{"self":[{"href":"https:\/\/rubyskynews.com\/index.php\/wp-json\/wp\/v2\/posts\/27551"}],"collection":[{"href":"https:\/\/rubyskynews.com\/index.php\/wp-json\/wp\/v2\/posts"}],"about":[{"href":"https:\/\/rubyskynews.com\/index.php\/wp-json\/wp\/v2\/types\/post"}],"author":[{"embeddable":true,"href":"https:\/\/rubyskynews.com\/index.php\/wp-json\/wp\/v2\/users\/1"}],"replies":[{"embeddable":true,"href":"https:\/\/rubyskynews.com\/index.php\/wp-json\/wp\/v2\/comments?post=27551"}],"version-history":[{"count":0,"href":"https:\/\/rubyskynews.com\/index.php\/wp-json\/wp\/v2\/posts\/27551\/revisions"}],"wp:attachment":[{"href":"https:\/\/rubyskynews.com\/index.php\/wp-json\/wp\/v2\/media?parent=27551"}],"wp:term":[{"taxonomy":"category","embeddable":true,"href":"https:\/\/rubyskynews.com\/index.php\/wp-json\/wp\/v2\/categories?post=27551"},{"taxonomy":"post_tag","embeddable":true,"href":"https:\/\/rubyskynews.com\/index.php\/wp-json\/wp\/v2\/tags?post=27551"}],"curies":[{"name":"wp","href":"https:\/\/api.w.org\/{rel}","templated":true}]}}