{"id":27547,"date":"2011-02-28T14:06:00","date_gmt":"2011-02-28T14:06:00","guid":{"rendered":""},"modified":"2020-09-25T09:47:01","modified_gmt":"2020-09-25T09:47:01","slug":"structura-statala-italiei-in-ultima-2","status":"publish","type":"post","link":"https:\/\/rubyskynews.com\/index.php\/2011\/02\/28\/structura-statala-italiei-in-ultima-2\/","title":{"rendered":"Structura statal\u0103 a Italiei \u00een ultima treime a sec. al XIX-lea- \u00eenc. sec. XX."},"content":{"rendered":"<div style=\"margin-top: 0px; margin-bottom: 0px;\" class=\"sharethis-inline-share-buttons\" ><\/div><div style=\"text-align: justify;\">Regimul politic din Italia \u00een perioada 1870-1915 poate fi apreciat drept  liberal. Timp de dou\u0103 decenii dup\u0103 1870, a fost lini\u015fte \u00een \u0163ar\u0103 \u015fi s-a  \u00eenregistrat o cre\u015ftere economic\u0103, dar dup\u0103 anul 1890 au ap\u0103rut proteste  populare care au luat amploare. La \u00eenceputul secolului trecut  liberalismul avea s\u0103 se confrunte cu catolicismul politic, socialismul  \u015fi na\u0163ionalismul.Regimul parlamentar de la Roma urma s\u0103 \u00eendep\u0103rteze  tirania local\u0103 a marilor proprietari funciari, iar introducerea treptat\u0103  a \u00eenv\u0103\u0163\u0103m\u00e2ntului laic de stat avea s\u0103 contribuie la \u00eenfr\u00e2ngerea  influen\u0163ei at\u00e2t de puternice a Bisericii catolice. \u00een scopul  democratiz\u0103rii vie\u0163ii politice, \u00een anii 1882 \u015fi 1912 au fost adoptate<a href=\"\" name=\"more\"><\/a>  noi legi electorale care au l\u0103rgit dreptul de vot. Reforma din 1912 a&nbsp;  acordat dreptul de vot universal b\u0103rba\u0163ilor. Num\u0103rul aleg\u0103torilor s-a  m\u0103rit de la 3 la peste 8,7 mii. P\u00e2n\u0103 la 1876, Italia a fost condus\u0103 de  &#8220;liberai-conservatori&#8221;, a\u015fa-numita Dreapt\u0103 (Destra). Ace\u015ftia au  consolidat noul stat prin m\u0103surile adoptate \u015fi au \u00eencercat s\u0103 limiteze  influen\u0163a Papei \u00een politica intern\u0103. Suveranul Pontif, nemul\u0163umit de  restr\u00e2ngerea puterii sale laice la  Vatican, \u00eendemna mereu credincio\u015fii  catolici s\u0103 boicoteze via\u0163a public\u0103 a t\u00e2n\u0103rului stat. Autorit\u0103\u0163ile au  desfiin\u0163at multe organiza\u0163ii catolice \u015fi au secularizat domeniile  ecleziastice. Dup\u0103 1876, conducerea a revenit liberalilor de st\u00e2nga,  mul\u0163i dintre ei garibaldieni \u015fi republicani. Figura politic\u0103 central\u0103 a  perioadei a fost Agostino Depretis. El a promovat \u00een politic\u0103 stilul  Trans-formismo, o orientare moderat\u0103 \u015fi o cale evolutiv\u0103 \u00een dezvoltarea  social-economic\u0103.<br \/>\nReforma electoral\u0103 din 1882 a l\u0103rgit dreptul de vot  al \u015ftiutorilor de carte \u015fi a contribuit astfel la continuarea drumului  spre democratizare. Apar noi partide politice, inclusiv muncitore\u015fti. In  anul 1882 s-a creat Partidul Muncitoresc Independent Italian, iar peste  10 ani \u2014 Partidul Maselor Muncitoare Italiene (din 1895 Partidul  Socialist Italian). In iulie 1887, a murit pe c\u00e2nd se afla \u00een func\u0163ie  primul ministru Depretis, fapt care a favorizat preluarea puterii de  c\u0103tre Francesco Crispi. Conduc\u00e2nd \u0163ara, el s-a dovedit a fi un abil om  politic, reu\u015find s\u0103 atenueze criza care m\u0103cina liberalii italieni. \u00een  timpul guvern\u0103rii sale, \u00een Sicilia au ap\u0103rut Fasciue, iar mi\u015fcarea  muncitoreasc\u0103 dominat\u0103 de sociali\u015fti \u015fi anarhi\u015fti a luat mari propor\u0163ii.  In 1894 acestea au fost anihilate \u015fi peste 1000 de persoane au fost  deportate. F. Crispi a introdus un tarif vamal protec\u0163ionist, care a  nemul\u0163umit mul\u0163i membri ai elitei economice italiene. \u00eenfr\u00e2ngerea \u00een  campania militar\u0103 declan\u015fat\u0103 \u00een Etiopia a dus la sf\u00e2r\u015fitul brusc al  carierei politice a lui F. Crispi \u00een anul 1896.<br \/>\nIn urm\u0103toarea  perioad\u0103 a dominat figura politic\u0103 a liberalului Giovanni Giolitti. Ca  ministru de interne \u015fi apoi ca prim-ministru \u00eentre anii 1903-1914, cu  unele \u00eentreruperi, el a \u00eencercat m\u0103suri de apropiere \u00eentre clasa  politic\u0103 \u015fi masele italiene. Reformele sociale \u015fi cele \u00een domeniul  muncii, ca \u015fi reforma electoral\u0103, au fost pa\u015fi pe calea moderniz\u0103rii  societ\u0103\u0163ii italiene.\n<\/div>\n<div style=\"margin-top: 0px; margin-bottom: 0px;\" class=\"sharethis-inline-share-buttons\" ><\/div>","protected":false},"excerpt":{"rendered":"<p>Regimul politic din Italia \u00een perioada 1870-1915 poate fi apreciat drept liberal. Timp de dou\u0103 decenii dup\u0103 1870, a fost lini\u015fte \u00een \u0163ar\u0103 \u015fi s-a \u00eenregistrat o cre\u015ftere economic\u0103, dar dup\u0103 anul 1890 au ap\u0103rut proteste populare care au luat amploare. La \u00eenceputul secolului trecut liberalismul avea s\u0103 se confrunte cu catolicismul politic, socialismul \u015fi [&hellip;]<\/p>\n","protected":false},"author":1,"featured_media":0,"comment_status":"open","ping_status":"closed","sticky":false,"template":"","format":"standard","meta":{"_monsterinsights_skip_tracking":false,"_monsterinsights_sitenote_active":false,"_monsterinsights_sitenote_note":"","_monsterinsights_sitenote_category":0,"footnotes":""},"categories":[1],"tags":[],"aioseo_notices":[],"yoast_head":"<!-- This site is optimized with the Yoast SEO plugin v21.1 - https:\/\/yoast.com\/wordpress\/plugins\/seo\/ -->\n<title>Structura statal\u0103 a Italiei \u00een ultima treime a sec. al XIX-lea- \u00eenc. sec. XX. - Jobs\/ Internships\/ Scholarships\/<\/title>\n<meta name=\"robots\" content=\"index, follow, max-snippet:-1, max-image-preview:large, max-video-preview:-1\" \/>\n<link rel=\"canonical\" href=\"https:\/\/rubyskynews.com\/index.php\/2011\/02\/28\/structura-statala-italiei-in-ultima-2\/\" \/>\n<meta property=\"og:locale\" content=\"en_US\" \/>\n<meta property=\"og:type\" content=\"article\" \/>\n<meta property=\"og:title\" content=\"Structura statal\u0103 a Italiei \u00een ultima treime a sec. al XIX-lea- \u00eenc. sec. XX. - Jobs\/ Internships\/ Scholarships\/\" \/>\n<meta property=\"og:description\" content=\"Regimul politic din Italia \u00een perioada 1870-1915 poate fi apreciat drept liberal. Timp de dou\u0103 decenii dup\u0103 1870, a fost lini\u015fte \u00een \u0163ar\u0103 \u015fi s-a \u00eenregistrat o cre\u015ftere economic\u0103, dar dup\u0103 anul 1890 au ap\u0103rut proteste populare care au luat amploare. La \u00eenceputul secolului trecut liberalismul avea s\u0103 se confrunte cu catolicismul politic, socialismul \u015fi [&hellip;]\" \/>\n<meta property=\"og:url\" content=\"https:\/\/rubyskynews.com\/index.php\/2011\/02\/28\/structura-statala-italiei-in-ultima-2\/\" \/>\n<meta property=\"og:site_name\" content=\"Jobs\/ Internships\/ Scholarships\/\" \/>\n<meta property=\"article:published_time\" content=\"2011-02-28T14:06:00+00:00\" \/>\n<meta property=\"article:modified_time\" content=\"2020-09-25T09:47:01+00:00\" \/>\n<meta name=\"author\" content=\"eurointern\" \/>\n<meta name=\"twitter:card\" content=\"summary_large_image\" \/>\n<meta name=\"twitter:label1\" content=\"Written by\" \/>\n\t<meta name=\"twitter:data1\" content=\"eurointern\" \/>\n\t<meta name=\"twitter:label2\" content=\"Est. reading time\" \/>\n\t<meta name=\"twitter:data2\" content=\"3 minutes\" \/>\n<script type=\"application\/ld+json\" class=\"yoast-schema-graph\">{\"@context\":\"https:\/\/schema.org\",\"@graph\":[{\"@type\":\"WebPage\",\"@id\":\"https:\/\/rubyskynews.com\/index.php\/2011\/02\/28\/structura-statala-italiei-in-ultima-2\/\",\"url\":\"https:\/\/rubyskynews.com\/index.php\/2011\/02\/28\/structura-statala-italiei-in-ultima-2\/\",\"name\":\"Structura statal\u0103 a Italiei \u00een ultima treime a sec. al XIX-lea- \u00eenc. sec. XX. - Jobs\/ Internships\/ Scholarships\/\",\"isPartOf\":{\"@id\":\"https:\/\/rubyskynews.com\/#website\"},\"datePublished\":\"2011-02-28T14:06:00+00:00\",\"dateModified\":\"2020-09-25T09:47:01+00:00\",\"author\":{\"@id\":\"https:\/\/rubyskynews.com\/#\/schema\/person\/2bf02c24278f4ce807817c8f91add34d\"},\"breadcrumb\":{\"@id\":\"https:\/\/rubyskynews.com\/index.php\/2011\/02\/28\/structura-statala-italiei-in-ultima-2\/#breadcrumb\"},\"inLanguage\":\"en-US\",\"potentialAction\":[{\"@type\":\"ReadAction\",\"target\":[\"https:\/\/rubyskynews.com\/index.php\/2011\/02\/28\/structura-statala-italiei-in-ultima-2\/\"]}]},{\"@type\":\"BreadcrumbList\",\"@id\":\"https:\/\/rubyskynews.com\/index.php\/2011\/02\/28\/structura-statala-italiei-in-ultima-2\/#breadcrumb\",\"itemListElement\":[{\"@type\":\"ListItem\",\"position\":1,\"name\":\"Home\",\"item\":\"https:\/\/rubyskynews.com\/\"},{\"@type\":\"ListItem\",\"position\":2,\"name\":\"Structura statal\u0103 a Italiei \u00een ultima treime a sec. al XIX-lea- \u00eenc. sec. XX.\"}]},{\"@type\":\"WebSite\",\"@id\":\"https:\/\/rubyskynews.com\/#website\",\"url\":\"https:\/\/rubyskynews.com\/\",\"name\":\"Jobs\/ Internships\/ Scholarships\/\",\"description\":\"Internships\/ Scholarships\/  Grants\",\"potentialAction\":[{\"@type\":\"SearchAction\",\"target\":{\"@type\":\"EntryPoint\",\"urlTemplate\":\"https:\/\/rubyskynews.com\/?s={search_term_string}\"},\"query-input\":\"required name=search_term_string\"}],\"inLanguage\":\"en-US\"},{\"@type\":\"Person\",\"@id\":\"https:\/\/rubyskynews.com\/#\/schema\/person\/2bf02c24278f4ce807817c8f91add34d\",\"name\":\"eurointern\",\"image\":{\"@type\":\"ImageObject\",\"inLanguage\":\"en-US\",\"@id\":\"https:\/\/rubyskynews.com\/#\/schema\/person\/image\/\",\"url\":\"https:\/\/secure.gravatar.com\/avatar\/4ba0ee69eda3e0c9ec9a3c49a6c7a82b?s=96&d=mm&r=g\",\"contentUrl\":\"https:\/\/secure.gravatar.com\/avatar\/4ba0ee69eda3e0c9ec9a3c49a6c7a82b?s=96&d=mm&r=g\",\"caption\":\"eurointern\"},\"sameAs\":[\"http:\/\/rubyskynews.com\"],\"url\":\"https:\/\/rubyskynews.com\/index.php\/author\/eurointern28gmail-com\/\"}]}<\/script>\n<!-- \/ Yoast SEO plugin. -->","yoast_head_json":{"title":"Structura statal\u0103 a Italiei \u00een ultima treime a sec. al XIX-lea- \u00eenc. sec. XX. - Jobs\/ Internships\/ Scholarships\/","robots":{"index":"index","follow":"follow","max-snippet":"max-snippet:-1","max-image-preview":"max-image-preview:large","max-video-preview":"max-video-preview:-1"},"canonical":"https:\/\/rubyskynews.com\/index.php\/2011\/02\/28\/structura-statala-italiei-in-ultima-2\/","og_locale":"en_US","og_type":"article","og_title":"Structura statal\u0103 a Italiei \u00een ultima treime a sec. al XIX-lea- \u00eenc. sec. XX. - Jobs\/ Internships\/ Scholarships\/","og_description":"Regimul politic din Italia \u00een perioada 1870-1915 poate fi apreciat drept liberal. Timp de dou\u0103 decenii dup\u0103 1870, a fost lini\u015fte \u00een \u0163ar\u0103 \u015fi s-a \u00eenregistrat o cre\u015ftere economic\u0103, dar dup\u0103 anul 1890 au ap\u0103rut proteste populare care au luat amploare. La \u00eenceputul secolului trecut liberalismul avea s\u0103 se confrunte cu catolicismul politic, socialismul \u015fi [&hellip;]","og_url":"https:\/\/rubyskynews.com\/index.php\/2011\/02\/28\/structura-statala-italiei-in-ultima-2\/","og_site_name":"Jobs\/ Internships\/ Scholarships\/","article_published_time":"2011-02-28T14:06:00+00:00","article_modified_time":"2020-09-25T09:47:01+00:00","author":"eurointern","twitter_card":"summary_large_image","twitter_misc":{"Written by":"eurointern","Est. reading time":"3 minutes"},"schema":{"@context":"https:\/\/schema.org","@graph":[{"@type":"WebPage","@id":"https:\/\/rubyskynews.com\/index.php\/2011\/02\/28\/structura-statala-italiei-in-ultima-2\/","url":"https:\/\/rubyskynews.com\/index.php\/2011\/02\/28\/structura-statala-italiei-in-ultima-2\/","name":"Structura statal\u0103 a Italiei \u00een ultima treime a sec. al XIX-lea- \u00eenc. sec. XX. - Jobs\/ Internships\/ Scholarships\/","isPartOf":{"@id":"https:\/\/rubyskynews.com\/#website"},"datePublished":"2011-02-28T14:06:00+00:00","dateModified":"2020-09-25T09:47:01+00:00","author":{"@id":"https:\/\/rubyskynews.com\/#\/schema\/person\/2bf02c24278f4ce807817c8f91add34d"},"breadcrumb":{"@id":"https:\/\/rubyskynews.com\/index.php\/2011\/02\/28\/structura-statala-italiei-in-ultima-2\/#breadcrumb"},"inLanguage":"en-US","potentialAction":[{"@type":"ReadAction","target":["https:\/\/rubyskynews.com\/index.php\/2011\/02\/28\/structura-statala-italiei-in-ultima-2\/"]}]},{"@type":"BreadcrumbList","@id":"https:\/\/rubyskynews.com\/index.php\/2011\/02\/28\/structura-statala-italiei-in-ultima-2\/#breadcrumb","itemListElement":[{"@type":"ListItem","position":1,"name":"Home","item":"https:\/\/rubyskynews.com\/"},{"@type":"ListItem","position":2,"name":"Structura statal\u0103 a Italiei \u00een ultima treime a sec. al XIX-lea- \u00eenc. sec. XX."}]},{"@type":"WebSite","@id":"https:\/\/rubyskynews.com\/#website","url":"https:\/\/rubyskynews.com\/","name":"Jobs\/ Internships\/ Scholarships\/","description":"Internships\/ Scholarships\/  Grants","potentialAction":[{"@type":"SearchAction","target":{"@type":"EntryPoint","urlTemplate":"https:\/\/rubyskynews.com\/?s={search_term_string}"},"query-input":"required name=search_term_string"}],"inLanguage":"en-US"},{"@type":"Person","@id":"https:\/\/rubyskynews.com\/#\/schema\/person\/2bf02c24278f4ce807817c8f91add34d","name":"eurointern","image":{"@type":"ImageObject","inLanguage":"en-US","@id":"https:\/\/rubyskynews.com\/#\/schema\/person\/image\/","url":"https:\/\/secure.gravatar.com\/avatar\/4ba0ee69eda3e0c9ec9a3c49a6c7a82b?s=96&d=mm&r=g","contentUrl":"https:\/\/secure.gravatar.com\/avatar\/4ba0ee69eda3e0c9ec9a3c49a6c7a82b?s=96&d=mm&r=g","caption":"eurointern"},"sameAs":["http:\/\/rubyskynews.com"],"url":"https:\/\/rubyskynews.com\/index.php\/author\/eurointern28gmail-com\/"}]}},"_links":{"self":[{"href":"https:\/\/rubyskynews.com\/index.php\/wp-json\/wp\/v2\/posts\/27547"}],"collection":[{"href":"https:\/\/rubyskynews.com\/index.php\/wp-json\/wp\/v2\/posts"}],"about":[{"href":"https:\/\/rubyskynews.com\/index.php\/wp-json\/wp\/v2\/types\/post"}],"author":[{"embeddable":true,"href":"https:\/\/rubyskynews.com\/index.php\/wp-json\/wp\/v2\/users\/1"}],"replies":[{"embeddable":true,"href":"https:\/\/rubyskynews.com\/index.php\/wp-json\/wp\/v2\/comments?post=27547"}],"version-history":[{"count":0,"href":"https:\/\/rubyskynews.com\/index.php\/wp-json\/wp\/v2\/posts\/27547\/revisions"}],"wp:attachment":[{"href":"https:\/\/rubyskynews.com\/index.php\/wp-json\/wp\/v2\/media?parent=27547"}],"wp:term":[{"taxonomy":"category","embeddable":true,"href":"https:\/\/rubyskynews.com\/index.php\/wp-json\/wp\/v2\/categories?post=27547"},{"taxonomy":"post_tag","embeddable":true,"href":"https:\/\/rubyskynews.com\/index.php\/wp-json\/wp\/v2\/tags?post=27547"}],"curies":[{"name":"wp","href":"https:\/\/api.w.org\/{rel}","templated":true}]}}