{"id":27539,"date":"2011-02-28T14:09:00","date_gmt":"2011-02-28T14:09:00","guid":{"rendered":""},"modified":"2020-09-25T09:46:55","modified_gmt":"2020-09-25T09:46:55","slug":"viata-economica-si-lupta-politica-2","status":"publish","type":"post","link":"https:\/\/rubyskynews.com\/index.php\/2011\/02\/28\/viata-economica-si-lupta-politica-2\/","title":{"rendered":"Via\u0163a economic\u0103 \u015fi lupta politic\u0103 a Germaniei la \u00eenceputul sec. XX."},"content":{"rendered":"<div style=\"margin-top: 0px; margin-bottom: 0px;\" class=\"sharethis-inline-share-buttons\" ><\/div><div class=\"postBody\" style=\"color: black; text-align: justify;\">Dezvoltarea  economic\u0103 a Germaniei a avut drept rezultat crearea unui ansamblu  economic german omogen. Imperiul avea o larg\u0103 pia\u0163\u0103 intern\u0103, industrie  \u015fi agricultur\u0103 avansat\u0103, o perfect\u0103 re\u0163ea de comunica\u0163ii. Germania a  continuat s\u0103 se dezvolte cu ritmuri rapide. La \u00eenceputul sec. al XX-lea  ponderea ei \u00een produc\u0163ia industrial\u0103 mondial\u0103 a dep\u0103\u015fit 16%, iar \u00een 1910  ea a \u00eentrecut la acest indice Anglia \u015fi s-a plasat pe primul loc \u00een  Europa \u015fi pe cel de-al doilea \u00een lume, dup\u0103 SUA. In industria german\u0103 au  avut loc schimb\u0103ri structurale de ordin major. Ele erau condi\u0163ionate de  procesele de concentrare a produc\u0163iei \u015fi capi\u00adtalurilor. Cele mai  r\u0103sp\u00e2ndite forme de monopoluri germane erau cartelurile \u015fi sindicatele.  Unele dintre ele aveau propor\u0163ii enorme. Astfel sindicatul de extrac\u0163ie <a href=\"\" name=\"more\"><\/a>a  c\u0103rbunelui Rin-Westfalia controla mai mult de 68% din acesta ramur\u0103. Un  proces asem\u0103n\u0103tor avea loc \u015fi \u00een domeniul bancar. Evolu\u0163ia rapid\u0103 a  economiei a avut importante urm\u0103ri demografice \u015fi sociale. Num\u0103rul  proletarilor a crescut la peste 11 milioane. A fost rezultatul unui  amplu proces de urbanizare. A crescut polarizarea social\u0103, fapt care  genera tensiuni. Muncitorii creeaz\u0103 numeroase organiza\u0163ii sindicale,  care aveau menirea s\u0103 le apere in\u00adteresele. Num\u0103rul membrilor acestora a  crescut \u00een 1913 la aproape 3 mii. \u015ei \u00eentreprinz\u0103torii se \u00eentrunesc \u00een  asocia\u0163ii. \u00cen 1913 sociali\u015ftii aveau una din cele mai nume\u00adroase  frac\u0163iuni \u00een Reichstag de\u0163in\u00e2nd 110 mandate ca rezultat al votului a 4,2  mln. de aleg\u0103tori. \u00cen acela\u015fi timp, mi\u015fcarea socialist\u0103 nu a fost at\u00e2t  de uniform\u0103 ca \u00een perioada precedent\u0103. O parte din conduc\u0103torii s\u0103i,  numi\u0163i revizioni\u015fti, \u00een frunte cu E. Bernstein, renun\u0163\u0103 la ideile  marxiste radicale ale revolu\u0163iei socialiste. Ei optau pentru o  social-democra\u0163ie care lupt\u0103 pentru \u00eembun\u0103t\u0103\u0163irea condi\u0163iilor de via\u0163\u0103  ale muncitorilor \u015fi democrati\u00adzarea sistemului politic. La \u00eenceputul  sec. al XX-lea Germania provoca \u015fi se implica \u00een numeroase crize  interna\u0163ionale, fiecare dintre ele anticip\u00e2nd r\u0103zboiul. In anii &#8217;90  teritoriile coloniilor germane dep\u0103\u015feau ca suprafa\u0163\u0103 de 5 ori teritoriul  Germaniei, dar, \u00een acela\u015fi timp, erau de 12 ori mai mici dec\u00e2t  posesiunile coloniale engleze. Wilhelm al II-lea considera aceasta o  &#8220;nedreptate istoric\u0103&#8221; \u015fi cerea insistent ne\u00eemp\u0103r\u0163irea coloniilor. El  pretindea o po\u00adzi\u0163ie dominant\u0103 \u00een Europa, extinderea posesiunilor  coloniale \u00een Asia, Africa \u015fi Oceania, consolidarea influen\u0163ei \u00een Balcani  \u015fi Orient. Lozinca uDrang nac\u00eei Osten&#8221; (\u00eenaintarea c\u0103tre est) a  redevenit de actualitate. \u00een 1900 trupele germane au participat la  reprimarea r\u0103scoalei din China, unde ob\u0163inuser\u0103 propriile teritorii.  Preten\u0163iile asupra Marocului au dus la ciocniri diplomatice cu Fran\u0163a.  Divergen\u0163ele \u00een alte regiuni, cursa \u00eenarm\u0103rilor \u015fi construc\u0163ia noii  flote militare germane au ascu\u0163it contradic\u0163iile anglo-germane.  Preten\u0163iile de domina\u0163ie mondial\u0103 (&#8220;Weltpo\u00adlitik&#8221;&#8216;) erau sus\u0163inute de o  ampl\u0103 companie de propagare a ideilor \u015foviniste. Germanilor li se  insufla ura fa\u0163\u0103 de minorit\u0103\u0163ile na\u0163ionale \u015fi fa\u0163\u0103 de vecinii slavi \u015fi  latini. Toate acestea au dus la izbucnirea primului r\u0103zboi mondial.<\/div>\n<div style=\"margin-top: 0px; margin-bottom: 0px;\" class=\"sharethis-inline-share-buttons\" ><\/div>","protected":false},"excerpt":{"rendered":"<p>Dezvoltarea economic\u0103 a Germaniei a avut drept rezultat crearea unui ansamblu economic german omogen. Imperiul avea o larg\u0103 pia\u0163\u0103 intern\u0103, industrie \u015fi agricultur\u0103 avansat\u0103, o perfect\u0103 re\u0163ea de comunica\u0163ii. Germania a continuat s\u0103 se dezvolte cu ritmuri rapide. La \u00eenceputul sec. al XX-lea ponderea ei \u00een produc\u0163ia industrial\u0103 mondial\u0103 a dep\u0103\u015fit 16%, iar \u00een 1910 [&hellip;]<\/p>\n","protected":false},"author":1,"featured_media":0,"comment_status":"open","ping_status":"closed","sticky":false,"template":"","format":"standard","meta":{"_monsterinsights_skip_tracking":false,"_monsterinsights_sitenote_active":false,"_monsterinsights_sitenote_note":"","_monsterinsights_sitenote_category":0,"footnotes":""},"categories":[1],"tags":[],"aioseo_notices":[],"yoast_head":"<!-- This site is optimized with the Yoast SEO plugin v21.1 - https:\/\/yoast.com\/wordpress\/plugins\/seo\/ -->\n<title>Via\u0163a economic\u0103 \u015fi lupta politic\u0103 a Germaniei la \u00eenceputul sec. XX. - Jobs\/ Internships\/ Scholarships\/<\/title>\n<meta name=\"robots\" content=\"index, follow, max-snippet:-1, max-image-preview:large, max-video-preview:-1\" \/>\n<link rel=\"canonical\" href=\"https:\/\/rubyskynews.com\/index.php\/2011\/02\/28\/viata-economica-si-lupta-politica-2\/\" \/>\n<meta property=\"og:locale\" content=\"en_US\" \/>\n<meta property=\"og:type\" content=\"article\" \/>\n<meta property=\"og:title\" content=\"Via\u0163a economic\u0103 \u015fi lupta politic\u0103 a Germaniei la \u00eenceputul sec. XX. - Jobs\/ Internships\/ Scholarships\/\" \/>\n<meta property=\"og:description\" content=\"Dezvoltarea economic\u0103 a Germaniei a avut drept rezultat crearea unui ansamblu economic german omogen. Imperiul avea o larg\u0103 pia\u0163\u0103 intern\u0103, industrie \u015fi agricultur\u0103 avansat\u0103, o perfect\u0103 re\u0163ea de comunica\u0163ii. Germania a continuat s\u0103 se dezvolte cu ritmuri rapide. La \u00eenceputul sec. al XX-lea ponderea ei \u00een produc\u0163ia industrial\u0103 mondial\u0103 a dep\u0103\u015fit 16%, iar \u00een 1910 [&hellip;]\" \/>\n<meta property=\"og:url\" content=\"https:\/\/rubyskynews.com\/index.php\/2011\/02\/28\/viata-economica-si-lupta-politica-2\/\" \/>\n<meta property=\"og:site_name\" content=\"Jobs\/ Internships\/ Scholarships\/\" \/>\n<meta property=\"article:published_time\" content=\"2011-02-28T14:09:00+00:00\" \/>\n<meta property=\"article:modified_time\" content=\"2020-09-25T09:46:55+00:00\" \/>\n<meta name=\"author\" content=\"eurointern\" \/>\n<meta name=\"twitter:card\" content=\"summary_large_image\" \/>\n<meta name=\"twitter:label1\" content=\"Written by\" \/>\n\t<meta name=\"twitter:data1\" content=\"eurointern\" \/>\n\t<meta name=\"twitter:label2\" content=\"Est. reading time\" \/>\n\t<meta name=\"twitter:data2\" content=\"3 minutes\" \/>\n<script type=\"application\/ld+json\" class=\"yoast-schema-graph\">{\"@context\":\"https:\/\/schema.org\",\"@graph\":[{\"@type\":\"WebPage\",\"@id\":\"https:\/\/rubyskynews.com\/index.php\/2011\/02\/28\/viata-economica-si-lupta-politica-2\/\",\"url\":\"https:\/\/rubyskynews.com\/index.php\/2011\/02\/28\/viata-economica-si-lupta-politica-2\/\",\"name\":\"Via\u0163a economic\u0103 \u015fi lupta politic\u0103 a Germaniei la \u00eenceputul sec. XX. - Jobs\/ Internships\/ Scholarships\/\",\"isPartOf\":{\"@id\":\"https:\/\/rubyskynews.com\/#website\"},\"datePublished\":\"2011-02-28T14:09:00+00:00\",\"dateModified\":\"2020-09-25T09:46:55+00:00\",\"author\":{\"@id\":\"https:\/\/rubyskynews.com\/#\/schema\/person\/2bf02c24278f4ce807817c8f91add34d\"},\"breadcrumb\":{\"@id\":\"https:\/\/rubyskynews.com\/index.php\/2011\/02\/28\/viata-economica-si-lupta-politica-2\/#breadcrumb\"},\"inLanguage\":\"en-US\",\"potentialAction\":[{\"@type\":\"ReadAction\",\"target\":[\"https:\/\/rubyskynews.com\/index.php\/2011\/02\/28\/viata-economica-si-lupta-politica-2\/\"]}]},{\"@type\":\"BreadcrumbList\",\"@id\":\"https:\/\/rubyskynews.com\/index.php\/2011\/02\/28\/viata-economica-si-lupta-politica-2\/#breadcrumb\",\"itemListElement\":[{\"@type\":\"ListItem\",\"position\":1,\"name\":\"Home\",\"item\":\"https:\/\/rubyskynews.com\/\"},{\"@type\":\"ListItem\",\"position\":2,\"name\":\"Via\u0163a economic\u0103 \u015fi lupta politic\u0103 a Germaniei la \u00eenceputul sec. XX.\"}]},{\"@type\":\"WebSite\",\"@id\":\"https:\/\/rubyskynews.com\/#website\",\"url\":\"https:\/\/rubyskynews.com\/\",\"name\":\"Jobs\/ Internships\/ Scholarships\/\",\"description\":\"Internships\/ Scholarships\/  Grants\",\"potentialAction\":[{\"@type\":\"SearchAction\",\"target\":{\"@type\":\"EntryPoint\",\"urlTemplate\":\"https:\/\/rubyskynews.com\/?s={search_term_string}\"},\"query-input\":\"required name=search_term_string\"}],\"inLanguage\":\"en-US\"},{\"@type\":\"Person\",\"@id\":\"https:\/\/rubyskynews.com\/#\/schema\/person\/2bf02c24278f4ce807817c8f91add34d\",\"name\":\"eurointern\",\"image\":{\"@type\":\"ImageObject\",\"inLanguage\":\"en-US\",\"@id\":\"https:\/\/rubyskynews.com\/#\/schema\/person\/image\/\",\"url\":\"https:\/\/secure.gravatar.com\/avatar\/4ba0ee69eda3e0c9ec9a3c49a6c7a82b?s=96&d=mm&r=g\",\"contentUrl\":\"https:\/\/secure.gravatar.com\/avatar\/4ba0ee69eda3e0c9ec9a3c49a6c7a82b?s=96&d=mm&r=g\",\"caption\":\"eurointern\"},\"sameAs\":[\"http:\/\/rubyskynews.com\"],\"url\":\"https:\/\/rubyskynews.com\/index.php\/author\/eurointern28gmail-com\/\"}]}<\/script>\n<!-- \/ Yoast SEO plugin. -->","yoast_head_json":{"title":"Via\u0163a economic\u0103 \u015fi lupta politic\u0103 a Germaniei la \u00eenceputul sec. XX. - Jobs\/ Internships\/ Scholarships\/","robots":{"index":"index","follow":"follow","max-snippet":"max-snippet:-1","max-image-preview":"max-image-preview:large","max-video-preview":"max-video-preview:-1"},"canonical":"https:\/\/rubyskynews.com\/index.php\/2011\/02\/28\/viata-economica-si-lupta-politica-2\/","og_locale":"en_US","og_type":"article","og_title":"Via\u0163a economic\u0103 \u015fi lupta politic\u0103 a Germaniei la \u00eenceputul sec. XX. - Jobs\/ Internships\/ Scholarships\/","og_description":"Dezvoltarea economic\u0103 a Germaniei a avut drept rezultat crearea unui ansamblu economic german omogen. Imperiul avea o larg\u0103 pia\u0163\u0103 intern\u0103, industrie \u015fi agricultur\u0103 avansat\u0103, o perfect\u0103 re\u0163ea de comunica\u0163ii. Germania a continuat s\u0103 se dezvolte cu ritmuri rapide. La \u00eenceputul sec. al XX-lea ponderea ei \u00een produc\u0163ia industrial\u0103 mondial\u0103 a dep\u0103\u015fit 16%, iar \u00een 1910 [&hellip;]","og_url":"https:\/\/rubyskynews.com\/index.php\/2011\/02\/28\/viata-economica-si-lupta-politica-2\/","og_site_name":"Jobs\/ Internships\/ Scholarships\/","article_published_time":"2011-02-28T14:09:00+00:00","article_modified_time":"2020-09-25T09:46:55+00:00","author":"eurointern","twitter_card":"summary_large_image","twitter_misc":{"Written by":"eurointern","Est. reading time":"3 minutes"},"schema":{"@context":"https:\/\/schema.org","@graph":[{"@type":"WebPage","@id":"https:\/\/rubyskynews.com\/index.php\/2011\/02\/28\/viata-economica-si-lupta-politica-2\/","url":"https:\/\/rubyskynews.com\/index.php\/2011\/02\/28\/viata-economica-si-lupta-politica-2\/","name":"Via\u0163a economic\u0103 \u015fi lupta politic\u0103 a Germaniei la \u00eenceputul sec. XX. - Jobs\/ Internships\/ Scholarships\/","isPartOf":{"@id":"https:\/\/rubyskynews.com\/#website"},"datePublished":"2011-02-28T14:09:00+00:00","dateModified":"2020-09-25T09:46:55+00:00","author":{"@id":"https:\/\/rubyskynews.com\/#\/schema\/person\/2bf02c24278f4ce807817c8f91add34d"},"breadcrumb":{"@id":"https:\/\/rubyskynews.com\/index.php\/2011\/02\/28\/viata-economica-si-lupta-politica-2\/#breadcrumb"},"inLanguage":"en-US","potentialAction":[{"@type":"ReadAction","target":["https:\/\/rubyskynews.com\/index.php\/2011\/02\/28\/viata-economica-si-lupta-politica-2\/"]}]},{"@type":"BreadcrumbList","@id":"https:\/\/rubyskynews.com\/index.php\/2011\/02\/28\/viata-economica-si-lupta-politica-2\/#breadcrumb","itemListElement":[{"@type":"ListItem","position":1,"name":"Home","item":"https:\/\/rubyskynews.com\/"},{"@type":"ListItem","position":2,"name":"Via\u0163a economic\u0103 \u015fi lupta politic\u0103 a Germaniei la \u00eenceputul sec. XX."}]},{"@type":"WebSite","@id":"https:\/\/rubyskynews.com\/#website","url":"https:\/\/rubyskynews.com\/","name":"Jobs\/ Internships\/ Scholarships\/","description":"Internships\/ Scholarships\/  Grants","potentialAction":[{"@type":"SearchAction","target":{"@type":"EntryPoint","urlTemplate":"https:\/\/rubyskynews.com\/?s={search_term_string}"},"query-input":"required name=search_term_string"}],"inLanguage":"en-US"},{"@type":"Person","@id":"https:\/\/rubyskynews.com\/#\/schema\/person\/2bf02c24278f4ce807817c8f91add34d","name":"eurointern","image":{"@type":"ImageObject","inLanguage":"en-US","@id":"https:\/\/rubyskynews.com\/#\/schema\/person\/image\/","url":"https:\/\/secure.gravatar.com\/avatar\/4ba0ee69eda3e0c9ec9a3c49a6c7a82b?s=96&d=mm&r=g","contentUrl":"https:\/\/secure.gravatar.com\/avatar\/4ba0ee69eda3e0c9ec9a3c49a6c7a82b?s=96&d=mm&r=g","caption":"eurointern"},"sameAs":["http:\/\/rubyskynews.com"],"url":"https:\/\/rubyskynews.com\/index.php\/author\/eurointern28gmail-com\/"}]}},"_links":{"self":[{"href":"https:\/\/rubyskynews.com\/index.php\/wp-json\/wp\/v2\/posts\/27539"}],"collection":[{"href":"https:\/\/rubyskynews.com\/index.php\/wp-json\/wp\/v2\/posts"}],"about":[{"href":"https:\/\/rubyskynews.com\/index.php\/wp-json\/wp\/v2\/types\/post"}],"author":[{"embeddable":true,"href":"https:\/\/rubyskynews.com\/index.php\/wp-json\/wp\/v2\/users\/1"}],"replies":[{"embeddable":true,"href":"https:\/\/rubyskynews.com\/index.php\/wp-json\/wp\/v2\/comments?post=27539"}],"version-history":[{"count":0,"href":"https:\/\/rubyskynews.com\/index.php\/wp-json\/wp\/v2\/posts\/27539\/revisions"}],"wp:attachment":[{"href":"https:\/\/rubyskynews.com\/index.php\/wp-json\/wp\/v2\/media?parent=27539"}],"wp:term":[{"taxonomy":"category","embeddable":true,"href":"https:\/\/rubyskynews.com\/index.php\/wp-json\/wp\/v2\/categories?post=27539"},{"taxonomy":"post_tag","embeddable":true,"href":"https:\/\/rubyskynews.com\/index.php\/wp-json\/wp\/v2\/tags?post=27539"}],"curies":[{"name":"wp","href":"https:\/\/api.w.org\/{rel}","templated":true}]}}