{"id":27537,"date":"2011-02-28T14:09:00","date_gmt":"2011-02-28T14:09:00","guid":{"rendered":""},"modified":"2020-09-25T09:46:55","modified_gmt":"2020-09-25T09:46:55","slug":"politica-externa-cancelarului-otto-von-2","status":"publish","type":"post","link":"https:\/\/rubyskynews.com\/index.php\/2011\/02\/28\/politica-externa-cancelarului-otto-von-2\/","title":{"rendered":"Politica extern\u0103 a cancelarului Otto von Bismark."},"content":{"rendered":"<div style=\"margin-top: 0px; margin-bottom: 0px;\" class=\"sharethis-inline-share-buttons\" ><\/div><div class=\"postBody\" style=\"color: black; text-align: justify;\">Din  punct de vedere al politicii externe, perioada de aflare la guvernare a  lui Bismark poate fi divizat\u0103 \u00een 4 etape: 1863-1871: unificarea  Germaniei; 1871-1880: consolidarea pozi\u0163iei interna\u0163ionale a Imper.  German; 1880-1884: \u00eenceputul expansiunii coloniale; 1885-1890:  expansiune colonial\u0103 activ\u0103. \u00cen perioada 1871-1890 p\u00e2rghiile de politic\u0103  extern\u0103 a Imperiului German s-au aflat \u00een m\u00e2nile cancelarului Otto von  Bismarck. Dup\u0103 pacea de la  Frankfurt-1871, principalul scop al  activit\u0103\u0163ii diplomatice bismarkiene a constat \u00een consolidarea hegemoniei  germane pe continentul european. Pt realizarea acestei priorot\u0103\u0163i,  cancelarul german a stabilit urm\u0103toatele direc\u0163ii \u00een plan politiv  extern: Sl\u0103birea for\u0163elor politice interne ale Fran\u0163ei; Izolarea Fran\u0163ei  pe arena<a href=\"\" name=\"more\"><\/a> interna\u0163ional\u0103; Consolidarea rela\u0163iilor cu  Rusia; Ameliorarea raporturilor cu Austro-ungaria; Accesul la pie\u0163ele de  desfacere europene \u015fi mondiale; Atragerea Italiei \u00eentr-o viitoare  alian\u0163\u0103 monarhic\u0103. Bismarck a depus eforturi pentru a nu permite crearea  unei alian\u0163e franco-ruse, care ar fi putut deteriora pozi\u0163ia Germaniei  \u00een plan interna\u0163ional. \u00cen 1873, \u00een urma eforturilor depuse de Bismarck, a  fost creat\u0103 Alian\u0163a celor 3 \u00eemp\u0103ra\u0163i: un pact consultativ al Germaniei,  Rusiei \u015fi Austro-ungariei, care nu a fost durabil, dar pentru moment a  reu\u015fit s\u0103 men\u0163in\u0103 Fran\u0163a \u00een izolare. \u00cen anii 70-80 raporturile  franco-germane au avut un caracter deosebit de tensionat datorit\u0103  \u00eenfr\u00e2ngerii suferite de Fran\u0163a \u00een 1871 \u015fi pierderea de c\u0103tre aceasta a  Alsaciei \u015fi Lorenei. \u00cen timpul r\u0103zboiului ruso-turc din 1877-1878,  Bismarck a ocupat o pozi\u0163ie ostil\u0103 Imperiului \u0162arist \u015fi a sus\u0163inut  revendic\u0103rile Marii Britanii Austro-ungariei privind revizuirea  stipula\u0163iilor Tratatului de la San-Stefano. Bismarck a condus Congresul  de la Berlin \u00een 1878 \u00een decursul c\u0103reia Rusia a fost lipsit\u0103 de unele  achizi\u0163ii pe care urma s\u0103 le ob\u0163in\u0103 prin Tratatul de la San-Stefano. Un  rezultat al Crizei Orientale de la sf. anilor 70 a fost acutizarea  contradic\u0163iilor ruso-austriece \u015fi ruso-germane, precum \u015fi apropierea  dintre Austro-ungaria \u015fi Germania. Dat fiind faptul c\u0103 Alian\u0163a celor 3  \u00eemp\u0103ra\u0163i s-a destr\u0103mat definitiv \u00een 1878, iar politica extern\u0103 a  Germaniei era orientat\u0103 spre o colaborare cu Austro-ungaria, \u00een 1879  Bismark a semnat un tratat de alian\u0163\u0103 cu casa de habsburg. Tratatul era  orientat at\u00e2t \u00eempotriva Fran\u0163ei, c\u00e2t \u015fi a Rusiei. \u00cen 1882 la tratat a  aderat \u015fi Italia, form\u00eendu-se astfel, Tripla Alian\u0163\u0103. Concomitent,  dorind s\u0103 evite o apropiere franco-rus\u0103 \u015fi profit\u00e2nd de acutizarea  raporturilor ruso-britanice, Bismark a reu\u015fit \u00een 1881 s\u0103 re\u00eennoiasc\u0103  Alian\u0163a celor 3 \u00eemp\u0103ra\u0163i, c\u0103reia i s-a conferit forma unui tratat de  neutralitate a statelor semnatare. \u00cen anii 80-90 Imperiul german s-a  \u00eencadrat \u00een lupta pt re\u00eemp\u0103r\u0163irea sferelor de influen\u0163\u0103. Politica  colonial\u0103 a lui Bismark a avut un caracter incisiv, deoarece s-a limitat  la ac\u0163iuni care s\u0103 nu trezeasc\u0103 dezacordul celor mai importante puteri  coloniale. Prin promovarea unor rela\u0163ii cordiale cu Marea Britanie \u015fi  colabor\u0103rile ocazionale cu Rep. Francez\u0103, Germania am\u00eena revan\u015fa  francez\u0103 \u00eempotriva Berlinului \u015fi sporea confruntarea anglo-francez\u0103 \u00een  problemele coloniale, preg\u0103tind terenul pt o viitoare politic\u0103 colonial\u0103  de propor\u0163ii, care va demara dup\u0103 1890, odat\u0103 cu demiterea lui Bismark  din func\u0163ia de cancelar.<\/div>\n<div style=\"margin-top: 0px; margin-bottom: 0px;\" class=\"sharethis-inline-share-buttons\" ><\/div>","protected":false},"excerpt":{"rendered":"<p>Din punct de vedere al politicii externe, perioada de aflare la guvernare a lui Bismark poate fi divizat\u0103 \u00een 4 etape: 1863-1871: unificarea Germaniei; 1871-1880: consolidarea pozi\u0163iei interna\u0163ionale a Imper. German; 1880-1884: \u00eenceputul expansiunii coloniale; 1885-1890: expansiune colonial\u0103 activ\u0103. \u00cen perioada 1871-1890 p\u00e2rghiile de politic\u0103 extern\u0103 a Imperiului German s-au aflat \u00een m\u00e2nile cancelarului Otto [&hellip;]<\/p>\n","protected":false},"author":1,"featured_media":0,"comment_status":"open","ping_status":"closed","sticky":false,"template":"","format":"standard","meta":{"_monsterinsights_skip_tracking":false,"_monsterinsights_sitenote_active":false,"_monsterinsights_sitenote_note":"","_monsterinsights_sitenote_category":0,"footnotes":""},"categories":[1],"tags":[],"aioseo_notices":[],"yoast_head":"<!-- This site is optimized with the Yoast SEO plugin v21.1 - https:\/\/yoast.com\/wordpress\/plugins\/seo\/ -->\n<title>Politica extern\u0103 a cancelarului Otto von Bismark. - Jobs\/ Internships\/ Scholarships\/<\/title>\n<meta name=\"robots\" content=\"index, follow, max-snippet:-1, max-image-preview:large, max-video-preview:-1\" \/>\n<link rel=\"canonical\" href=\"https:\/\/rubyskynews.com\/index.php\/2011\/02\/28\/politica-externa-cancelarului-otto-von-2\/\" \/>\n<meta property=\"og:locale\" content=\"en_US\" \/>\n<meta property=\"og:type\" content=\"article\" \/>\n<meta property=\"og:title\" content=\"Politica extern\u0103 a cancelarului Otto von Bismark. - Jobs\/ Internships\/ Scholarships\/\" \/>\n<meta property=\"og:description\" content=\"Din punct de vedere al politicii externe, perioada de aflare la guvernare a lui Bismark poate fi divizat\u0103 \u00een 4 etape: 1863-1871: unificarea Germaniei; 1871-1880: consolidarea pozi\u0163iei interna\u0163ionale a Imper. German; 1880-1884: \u00eenceputul expansiunii coloniale; 1885-1890: expansiune colonial\u0103 activ\u0103. \u00cen perioada 1871-1890 p\u00e2rghiile de politic\u0103 extern\u0103 a Imperiului German s-au aflat \u00een m\u00e2nile cancelarului Otto [&hellip;]\" \/>\n<meta property=\"og:url\" content=\"https:\/\/rubyskynews.com\/index.php\/2011\/02\/28\/politica-externa-cancelarului-otto-von-2\/\" \/>\n<meta property=\"og:site_name\" content=\"Jobs\/ Internships\/ Scholarships\/\" \/>\n<meta property=\"article:published_time\" content=\"2011-02-28T14:09:00+00:00\" \/>\n<meta property=\"article:modified_time\" content=\"2020-09-25T09:46:55+00:00\" \/>\n<meta name=\"author\" content=\"eurointern\" \/>\n<meta name=\"twitter:card\" content=\"summary_large_image\" \/>\n<meta name=\"twitter:label1\" content=\"Written by\" \/>\n\t<meta name=\"twitter:data1\" content=\"eurointern\" \/>\n\t<meta name=\"twitter:label2\" content=\"Est. reading time\" \/>\n\t<meta name=\"twitter:data2\" content=\"3 minutes\" \/>\n<script type=\"application\/ld+json\" class=\"yoast-schema-graph\">{\"@context\":\"https:\/\/schema.org\",\"@graph\":[{\"@type\":\"WebPage\",\"@id\":\"https:\/\/rubyskynews.com\/index.php\/2011\/02\/28\/politica-externa-cancelarului-otto-von-2\/\",\"url\":\"https:\/\/rubyskynews.com\/index.php\/2011\/02\/28\/politica-externa-cancelarului-otto-von-2\/\",\"name\":\"Politica extern\u0103 a cancelarului Otto von Bismark. - Jobs\/ Internships\/ Scholarships\/\",\"isPartOf\":{\"@id\":\"https:\/\/rubyskynews.com\/#website\"},\"datePublished\":\"2011-02-28T14:09:00+00:00\",\"dateModified\":\"2020-09-25T09:46:55+00:00\",\"author\":{\"@id\":\"https:\/\/rubyskynews.com\/#\/schema\/person\/2bf02c24278f4ce807817c8f91add34d\"},\"breadcrumb\":{\"@id\":\"https:\/\/rubyskynews.com\/index.php\/2011\/02\/28\/politica-externa-cancelarului-otto-von-2\/#breadcrumb\"},\"inLanguage\":\"en-US\",\"potentialAction\":[{\"@type\":\"ReadAction\",\"target\":[\"https:\/\/rubyskynews.com\/index.php\/2011\/02\/28\/politica-externa-cancelarului-otto-von-2\/\"]}]},{\"@type\":\"BreadcrumbList\",\"@id\":\"https:\/\/rubyskynews.com\/index.php\/2011\/02\/28\/politica-externa-cancelarului-otto-von-2\/#breadcrumb\",\"itemListElement\":[{\"@type\":\"ListItem\",\"position\":1,\"name\":\"Home\",\"item\":\"https:\/\/rubyskynews.com\/\"},{\"@type\":\"ListItem\",\"position\":2,\"name\":\"Politica extern\u0103 a cancelarului Otto von Bismark.\"}]},{\"@type\":\"WebSite\",\"@id\":\"https:\/\/rubyskynews.com\/#website\",\"url\":\"https:\/\/rubyskynews.com\/\",\"name\":\"Jobs\/ Internships\/ Scholarships\/\",\"description\":\"Internships\/ Scholarships\/  Grants\",\"potentialAction\":[{\"@type\":\"SearchAction\",\"target\":{\"@type\":\"EntryPoint\",\"urlTemplate\":\"https:\/\/rubyskynews.com\/?s={search_term_string}\"},\"query-input\":\"required name=search_term_string\"}],\"inLanguage\":\"en-US\"},{\"@type\":\"Person\",\"@id\":\"https:\/\/rubyskynews.com\/#\/schema\/person\/2bf02c24278f4ce807817c8f91add34d\",\"name\":\"eurointern\",\"image\":{\"@type\":\"ImageObject\",\"inLanguage\":\"en-US\",\"@id\":\"https:\/\/rubyskynews.com\/#\/schema\/person\/image\/\",\"url\":\"https:\/\/secure.gravatar.com\/avatar\/4ba0ee69eda3e0c9ec9a3c49a6c7a82b?s=96&d=mm&r=g\",\"contentUrl\":\"https:\/\/secure.gravatar.com\/avatar\/4ba0ee69eda3e0c9ec9a3c49a6c7a82b?s=96&d=mm&r=g\",\"caption\":\"eurointern\"},\"sameAs\":[\"http:\/\/rubyskynews.com\"],\"url\":\"https:\/\/rubyskynews.com\/index.php\/author\/eurointern28gmail-com\/\"}]}<\/script>\n<!-- \/ Yoast SEO plugin. -->","yoast_head_json":{"title":"Politica extern\u0103 a cancelarului Otto von Bismark. - Jobs\/ Internships\/ Scholarships\/","robots":{"index":"index","follow":"follow","max-snippet":"max-snippet:-1","max-image-preview":"max-image-preview:large","max-video-preview":"max-video-preview:-1"},"canonical":"https:\/\/rubyskynews.com\/index.php\/2011\/02\/28\/politica-externa-cancelarului-otto-von-2\/","og_locale":"en_US","og_type":"article","og_title":"Politica extern\u0103 a cancelarului Otto von Bismark. - Jobs\/ Internships\/ Scholarships\/","og_description":"Din punct de vedere al politicii externe, perioada de aflare la guvernare a lui Bismark poate fi divizat\u0103 \u00een 4 etape: 1863-1871: unificarea Germaniei; 1871-1880: consolidarea pozi\u0163iei interna\u0163ionale a Imper. German; 1880-1884: \u00eenceputul expansiunii coloniale; 1885-1890: expansiune colonial\u0103 activ\u0103. \u00cen perioada 1871-1890 p\u00e2rghiile de politic\u0103 extern\u0103 a Imperiului German s-au aflat \u00een m\u00e2nile cancelarului Otto [&hellip;]","og_url":"https:\/\/rubyskynews.com\/index.php\/2011\/02\/28\/politica-externa-cancelarului-otto-von-2\/","og_site_name":"Jobs\/ Internships\/ Scholarships\/","article_published_time":"2011-02-28T14:09:00+00:00","article_modified_time":"2020-09-25T09:46:55+00:00","author":"eurointern","twitter_card":"summary_large_image","twitter_misc":{"Written by":"eurointern","Est. reading time":"3 minutes"},"schema":{"@context":"https:\/\/schema.org","@graph":[{"@type":"WebPage","@id":"https:\/\/rubyskynews.com\/index.php\/2011\/02\/28\/politica-externa-cancelarului-otto-von-2\/","url":"https:\/\/rubyskynews.com\/index.php\/2011\/02\/28\/politica-externa-cancelarului-otto-von-2\/","name":"Politica extern\u0103 a cancelarului Otto von Bismark. - Jobs\/ Internships\/ Scholarships\/","isPartOf":{"@id":"https:\/\/rubyskynews.com\/#website"},"datePublished":"2011-02-28T14:09:00+00:00","dateModified":"2020-09-25T09:46:55+00:00","author":{"@id":"https:\/\/rubyskynews.com\/#\/schema\/person\/2bf02c24278f4ce807817c8f91add34d"},"breadcrumb":{"@id":"https:\/\/rubyskynews.com\/index.php\/2011\/02\/28\/politica-externa-cancelarului-otto-von-2\/#breadcrumb"},"inLanguage":"en-US","potentialAction":[{"@type":"ReadAction","target":["https:\/\/rubyskynews.com\/index.php\/2011\/02\/28\/politica-externa-cancelarului-otto-von-2\/"]}]},{"@type":"BreadcrumbList","@id":"https:\/\/rubyskynews.com\/index.php\/2011\/02\/28\/politica-externa-cancelarului-otto-von-2\/#breadcrumb","itemListElement":[{"@type":"ListItem","position":1,"name":"Home","item":"https:\/\/rubyskynews.com\/"},{"@type":"ListItem","position":2,"name":"Politica extern\u0103 a cancelarului Otto von Bismark."}]},{"@type":"WebSite","@id":"https:\/\/rubyskynews.com\/#website","url":"https:\/\/rubyskynews.com\/","name":"Jobs\/ Internships\/ Scholarships\/","description":"Internships\/ Scholarships\/  Grants","potentialAction":[{"@type":"SearchAction","target":{"@type":"EntryPoint","urlTemplate":"https:\/\/rubyskynews.com\/?s={search_term_string}"},"query-input":"required name=search_term_string"}],"inLanguage":"en-US"},{"@type":"Person","@id":"https:\/\/rubyskynews.com\/#\/schema\/person\/2bf02c24278f4ce807817c8f91add34d","name":"eurointern","image":{"@type":"ImageObject","inLanguage":"en-US","@id":"https:\/\/rubyskynews.com\/#\/schema\/person\/image\/","url":"https:\/\/secure.gravatar.com\/avatar\/4ba0ee69eda3e0c9ec9a3c49a6c7a82b?s=96&d=mm&r=g","contentUrl":"https:\/\/secure.gravatar.com\/avatar\/4ba0ee69eda3e0c9ec9a3c49a6c7a82b?s=96&d=mm&r=g","caption":"eurointern"},"sameAs":["http:\/\/rubyskynews.com"],"url":"https:\/\/rubyskynews.com\/index.php\/author\/eurointern28gmail-com\/"}]}},"_links":{"self":[{"href":"https:\/\/rubyskynews.com\/index.php\/wp-json\/wp\/v2\/posts\/27537"}],"collection":[{"href":"https:\/\/rubyskynews.com\/index.php\/wp-json\/wp\/v2\/posts"}],"about":[{"href":"https:\/\/rubyskynews.com\/index.php\/wp-json\/wp\/v2\/types\/post"}],"author":[{"embeddable":true,"href":"https:\/\/rubyskynews.com\/index.php\/wp-json\/wp\/v2\/users\/1"}],"replies":[{"embeddable":true,"href":"https:\/\/rubyskynews.com\/index.php\/wp-json\/wp\/v2\/comments?post=27537"}],"version-history":[{"count":0,"href":"https:\/\/rubyskynews.com\/index.php\/wp-json\/wp\/v2\/posts\/27537\/revisions"}],"wp:attachment":[{"href":"https:\/\/rubyskynews.com\/index.php\/wp-json\/wp\/v2\/media?parent=27537"}],"wp:term":[{"taxonomy":"category","embeddable":true,"href":"https:\/\/rubyskynews.com\/index.php\/wp-json\/wp\/v2\/categories?post=27537"},{"taxonomy":"post_tag","embeddable":true,"href":"https:\/\/rubyskynews.com\/index.php\/wp-json\/wp\/v2\/tags?post=27537"}],"curies":[{"name":"wp","href":"https:\/\/api.w.org\/{rel}","templated":true}]}}