{"id":27535,"date":"2011-02-28T14:10:00","date_gmt":"2011-02-28T14:10:00","guid":{"rendered":""},"modified":"2020-09-25T09:46:55","modified_gmt":"2020-09-25T09:46:55","slug":"lupta-politica-in-germania-unificata-2","status":"publish","type":"post","link":"https:\/\/rubyskynews.com\/index.php\/2011\/02\/28\/lupta-politica-in-germania-unificata-2\/","title":{"rendered":"Lupta politic\u0103 \u00een Germania unificat\u0103."},"content":{"rendered":"<div style=\"margin-top: 0px; margin-bottom: 0px;\" class=\"sharethis-inline-share-buttons\" ><\/div><div class=\"postBody\" style=\"color: black; text-align: justify;\">Unificarea  Germaniei de c\u0103tre Prusia a solu\u0163ionat numeroase probleme, dar a \u015fi  st\u00e2rnit nemul\u0163umirea unor cercuri din fostele state germane care-\u015fi  pierduser\u0103 privilegiile. Domina\u0163ia Prusiei protestante a generat o  reac\u0163ie negativ\u0103 a numero\u015filor catolici germani uni\u0163i \u00een Partidul de  Centru (catolic). Bismarck, intolerant fa\u0163\u0103 de opozi\u0163ie, a v\u0103zut \u00een  acesta o \u00eencercare de dezbinare a Germaniei. Reac\u0163ia a fost imediat\u0103 \u015fi  dur\u0103, lu\u00e2nd numele de &#8220;Kulturkampf&#8221; (lupta pentru cultur\u0103). &#8220;Legile din  mai&#8221; 1873 prevedeau numirea fe\u0163elor biserice\u015fti de c\u0103tre stat, anulau  controlul Bisericii asupra \u015fcolilor, introduceau controlul statului  asupra actelor de stare civil\u0103 etc. Din \u0163ar\u0103 au fost expulza\u0163i mai mul\u0163i  lideri ai catolicilor. Papa de la Roma a protestat, dar Bismarck <a href=\"\" name=\"more\"><\/a>i-a  r\u0103spuns c\u0103 &#8220;nu va merge la Canossa&#8221;. M\u0103surile represive au neutralizat  opozi\u0163ia Centrului, dar, \u00een acela\u015fi timp, au consolidat prestigiul  catolicismului german. Cu o confesiune religioas\u0103 nu se putea lupta  folosind acelea\u015fi metode aplicabile partidelor de opozi\u0163ie. Ca \u015fi \u00een  politica externa, \u00een cea intern\u0103 Bismarck avea &#8220;co\u015fmarul coali\u0163iilor&#8221;.  El prefera s\u0103 izoleze oponentul, s\u0103-l lipseasc\u0103 de alia\u0163i \u015fi s\u0103-l  \u00eenving\u0103. Atitudinea fa\u0163\u0103 de Centrul (catolic) s-a schimbat odat\u0103 cu  cre\u015fterea altei puteri de opozi\u0163ie &#8211; sociali\u015ftii, uni\u0163i dup\u0103 congresul  de la Gotha \u00eentr-un Partid Social-Demo\u00adcrat. Cancelarul era con\u015ftient de  faptul c\u0103 eventuala apropiere \u00eentre catolici \u015fi sociali\u015fti urma s\u0103  creeze un du\u015fman de ne\u00eenvins. Din aceste considerente Bismarck a  abandonat &#8220;Kulturkampf-ul. Majoritatea legilor represive au fost  anulate, dar nu \u015fi controlul asupra \u015fcolilor sau c\u0103s\u0103toriile civile. \u00cen  1878 cancelarul a ob\u0163inut votarea &#8220;Legii antisocialiste&#8221;. Toate  cluburile, \u00eentrunirile \u015fi publica\u0163iile sociali\u015ftilor au fost interzise.  Agitatorii riscau s\u0103 fie trimi\u015fi \u00een exil. Au fost arestate peste 1500 de  persoane, iar mul\u0163i al\u0163ii au emigrat. \u00cen aceia\u015fi timp, pentru aplanarea  conflictelor Bis\u00admarck a f\u0103cut unele concesii \u00een sfera social\u0103, care au  fost apreciate ca un &#8220;socialism de stat&#8221;. \u00centre anii 1883-886 au fost  adoptate legi care prevedeau asigur\u0103ri pentru muncitori \u00een caz de boal\u0103  sau accidente, pensii, reglementau raporturile \u00eentre patroni \u015fi  salaria\u0163i etc. Programul asigur\u0103rilor sociale ini\u0163iat de Bismarck era  cel mai avansat din acea vreme.<br \/>\nCa \u015fi \u00een cazul catolicilor,  represiunile \u015fi programul social a lui Bismarck nu au oprit cre\u015fterea  influen\u0163ei sociali\u015ftilor. Dup\u0103 demiterea lui \u00een 1890, &#8220;Legea  antisocialist\u0103&#8221; a fost anulat\u0103, partidul ob\u0163in\u00e2nd la noile alegeri  aproape un milion de voturi.<\/div>\n<div style=\"margin-top: 0px; margin-bottom: 0px;\" class=\"sharethis-inline-share-buttons\" ><\/div>","protected":false},"excerpt":{"rendered":"<p>Unificarea Germaniei de c\u0103tre Prusia a solu\u0163ionat numeroase probleme, dar a \u015fi st\u00e2rnit nemul\u0163umirea unor cercuri din fostele state germane care-\u015fi pierduser\u0103 privilegiile. Domina\u0163ia Prusiei protestante a generat o reac\u0163ie negativ\u0103 a numero\u015filor catolici germani uni\u0163i \u00een Partidul de Centru (catolic). Bismarck, intolerant fa\u0163\u0103 de opozi\u0163ie, a v\u0103zut \u00een acesta o \u00eencercare de dezbinare a [&hellip;]<\/p>\n","protected":false},"author":1,"featured_media":0,"comment_status":"open","ping_status":"closed","sticky":false,"template":"","format":"standard","meta":{"_monsterinsights_skip_tracking":false,"_monsterinsights_sitenote_active":false,"_monsterinsights_sitenote_note":"","_monsterinsights_sitenote_category":0,"footnotes":""},"categories":[1],"tags":[],"aioseo_notices":[],"yoast_head":"<!-- This site is optimized with the Yoast SEO plugin v21.1 - https:\/\/yoast.com\/wordpress\/plugins\/seo\/ -->\n<title>Lupta politic\u0103 \u00een Germania unificat\u0103. - Jobs\/ Internships\/ Scholarships\/<\/title>\n<meta name=\"robots\" content=\"index, follow, max-snippet:-1, max-image-preview:large, max-video-preview:-1\" \/>\n<link rel=\"canonical\" href=\"https:\/\/rubyskynews.com\/index.php\/2011\/02\/28\/lupta-politica-in-germania-unificata-2\/\" \/>\n<meta property=\"og:locale\" content=\"en_US\" \/>\n<meta property=\"og:type\" content=\"article\" \/>\n<meta property=\"og:title\" content=\"Lupta politic\u0103 \u00een Germania unificat\u0103. - Jobs\/ Internships\/ Scholarships\/\" \/>\n<meta property=\"og:description\" content=\"Unificarea Germaniei de c\u0103tre Prusia a solu\u0163ionat numeroase probleme, dar a \u015fi st\u00e2rnit nemul\u0163umirea unor cercuri din fostele state germane care-\u015fi pierduser\u0103 privilegiile. Domina\u0163ia Prusiei protestante a generat o reac\u0163ie negativ\u0103 a numero\u015filor catolici germani uni\u0163i \u00een Partidul de Centru (catolic). Bismarck, intolerant fa\u0163\u0103 de opozi\u0163ie, a v\u0103zut \u00een acesta o \u00eencercare de dezbinare a [&hellip;]\" \/>\n<meta property=\"og:url\" content=\"https:\/\/rubyskynews.com\/index.php\/2011\/02\/28\/lupta-politica-in-germania-unificata-2\/\" \/>\n<meta property=\"og:site_name\" content=\"Jobs\/ Internships\/ Scholarships\/\" \/>\n<meta property=\"article:published_time\" content=\"2011-02-28T14:10:00+00:00\" \/>\n<meta property=\"article:modified_time\" content=\"2020-09-25T09:46:55+00:00\" \/>\n<meta name=\"author\" content=\"eurointern\" \/>\n<meta name=\"twitter:card\" content=\"summary_large_image\" \/>\n<meta name=\"twitter:label1\" content=\"Written by\" \/>\n\t<meta name=\"twitter:data1\" content=\"eurointern\" \/>\n\t<meta name=\"twitter:label2\" content=\"Est. reading time\" \/>\n\t<meta name=\"twitter:data2\" content=\"2 minutes\" \/>\n<script type=\"application\/ld+json\" class=\"yoast-schema-graph\">{\"@context\":\"https:\/\/schema.org\",\"@graph\":[{\"@type\":\"WebPage\",\"@id\":\"https:\/\/rubyskynews.com\/index.php\/2011\/02\/28\/lupta-politica-in-germania-unificata-2\/\",\"url\":\"https:\/\/rubyskynews.com\/index.php\/2011\/02\/28\/lupta-politica-in-germania-unificata-2\/\",\"name\":\"Lupta politic\u0103 \u00een Germania unificat\u0103. - Jobs\/ Internships\/ Scholarships\/\",\"isPartOf\":{\"@id\":\"https:\/\/rubyskynews.com\/#website\"},\"datePublished\":\"2011-02-28T14:10:00+00:00\",\"dateModified\":\"2020-09-25T09:46:55+00:00\",\"author\":{\"@id\":\"https:\/\/rubyskynews.com\/#\/schema\/person\/2bf02c24278f4ce807817c8f91add34d\"},\"breadcrumb\":{\"@id\":\"https:\/\/rubyskynews.com\/index.php\/2011\/02\/28\/lupta-politica-in-germania-unificata-2\/#breadcrumb\"},\"inLanguage\":\"en-US\",\"potentialAction\":[{\"@type\":\"ReadAction\",\"target\":[\"https:\/\/rubyskynews.com\/index.php\/2011\/02\/28\/lupta-politica-in-germania-unificata-2\/\"]}]},{\"@type\":\"BreadcrumbList\",\"@id\":\"https:\/\/rubyskynews.com\/index.php\/2011\/02\/28\/lupta-politica-in-germania-unificata-2\/#breadcrumb\",\"itemListElement\":[{\"@type\":\"ListItem\",\"position\":1,\"name\":\"Home\",\"item\":\"https:\/\/rubyskynews.com\/\"},{\"@type\":\"ListItem\",\"position\":2,\"name\":\"Lupta politic\u0103 \u00een Germania unificat\u0103.\"}]},{\"@type\":\"WebSite\",\"@id\":\"https:\/\/rubyskynews.com\/#website\",\"url\":\"https:\/\/rubyskynews.com\/\",\"name\":\"Jobs\/ Internships\/ Scholarships\/\",\"description\":\"Internships\/ Scholarships\/  Grants\",\"potentialAction\":[{\"@type\":\"SearchAction\",\"target\":{\"@type\":\"EntryPoint\",\"urlTemplate\":\"https:\/\/rubyskynews.com\/?s={search_term_string}\"},\"query-input\":\"required name=search_term_string\"}],\"inLanguage\":\"en-US\"},{\"@type\":\"Person\",\"@id\":\"https:\/\/rubyskynews.com\/#\/schema\/person\/2bf02c24278f4ce807817c8f91add34d\",\"name\":\"eurointern\",\"image\":{\"@type\":\"ImageObject\",\"inLanguage\":\"en-US\",\"@id\":\"https:\/\/rubyskynews.com\/#\/schema\/person\/image\/\",\"url\":\"https:\/\/secure.gravatar.com\/avatar\/4ba0ee69eda3e0c9ec9a3c49a6c7a82b?s=96&d=mm&r=g\",\"contentUrl\":\"https:\/\/secure.gravatar.com\/avatar\/4ba0ee69eda3e0c9ec9a3c49a6c7a82b?s=96&d=mm&r=g\",\"caption\":\"eurointern\"},\"sameAs\":[\"http:\/\/rubyskynews.com\"],\"url\":\"https:\/\/rubyskynews.com\/index.php\/author\/eurointern28gmail-com\/\"}]}<\/script>\n<!-- \/ Yoast SEO plugin. -->","yoast_head_json":{"title":"Lupta politic\u0103 \u00een Germania unificat\u0103. - Jobs\/ Internships\/ Scholarships\/","robots":{"index":"index","follow":"follow","max-snippet":"max-snippet:-1","max-image-preview":"max-image-preview:large","max-video-preview":"max-video-preview:-1"},"canonical":"https:\/\/rubyskynews.com\/index.php\/2011\/02\/28\/lupta-politica-in-germania-unificata-2\/","og_locale":"en_US","og_type":"article","og_title":"Lupta politic\u0103 \u00een Germania unificat\u0103. - Jobs\/ Internships\/ Scholarships\/","og_description":"Unificarea Germaniei de c\u0103tre Prusia a solu\u0163ionat numeroase probleme, dar a \u015fi st\u00e2rnit nemul\u0163umirea unor cercuri din fostele state germane care-\u015fi pierduser\u0103 privilegiile. Domina\u0163ia Prusiei protestante a generat o reac\u0163ie negativ\u0103 a numero\u015filor catolici germani uni\u0163i \u00een Partidul de Centru (catolic). Bismarck, intolerant fa\u0163\u0103 de opozi\u0163ie, a v\u0103zut \u00een acesta o \u00eencercare de dezbinare a [&hellip;]","og_url":"https:\/\/rubyskynews.com\/index.php\/2011\/02\/28\/lupta-politica-in-germania-unificata-2\/","og_site_name":"Jobs\/ Internships\/ Scholarships\/","article_published_time":"2011-02-28T14:10:00+00:00","article_modified_time":"2020-09-25T09:46:55+00:00","author":"eurointern","twitter_card":"summary_large_image","twitter_misc":{"Written by":"eurointern","Est. reading time":"2 minutes"},"schema":{"@context":"https:\/\/schema.org","@graph":[{"@type":"WebPage","@id":"https:\/\/rubyskynews.com\/index.php\/2011\/02\/28\/lupta-politica-in-germania-unificata-2\/","url":"https:\/\/rubyskynews.com\/index.php\/2011\/02\/28\/lupta-politica-in-germania-unificata-2\/","name":"Lupta politic\u0103 \u00een Germania unificat\u0103. - Jobs\/ Internships\/ Scholarships\/","isPartOf":{"@id":"https:\/\/rubyskynews.com\/#website"},"datePublished":"2011-02-28T14:10:00+00:00","dateModified":"2020-09-25T09:46:55+00:00","author":{"@id":"https:\/\/rubyskynews.com\/#\/schema\/person\/2bf02c24278f4ce807817c8f91add34d"},"breadcrumb":{"@id":"https:\/\/rubyskynews.com\/index.php\/2011\/02\/28\/lupta-politica-in-germania-unificata-2\/#breadcrumb"},"inLanguage":"en-US","potentialAction":[{"@type":"ReadAction","target":["https:\/\/rubyskynews.com\/index.php\/2011\/02\/28\/lupta-politica-in-germania-unificata-2\/"]}]},{"@type":"BreadcrumbList","@id":"https:\/\/rubyskynews.com\/index.php\/2011\/02\/28\/lupta-politica-in-germania-unificata-2\/#breadcrumb","itemListElement":[{"@type":"ListItem","position":1,"name":"Home","item":"https:\/\/rubyskynews.com\/"},{"@type":"ListItem","position":2,"name":"Lupta politic\u0103 \u00een Germania unificat\u0103."}]},{"@type":"WebSite","@id":"https:\/\/rubyskynews.com\/#website","url":"https:\/\/rubyskynews.com\/","name":"Jobs\/ Internships\/ Scholarships\/","description":"Internships\/ Scholarships\/  Grants","potentialAction":[{"@type":"SearchAction","target":{"@type":"EntryPoint","urlTemplate":"https:\/\/rubyskynews.com\/?s={search_term_string}"},"query-input":"required name=search_term_string"}],"inLanguage":"en-US"},{"@type":"Person","@id":"https:\/\/rubyskynews.com\/#\/schema\/person\/2bf02c24278f4ce807817c8f91add34d","name":"eurointern","image":{"@type":"ImageObject","inLanguage":"en-US","@id":"https:\/\/rubyskynews.com\/#\/schema\/person\/image\/","url":"https:\/\/secure.gravatar.com\/avatar\/4ba0ee69eda3e0c9ec9a3c49a6c7a82b?s=96&d=mm&r=g","contentUrl":"https:\/\/secure.gravatar.com\/avatar\/4ba0ee69eda3e0c9ec9a3c49a6c7a82b?s=96&d=mm&r=g","caption":"eurointern"},"sameAs":["http:\/\/rubyskynews.com"],"url":"https:\/\/rubyskynews.com\/index.php\/author\/eurointern28gmail-com\/"}]}},"_links":{"self":[{"href":"https:\/\/rubyskynews.com\/index.php\/wp-json\/wp\/v2\/posts\/27535"}],"collection":[{"href":"https:\/\/rubyskynews.com\/index.php\/wp-json\/wp\/v2\/posts"}],"about":[{"href":"https:\/\/rubyskynews.com\/index.php\/wp-json\/wp\/v2\/types\/post"}],"author":[{"embeddable":true,"href":"https:\/\/rubyskynews.com\/index.php\/wp-json\/wp\/v2\/users\/1"}],"replies":[{"embeddable":true,"href":"https:\/\/rubyskynews.com\/index.php\/wp-json\/wp\/v2\/comments?post=27535"}],"version-history":[{"count":0,"href":"https:\/\/rubyskynews.com\/index.php\/wp-json\/wp\/v2\/posts\/27535\/revisions"}],"wp:attachment":[{"href":"https:\/\/rubyskynews.com\/index.php\/wp-json\/wp\/v2\/media?parent=27535"}],"wp:term":[{"taxonomy":"category","embeddable":true,"href":"https:\/\/rubyskynews.com\/index.php\/wp-json\/wp\/v2\/categories?post=27535"},{"taxonomy":"post_tag","embeddable":true,"href":"https:\/\/rubyskynews.com\/index.php\/wp-json\/wp\/v2\/tags?post=27535"}],"curies":[{"name":"wp","href":"https:\/\/api.w.org\/{rel}","templated":true}]}}