{"id":27531,"date":"2011-02-28T14:11:00","date_gmt":"2011-02-28T14:11:00","guid":{"rendered":""},"modified":"2020-09-25T09:46:55","modified_gmt":"2020-09-25T09:46:55","slug":"revolutia-de-la-1848-si-consecintele-ei-2","status":"publish","type":"post","link":"https:\/\/rubyskynews.com\/index.php\/2011\/02\/28\/revolutia-de-la-1848-si-consecintele-ei-2\/","title":{"rendered":"Revolu\u0163ia de la 1848 \u015fi consecin\u0163ele ei pentru statele germane."},"content":{"rendered":"<div style=\"margin-top: 0px; margin-bottom: 0px;\" class=\"sharethis-inline-share-buttons\" ><\/div><div class=\"postBody\" style=\"color: black; text-align: justify;\">\u00cencep\u00e2nd  cu 6 martie, se organizau numeroase reuniuni ale tinerilor,  studen\u0163ilor, muncitorilor, me\u015fte\u015fugarilor, micilor negustori din Berlin.  Ace\u015ftia cereau egalitatea tuturor cet\u0103\u0163enilor \u00een fa\u0163a legii, libert\u0103\u0163i  politice, convocarea parlamentului german, amnistia de\u0163inu\u0163ilor  politici. Regele Frederic Wilhelm al IV-lea, sus\u0163inut de comandamentul  militar prusac, refuz\u0103 s\u0103 \u00eendeplineasc\u0103 cerin\u0163ele poporului. Ca urmare,  la 13 martie s-au produs ciocniri cu armata. Un demonstrant a fost  omor\u00e2t, iar mai mul\u0163i au fost r\u0103ni\u0163i. \u00cen zilele urm\u0103toare au continuat  confrunt\u0103rile cu armata. La 16 martie berlinezii au aflat despre  revolu\u0163ia din Austria \u015fi c\u0103derea lui Metternich. <a href=\"\" name=\"more\"><\/a>Poporul  se preg\u0103tea pentru ac\u0163iuni hot\u0103r\u00e2te. Spre diminea\u0163a zilei de 19 martie  devenise clar c\u0103 o\u015ftirile n-au sor\u0163i de izb\u00e2nd\u0103. Atunci regele a  publicat un manifest, \u015fi a ordonat armatei s\u0103 p\u0103r\u0103seasc\u0103 ora\u015ful, dac\u0103  insurgen\u0163ii vor pleca de pe baricade. Totodat\u0103, a fost emis decretul  despre \u00eenarmarea deta\u015famentelor de burghezi. La 22 martie regele a fost  nevoit s\u0103 publice proiectul unei legi ce prevedea libertatea persoanei, a  adun\u0103rilor, responsabilitatea mini\u015ftrilor \u00een fa\u0163a Landtag-ului, curtea  cu jura\u0163i, inamovibilitatea judec\u0103torilor, desfiin\u0163area poli\u0163iei \u015fi a  jurisdic\u0163iei mo\u015fierilor. Ca r\u0103spuns, la mitingul de la 23 martie,  muncitorii Berlinului au cerut; sufragiul univer\u00adsal, desfiin\u0163area  Adun\u0103rii st\u0103rilor sociale \u015fi convocarea reprezentan\u0163ei populare. La 26  martie, muncitorii au organizat un alt miting, la care au formulat noi  cerin\u0163e: majorarea salariului \u015fi mic\u015forarea zilei de munc\u0103 p\u00e2n\u0103 la 10  ore. Regele a con\u015ftientizat necesitatea de a \u00eencheia un compromis cu  liberalii. La 29 martie el a format un nou guvern, \u00een frunte cu liderul  liberalilor. Problema central\u0103 a revolu\u0163iei era unificarea Germaniei. Cu  scopul realiz\u0103rii acestui deziderat, a fost convocat\u0103, la 31 martie,  Adunarea Reprezentan\u0163ilor Statelor Germane, numit\u0103 Preparlament.  Majoritatea deputa\u0163ilor acestei adun\u0103ri au respins propunerea unei  grup\u0103ri radicale de a proclama Germania republic\u0103 \u015fi au hot\u0103r\u00e2t, \u00een urma  unui acord cu monarhii germani \u015fi cu seimul unional, s\u0103 aleag\u0103 Adunarea  Constituant\u0103 a Germaniei. Revolu\u0163ia de la 1848 din Germania s-a \u00eembinat  cu lupta pentru eliberarea na\u0163ional\u0103 a popoarelor asuprite. \u015etirea  despre revolu\u0163ia din februarie din Fran\u0163a \u015fi r\u0103scoala din Berlin au  activizat \u00eentr-o mare m\u0103sur\u0103 procesele revolu\u0163ionare din Silezia \u015fi  Poznan, care au avut un larg ecou \u00een Europa \u00een decursul primei jum\u0103t\u0103\u0163i a  sec. al XIX-lea. In prim\u0103vara anului 1848 au avut loc alegerile \u00een  parlamentul care \u015fi-a deschis lucr\u0103rile la 18 mai \u00een Frankfurt pe Main.  Majoritatea parlamentar\u0103 o alc\u0103tuiau liberalii \u015fi intelectualitatea  burghez\u0103. Din 831 de parlamentari numai unul era me\u015fte\u015fugar, iar 4 erau  \u0163\u0103rani. \u00cen parlament au fost ale\u015fi numai 85 de nobili, dar ei aveau o  mare influen\u0163\u0103 asupra altor categorii. Un segment important al  parlamentarilor reprezenta Prusia &#8211; cel mai reac\u0163ionar stat german. \u00cen  organul legislativ activa o grupare \u00eensemnat\u0103 (150 de membri) ce milita  pentru republica federal\u0103 german\u0103. Totu\u015fi, parlamentul admitea p\u0103strarea  or\u00e2nduirii monarhice \u00eentr-un \u015fir de state. Parlamentul din Frankfurt pe  Main trebuia s\u0103 proclame unificarea \u015fi suveranitatea poporului german,  s\u0103 adopte constitu\u0163ia \u015fi s\u0103 formeze guvernul \u00eentregii Germanii. \u00cens\u0103  prin ac\u0163iunile sale acesta a demonstrat c\u0103 se teme mai mult de masele  populare dec\u00e2t de comploturile contrarevolu\u0163ionare. Astfel, n-a sus\u0163inut  lupta voluntarilor din Main, Ulm, Friedberg \u00eempotriva o\u015ftirilor  prusace. \u00cen acela\u015fi timp, parlamentul a luat o pozi\u0163ie reac\u0163ionar\u0103 fa\u0163\u0103  de mi\u015fc\u0103rile na\u0163ionale din Germania \u015fi Austria. Democra\u0163ii revolu\u0163ionari  cereau restabilirea Poloniei \u015fi independen\u0163a popoarelor slave \u015fi a  italienilor din Austria. Liberalii tindeau s\u0103 men\u0163in\u0103 \u00een componen\u0163a  Germaniei toate teritoriile locuite de alte na\u0163ionalit\u0103\u0163i. Parlamentul a  aprobat astfel represaliile guvernului prusac \u00eempotriva polonezilor din  Poznan; el a salutat \u00een\u0103bu\u015firea r\u0103scoalei din Praga de c\u0103tre  Windischgraetz \u015fi ac\u0163iunile s\u00e2ngeroase ale lui Radetzky \u00een Italia.  Astfel, parlamentul din Frankfurt a tr\u0103dat interesele revolu\u0163iei din  Schleswig \u015fi Holstein. Numai \u00een toamna anului 1848, c\u00e2nd for\u0163ele  restauratoare au \u00eenvins \u00een centrele principale ale revolu\u0163iei\u2014Paris,  Berlin \u015fi Viena, parlamentul a ini\u0163iat discu\u0163ii pe marginea  constitu\u0163iei, care trebuia s\u0103 rezolve chestiunea unit\u0103\u0163ii Germaniei.  Acest document, adoptat la 28 martie 1848, recuno\u015ftea egalitatea tuturor  locuitorilor Germaniei, indiferent de apartenen\u0163a lor la un anumit stat  german, desfiin\u0163a p\u0103turile sociale \u015fi toate titlurile nobiliare,  introducea serviciul militar obligatoriu pentru to\u0163i cet\u0103\u0163enii, proclama  inalienabilitatea personalit\u0103\u0163ii \u015fi a locuin\u0163ei, anula pedeapsa cu  moartea \u00een timp de pace, pedepsele corporale, decreta libertatea presei  \u015fi a adun\u0103rilor.<\/div>\n<div style=\"margin-top: 0px; margin-bottom: 0px;\" class=\"sharethis-inline-share-buttons\" ><\/div>","protected":false},"excerpt":{"rendered":"<p>\u00cencep\u00e2nd cu 6 martie, se organizau numeroase reuniuni ale tinerilor, studen\u0163ilor, muncitorilor, me\u015fte\u015fugarilor, micilor negustori din Berlin. Ace\u015ftia cereau egalitatea tuturor cet\u0103\u0163enilor \u00een fa\u0163a legii, libert\u0103\u0163i politice, convocarea parlamentului german, amnistia de\u0163inu\u0163ilor politici. Regele Frederic Wilhelm al IV-lea, sus\u0163inut de comandamentul militar prusac, refuz\u0103 s\u0103 \u00eendeplineasc\u0103 cerin\u0163ele poporului. Ca urmare, la 13 martie s-au produs [&hellip;]<\/p>\n","protected":false},"author":1,"featured_media":0,"comment_status":"open","ping_status":"closed","sticky":false,"template":"","format":"standard","meta":{"_monsterinsights_skip_tracking":false,"_monsterinsights_sitenote_active":false,"_monsterinsights_sitenote_note":"","_monsterinsights_sitenote_category":0,"footnotes":""},"categories":[1],"tags":[],"aioseo_notices":[],"yoast_head":"<!-- This site is optimized with the Yoast SEO plugin v21.1 - https:\/\/yoast.com\/wordpress\/plugins\/seo\/ -->\n<title>Revolu\u0163ia de la 1848 \u015fi consecin\u0163ele ei pentru statele germane. - Jobs\/ Internships\/ Scholarships\/<\/title>\n<meta name=\"robots\" content=\"index, follow, max-snippet:-1, max-image-preview:large, max-video-preview:-1\" \/>\n<link rel=\"canonical\" href=\"https:\/\/rubyskynews.com\/index.php\/2011\/02\/28\/revolutia-de-la-1848-si-consecintele-ei-2\/\" \/>\n<meta property=\"og:locale\" content=\"en_US\" \/>\n<meta property=\"og:type\" content=\"article\" \/>\n<meta property=\"og:title\" content=\"Revolu\u0163ia de la 1848 \u015fi consecin\u0163ele ei pentru statele germane. - Jobs\/ Internships\/ Scholarships\/\" \/>\n<meta property=\"og:description\" content=\"\u00cencep\u00e2nd cu 6 martie, se organizau numeroase reuniuni ale tinerilor, studen\u0163ilor, muncitorilor, me\u015fte\u015fugarilor, micilor negustori din Berlin. Ace\u015ftia cereau egalitatea tuturor cet\u0103\u0163enilor \u00een fa\u0163a legii, libert\u0103\u0163i politice, convocarea parlamentului german, amnistia de\u0163inu\u0163ilor politici. Regele Frederic Wilhelm al IV-lea, sus\u0163inut de comandamentul militar prusac, refuz\u0103 s\u0103 \u00eendeplineasc\u0103 cerin\u0163ele poporului. Ca urmare, la 13 martie s-au produs [&hellip;]\" \/>\n<meta property=\"og:url\" content=\"https:\/\/rubyskynews.com\/index.php\/2011\/02\/28\/revolutia-de-la-1848-si-consecintele-ei-2\/\" \/>\n<meta property=\"og:site_name\" content=\"Jobs\/ Internships\/ Scholarships\/\" \/>\n<meta property=\"article:published_time\" content=\"2011-02-28T14:11:00+00:00\" \/>\n<meta property=\"article:modified_time\" content=\"2020-09-25T09:46:55+00:00\" \/>\n<meta name=\"author\" content=\"eurointern\" \/>\n<meta name=\"twitter:card\" content=\"summary_large_image\" \/>\n<meta name=\"twitter:label1\" content=\"Written by\" \/>\n\t<meta name=\"twitter:data1\" content=\"eurointern\" \/>\n\t<meta name=\"twitter:label2\" content=\"Est. reading time\" \/>\n\t<meta name=\"twitter:data2\" content=\"4 minutes\" \/>\n<script type=\"application\/ld+json\" class=\"yoast-schema-graph\">{\"@context\":\"https:\/\/schema.org\",\"@graph\":[{\"@type\":\"WebPage\",\"@id\":\"https:\/\/rubyskynews.com\/index.php\/2011\/02\/28\/revolutia-de-la-1848-si-consecintele-ei-2\/\",\"url\":\"https:\/\/rubyskynews.com\/index.php\/2011\/02\/28\/revolutia-de-la-1848-si-consecintele-ei-2\/\",\"name\":\"Revolu\u0163ia de la 1848 \u015fi consecin\u0163ele ei pentru statele germane. - Jobs\/ Internships\/ Scholarships\/\",\"isPartOf\":{\"@id\":\"https:\/\/rubyskynews.com\/#website\"},\"datePublished\":\"2011-02-28T14:11:00+00:00\",\"dateModified\":\"2020-09-25T09:46:55+00:00\",\"author\":{\"@id\":\"https:\/\/rubyskynews.com\/#\/schema\/person\/2bf02c24278f4ce807817c8f91add34d\"},\"breadcrumb\":{\"@id\":\"https:\/\/rubyskynews.com\/index.php\/2011\/02\/28\/revolutia-de-la-1848-si-consecintele-ei-2\/#breadcrumb\"},\"inLanguage\":\"en-US\",\"potentialAction\":[{\"@type\":\"ReadAction\",\"target\":[\"https:\/\/rubyskynews.com\/index.php\/2011\/02\/28\/revolutia-de-la-1848-si-consecintele-ei-2\/\"]}]},{\"@type\":\"BreadcrumbList\",\"@id\":\"https:\/\/rubyskynews.com\/index.php\/2011\/02\/28\/revolutia-de-la-1848-si-consecintele-ei-2\/#breadcrumb\",\"itemListElement\":[{\"@type\":\"ListItem\",\"position\":1,\"name\":\"Home\",\"item\":\"https:\/\/rubyskynews.com\/\"},{\"@type\":\"ListItem\",\"position\":2,\"name\":\"Revolu\u0163ia de la 1848 \u015fi consecin\u0163ele ei pentru statele germane.\"}]},{\"@type\":\"WebSite\",\"@id\":\"https:\/\/rubyskynews.com\/#website\",\"url\":\"https:\/\/rubyskynews.com\/\",\"name\":\"Jobs\/ Internships\/ Scholarships\/\",\"description\":\"Internships\/ Scholarships\/  Grants\",\"potentialAction\":[{\"@type\":\"SearchAction\",\"target\":{\"@type\":\"EntryPoint\",\"urlTemplate\":\"https:\/\/rubyskynews.com\/?s={search_term_string}\"},\"query-input\":\"required name=search_term_string\"}],\"inLanguage\":\"en-US\"},{\"@type\":\"Person\",\"@id\":\"https:\/\/rubyskynews.com\/#\/schema\/person\/2bf02c24278f4ce807817c8f91add34d\",\"name\":\"eurointern\",\"image\":{\"@type\":\"ImageObject\",\"inLanguage\":\"en-US\",\"@id\":\"https:\/\/rubyskynews.com\/#\/schema\/person\/image\/\",\"url\":\"https:\/\/secure.gravatar.com\/avatar\/4ba0ee69eda3e0c9ec9a3c49a6c7a82b?s=96&d=mm&r=g\",\"contentUrl\":\"https:\/\/secure.gravatar.com\/avatar\/4ba0ee69eda3e0c9ec9a3c49a6c7a82b?s=96&d=mm&r=g\",\"caption\":\"eurointern\"},\"sameAs\":[\"http:\/\/rubyskynews.com\"],\"url\":\"https:\/\/rubyskynews.com\/index.php\/author\/eurointern28gmail-com\/\"}]}<\/script>\n<!-- \/ Yoast SEO plugin. -->","yoast_head_json":{"title":"Revolu\u0163ia de la 1848 \u015fi consecin\u0163ele ei pentru statele germane. - Jobs\/ Internships\/ Scholarships\/","robots":{"index":"index","follow":"follow","max-snippet":"max-snippet:-1","max-image-preview":"max-image-preview:large","max-video-preview":"max-video-preview:-1"},"canonical":"https:\/\/rubyskynews.com\/index.php\/2011\/02\/28\/revolutia-de-la-1848-si-consecintele-ei-2\/","og_locale":"en_US","og_type":"article","og_title":"Revolu\u0163ia de la 1848 \u015fi consecin\u0163ele ei pentru statele germane. - Jobs\/ Internships\/ Scholarships\/","og_description":"\u00cencep\u00e2nd cu 6 martie, se organizau numeroase reuniuni ale tinerilor, studen\u0163ilor, muncitorilor, me\u015fte\u015fugarilor, micilor negustori din Berlin. Ace\u015ftia cereau egalitatea tuturor cet\u0103\u0163enilor \u00een fa\u0163a legii, libert\u0103\u0163i politice, convocarea parlamentului german, amnistia de\u0163inu\u0163ilor politici. Regele Frederic Wilhelm al IV-lea, sus\u0163inut de comandamentul militar prusac, refuz\u0103 s\u0103 \u00eendeplineasc\u0103 cerin\u0163ele poporului. Ca urmare, la 13 martie s-au produs [&hellip;]","og_url":"https:\/\/rubyskynews.com\/index.php\/2011\/02\/28\/revolutia-de-la-1848-si-consecintele-ei-2\/","og_site_name":"Jobs\/ Internships\/ Scholarships\/","article_published_time":"2011-02-28T14:11:00+00:00","article_modified_time":"2020-09-25T09:46:55+00:00","author":"eurointern","twitter_card":"summary_large_image","twitter_misc":{"Written by":"eurointern","Est. reading time":"4 minutes"},"schema":{"@context":"https:\/\/schema.org","@graph":[{"@type":"WebPage","@id":"https:\/\/rubyskynews.com\/index.php\/2011\/02\/28\/revolutia-de-la-1848-si-consecintele-ei-2\/","url":"https:\/\/rubyskynews.com\/index.php\/2011\/02\/28\/revolutia-de-la-1848-si-consecintele-ei-2\/","name":"Revolu\u0163ia de la 1848 \u015fi consecin\u0163ele ei pentru statele germane. - Jobs\/ Internships\/ Scholarships\/","isPartOf":{"@id":"https:\/\/rubyskynews.com\/#website"},"datePublished":"2011-02-28T14:11:00+00:00","dateModified":"2020-09-25T09:46:55+00:00","author":{"@id":"https:\/\/rubyskynews.com\/#\/schema\/person\/2bf02c24278f4ce807817c8f91add34d"},"breadcrumb":{"@id":"https:\/\/rubyskynews.com\/index.php\/2011\/02\/28\/revolutia-de-la-1848-si-consecintele-ei-2\/#breadcrumb"},"inLanguage":"en-US","potentialAction":[{"@type":"ReadAction","target":["https:\/\/rubyskynews.com\/index.php\/2011\/02\/28\/revolutia-de-la-1848-si-consecintele-ei-2\/"]}]},{"@type":"BreadcrumbList","@id":"https:\/\/rubyskynews.com\/index.php\/2011\/02\/28\/revolutia-de-la-1848-si-consecintele-ei-2\/#breadcrumb","itemListElement":[{"@type":"ListItem","position":1,"name":"Home","item":"https:\/\/rubyskynews.com\/"},{"@type":"ListItem","position":2,"name":"Revolu\u0163ia de la 1848 \u015fi consecin\u0163ele ei pentru statele germane."}]},{"@type":"WebSite","@id":"https:\/\/rubyskynews.com\/#website","url":"https:\/\/rubyskynews.com\/","name":"Jobs\/ Internships\/ Scholarships\/","description":"Internships\/ Scholarships\/  Grants","potentialAction":[{"@type":"SearchAction","target":{"@type":"EntryPoint","urlTemplate":"https:\/\/rubyskynews.com\/?s={search_term_string}"},"query-input":"required name=search_term_string"}],"inLanguage":"en-US"},{"@type":"Person","@id":"https:\/\/rubyskynews.com\/#\/schema\/person\/2bf02c24278f4ce807817c8f91add34d","name":"eurointern","image":{"@type":"ImageObject","inLanguage":"en-US","@id":"https:\/\/rubyskynews.com\/#\/schema\/person\/image\/","url":"https:\/\/secure.gravatar.com\/avatar\/4ba0ee69eda3e0c9ec9a3c49a6c7a82b?s=96&d=mm&r=g","contentUrl":"https:\/\/secure.gravatar.com\/avatar\/4ba0ee69eda3e0c9ec9a3c49a6c7a82b?s=96&d=mm&r=g","caption":"eurointern"},"sameAs":["http:\/\/rubyskynews.com"],"url":"https:\/\/rubyskynews.com\/index.php\/author\/eurointern28gmail-com\/"}]}},"_links":{"self":[{"href":"https:\/\/rubyskynews.com\/index.php\/wp-json\/wp\/v2\/posts\/27531"}],"collection":[{"href":"https:\/\/rubyskynews.com\/index.php\/wp-json\/wp\/v2\/posts"}],"about":[{"href":"https:\/\/rubyskynews.com\/index.php\/wp-json\/wp\/v2\/types\/post"}],"author":[{"embeddable":true,"href":"https:\/\/rubyskynews.com\/index.php\/wp-json\/wp\/v2\/users\/1"}],"replies":[{"embeddable":true,"href":"https:\/\/rubyskynews.com\/index.php\/wp-json\/wp\/v2\/comments?post=27531"}],"version-history":[{"count":0,"href":"https:\/\/rubyskynews.com\/index.php\/wp-json\/wp\/v2\/posts\/27531\/revisions"}],"wp:attachment":[{"href":"https:\/\/rubyskynews.com\/index.php\/wp-json\/wp\/v2\/media?parent=27531"}],"wp:term":[{"taxonomy":"category","embeddable":true,"href":"https:\/\/rubyskynews.com\/index.php\/wp-json\/wp\/v2\/categories?post=27531"},{"taxonomy":"post_tag","embeddable":true,"href":"https:\/\/rubyskynews.com\/index.php\/wp-json\/wp\/v2\/tags?post=27531"}],"curies":[{"name":"wp","href":"https:\/\/api.w.org\/{rel}","templated":true}]}}