{"id":27529,"date":"2011-02-28T14:12:00","date_gmt":"2011-02-28T14:12:00","guid":{"rendered":""},"modified":"2020-09-25T09:46:55","modified_gmt":"2020-09-25T09:46:55","slug":"particularitatile-dezvoltarii-statului-2","status":"publish","type":"post","link":"https:\/\/rubyskynews.com\/index.php\/2011\/02\/28\/particularitatile-dezvoltarii-statului-2\/","title":{"rendered":"Particularit\u0103\u0163ile dezvolt\u0103rii statului austriac \u00een prima jum. a sec. al XIX-lea."},"content":{"rendered":"<div style=\"margin-top: 0px; margin-bottom: 0px;\" class=\"sharethis-inline-share-buttons\" ><\/div><div style=\"text-align: justify;\">\u00cenceputul sec. al XIX-lea a g\u0103sit Austria angajat\u0103 \u00een lupta \u00eempotriva  lui Napoleon. Toate tratatele de pace, \u00eencheiate cu acesta, i-au fost  defavorabile. A pierdut, pe r\u00e2nd, controlul asupra statelor italiene, a  \u0162\u0103rilor de Jos, Tirolului r\u0103s\u0103ritean, Carintiei, Crainei, Croa\u0163iei, la  care se adaug\u0103 \u201edetronarea&#8221; \u00eemp\u0103ratului din calitatea de \u015fef al  Imperiului Romano-German. Actul final al Congresului, semnat la 9 iunie  1815, cu nou\u0103 zile \u00eenaintea b\u0103t\u0103liei de la Waterloo (18 iunie 1815),  oferea Austriei satisfac\u0163ii \u015fi insatisfac\u0163ii. Satisfac\u0163iile au fost din  punct de vedere teritorial: Austria a redob\u00e2ndit Lombardia, Toscana,  Modena, Parma \u015fi Piacenza, Vene\u0163ia, Gali\u0163ia, \u201eProvinciile ilirice&#8221; \u015fi o  parte din landul Salzburg. Insatisfac\u0163iile au fost generate de faptul c\u0103  Austria nu mai revenea \u201ela demnitatea imperial\u0103 romano-german\u0103&#8221;, iar \u00een  cadrul Confedera\u0163iei Germane, <a href=\"\" name=\"more\"><\/a>din care f\u0103cea parte,  \u00eencepea disputa cu Prusia pentru suprema\u0163ie \u015fi influen\u0163\u0103 \u00een r\u00e2ndul  statelor germane. O politic\u0103 special\u0103 a fost aplicat\u0103 fa\u0163\u0103 de biseric\u0103.  Guvernul numea prela\u0163ii pe care \u00eei trata ca pe func\u0163ionarii de stat.  Religia catolic\u0103 era obligatorie, non-catolicii erau exclu\u015fi din  func\u0163iile publice. Acest regim dur, de oprimare, a purtat numele de  \u201esistemul Mettemich&#8221;.<br \/>\nDin punct de vedere strict administrativ,  Mettemich a privit imperiul ca pe \u201eun stat federativ, aflat sub  conducerea unui suveran comun&#8221;. \u00een virtutea acestei credin\u0163e, \u00een anul  1818,  a creat Consiliul Imperiului, \u00een care intrau \u015fi reprezentan\u0163i ai  provinciilor, recruta\u0163i din r\u00e2ndul aristocra\u0163iei. Este evident c\u0103 acest  Consiliu se opunea oric\u0103rei schimb\u0103ri. In prima jum\u0103tate a sec. al  XIX-lea s-a dezvoltat \u015fi industria chimic\u0103 &#8211; mai ales cea de coloran\u0163i.  In anul 1830 a \u00eenceput s\u0103 func\u0163ioneze prima fabric\u0103 de obiecte din  cauciuc. \u00cen acela\u015fi timp, s-a \u00eenregistrat un proces de perfec\u0163ionare a  transportului. \u00een anii 1827-1832 a fost construit\u0103, \u00eentre Linz \u015fi  Budweis, prima cale ferat\u0103, pentru vagoane trase de cai. Prima cale  ferat\u0103 pentru locomotive cu abur a fost construit\u0103 \u00eentre 1836 \u015fi 1847.  Politica extern\u0103 a Austriei, era orientat\u0103 spre dou\u0103 obiective:  colaborarea, \u00een cadrul Sfintei Alian\u0163e, \u00eempotriva mi\u015fc\u0103rilor de  eliberare \u015fi \u00eent\u0103rirea influen\u0163ei \u00een r\u00e2ndul statelor germane. Sub  conducerea lui Mettemich, \u00een primul caz, Austria s-a manifestat ca un  adept al Restaura\u0163iei \u015fi legitimismului. \u00cen acest sens, politica extern\u0103  a fost orientat\u0103 spre o colaborare, \u00een cadrul Sfintei Alian\u0163e,  \u00eempotriva tuturor mi\u015fc\u0103rilor revolu\u0163ionare din Europa. \u00eenceputul a fost  f\u0103cut la  Congresul de la  Aachen (1818), ocazionat de mi\u015fc\u0103rile  studen\u0163e\u015fti din statele germane. \u00cempreun\u0103 cu Prusia, Viena a intervenit  \u00eempotriva acestora, restabilind, pentru un anumit timp, ordinea. Au  urmat mi\u015fc\u0103rile din Neapole, care au determinat convocarea congreselor  de la Troppau (1820) \u015fi Laybach (1821), \u00een urma c\u0103rora Austria a fost  autorizat\u0103 s\u0103 intervin\u0103 cu for\u0163ele armate. Succesele militare au atras  ura italienilor. O dat\u0103 cu aceasta s-a \u00eencheiat seria succeselor externe  ale Austriei. La urm\u0103torul congres al Sfintei Alian\u0163e de la Verona  (1822), consacrat mi\u015fc\u0103rilor din Spania \u015fi din coloniile acesteia,  diploma\u0163ia austriac\u0103 a trebuit s\u0103 \u00eenfrunte diploma\u0163ia englez\u0103. A\u015fa se  face c\u0103 Mettemich va sus\u0163ine Rusia. Nu acela\u015fi lucru se va \u00eent\u00e2mpla \u00een  Balcani. Insurec\u0163ia greac\u0103 a fost calificat\u0103 de c\u0103tre Mettemich drept un  atentat \u00eempotriva st\u0103p\u00e2nirii legitime a sultanului. Interven\u0163ia  franco-anglo-rus\u0103, soldat\u0103 cu b\u0103t\u0103lia naval\u0103 de la Navarin (1827), a  eliminat Austria de la masa tratativelor. Revolu\u0163ia francez\u0103 din anul  1830 \u015fi apoi revolu\u0163ia belgian\u0103 din acela\u015fi an au provocat o fisur\u0103 mai  serioas\u0103 \u00een sistemul creat la Viena. Influen\u0163a acestora a fost imediat\u0103  \u00een r\u00e2ndul statelor germane. In anul 1832  a avut loc adunarea liberal\u0103  de la Hambach, iar \u00een anul urm\u0103tor (1833) s-au derulat marile  manifesta\u0163ii studen\u0163e\u015fti de la Frankfurt pe Main. Interven\u0163ia statelor  care intrau \u00een Sf\u00e2nta Alian\u0163\u0103, \u00eempotriva revolu\u0163iei belgiene,  interven\u0163ie proiectat\u0103 de c\u0103tre \u0163ar, a fost dezaprobat\u0103 de Austria.  Viena a trebuit s\u0103 fac\u0103 fa\u0163\u0103 evenimentelor din Modena, Parma \u015fi Statul  Papal. De altfel, Rusia a fost \u015fi ea obligat\u0103 s\u0103 abandoneze proiectul  interven\u0163iei din cauza r\u0103scoalei polonezilor. Anul 1830 a fost un an de  cump\u0103n\u0103 pentru politica extern\u0103 a Austriei, a fost momentul c\u00e2nd Sf\u00e2nta  Alian\u0163\u0103 nu mai avea nici o valoare. Conferin\u0163ele de la Londra, care au  avut ca subiect Belgia, s-au desf\u0103\u015furat \u00eentr-un alt spirit, departe de  ceea ce dorea Mettemich. S-ar putea crede c\u0103 tocmai de aceea, dup\u0103 1830,  Metternich a urm\u0103rit o politic\u0103 de conciliere cu Prusia. Organizarea  mai sever\u0103 a Confedera\u0163iei Germane, care convenea Prusiei, nu a fost pe  placul lui Mettemich.<\/div>\n<div style=\"margin-top: 0px; margin-bottom: 0px;\" class=\"sharethis-inline-share-buttons\" ><\/div>","protected":false},"excerpt":{"rendered":"<p>\u00cenceputul sec. al XIX-lea a g\u0103sit Austria angajat\u0103 \u00een lupta \u00eempotriva lui Napoleon. Toate tratatele de pace, \u00eencheiate cu acesta, i-au fost defavorabile. A pierdut, pe r\u00e2nd, controlul asupra statelor italiene, a \u0162\u0103rilor de Jos, Tirolului r\u0103s\u0103ritean, Carintiei, Crainei, Croa\u0163iei, la care se adaug\u0103 \u201edetronarea&#8221; \u00eemp\u0103ratului din calitatea de \u015fef al Imperiului Romano-German. Actul final [&hellip;]<\/p>\n","protected":false},"author":1,"featured_media":0,"comment_status":"open","ping_status":"closed","sticky":false,"template":"","format":"standard","meta":{"_monsterinsights_skip_tracking":false,"_monsterinsights_sitenote_active":false,"_monsterinsights_sitenote_note":"","_monsterinsights_sitenote_category":0,"footnotes":""},"categories":[1],"tags":[],"aioseo_notices":[],"yoast_head":"<!-- This site is optimized with the Yoast SEO plugin v21.1 - https:\/\/yoast.com\/wordpress\/plugins\/seo\/ -->\n<title>Particularit\u0103\u0163ile dezvolt\u0103rii statului austriac \u00een prima jum. a sec. al XIX-lea. - Jobs\/ Internships\/ Scholarships\/<\/title>\n<meta name=\"robots\" content=\"index, follow, max-snippet:-1, max-image-preview:large, max-video-preview:-1\" \/>\n<link rel=\"canonical\" href=\"https:\/\/rubyskynews.com\/index.php\/2011\/02\/28\/particularitatile-dezvoltarii-statului-2\/\" \/>\n<meta property=\"og:locale\" content=\"en_US\" \/>\n<meta property=\"og:type\" content=\"article\" \/>\n<meta property=\"og:title\" content=\"Particularit\u0103\u0163ile dezvolt\u0103rii statului austriac \u00een prima jum. a sec. al XIX-lea. - Jobs\/ Internships\/ Scholarships\/\" \/>\n<meta property=\"og:description\" content=\"\u00cenceputul sec. al XIX-lea a g\u0103sit Austria angajat\u0103 \u00een lupta \u00eempotriva lui Napoleon. Toate tratatele de pace, \u00eencheiate cu acesta, i-au fost defavorabile. A pierdut, pe r\u00e2nd, controlul asupra statelor italiene, a \u0162\u0103rilor de Jos, Tirolului r\u0103s\u0103ritean, Carintiei, Crainei, Croa\u0163iei, la care se adaug\u0103 \u201edetronarea&#8221; \u00eemp\u0103ratului din calitatea de \u015fef al Imperiului Romano-German. Actul final [&hellip;]\" \/>\n<meta property=\"og:url\" content=\"https:\/\/rubyskynews.com\/index.php\/2011\/02\/28\/particularitatile-dezvoltarii-statului-2\/\" \/>\n<meta property=\"og:site_name\" content=\"Jobs\/ Internships\/ Scholarships\/\" \/>\n<meta property=\"article:published_time\" content=\"2011-02-28T14:12:00+00:00\" \/>\n<meta property=\"article:modified_time\" content=\"2020-09-25T09:46:55+00:00\" \/>\n<meta name=\"author\" content=\"eurointern\" \/>\n<meta name=\"twitter:card\" content=\"summary_large_image\" \/>\n<meta name=\"twitter:label1\" content=\"Written by\" \/>\n\t<meta name=\"twitter:data1\" content=\"eurointern\" \/>\n\t<meta name=\"twitter:label2\" content=\"Est. reading time\" \/>\n\t<meta name=\"twitter:data2\" content=\"4 minutes\" \/>\n<script type=\"application\/ld+json\" class=\"yoast-schema-graph\">{\"@context\":\"https:\/\/schema.org\",\"@graph\":[{\"@type\":\"WebPage\",\"@id\":\"https:\/\/rubyskynews.com\/index.php\/2011\/02\/28\/particularitatile-dezvoltarii-statului-2\/\",\"url\":\"https:\/\/rubyskynews.com\/index.php\/2011\/02\/28\/particularitatile-dezvoltarii-statului-2\/\",\"name\":\"Particularit\u0103\u0163ile dezvolt\u0103rii statului austriac \u00een prima jum. a sec. al XIX-lea. - Jobs\/ Internships\/ Scholarships\/\",\"isPartOf\":{\"@id\":\"https:\/\/rubyskynews.com\/#website\"},\"datePublished\":\"2011-02-28T14:12:00+00:00\",\"dateModified\":\"2020-09-25T09:46:55+00:00\",\"author\":{\"@id\":\"https:\/\/rubyskynews.com\/#\/schema\/person\/2bf02c24278f4ce807817c8f91add34d\"},\"breadcrumb\":{\"@id\":\"https:\/\/rubyskynews.com\/index.php\/2011\/02\/28\/particularitatile-dezvoltarii-statului-2\/#breadcrumb\"},\"inLanguage\":\"en-US\",\"potentialAction\":[{\"@type\":\"ReadAction\",\"target\":[\"https:\/\/rubyskynews.com\/index.php\/2011\/02\/28\/particularitatile-dezvoltarii-statului-2\/\"]}]},{\"@type\":\"BreadcrumbList\",\"@id\":\"https:\/\/rubyskynews.com\/index.php\/2011\/02\/28\/particularitatile-dezvoltarii-statului-2\/#breadcrumb\",\"itemListElement\":[{\"@type\":\"ListItem\",\"position\":1,\"name\":\"Home\",\"item\":\"https:\/\/rubyskynews.com\/\"},{\"@type\":\"ListItem\",\"position\":2,\"name\":\"Particularit\u0103\u0163ile dezvolt\u0103rii statului austriac \u00een prima jum. a sec. al XIX-lea.\"}]},{\"@type\":\"WebSite\",\"@id\":\"https:\/\/rubyskynews.com\/#website\",\"url\":\"https:\/\/rubyskynews.com\/\",\"name\":\"Jobs\/ Internships\/ Scholarships\/\",\"description\":\"Internships\/ Scholarships\/  Grants\",\"potentialAction\":[{\"@type\":\"SearchAction\",\"target\":{\"@type\":\"EntryPoint\",\"urlTemplate\":\"https:\/\/rubyskynews.com\/?s={search_term_string}\"},\"query-input\":\"required name=search_term_string\"}],\"inLanguage\":\"en-US\"},{\"@type\":\"Person\",\"@id\":\"https:\/\/rubyskynews.com\/#\/schema\/person\/2bf02c24278f4ce807817c8f91add34d\",\"name\":\"eurointern\",\"image\":{\"@type\":\"ImageObject\",\"inLanguage\":\"en-US\",\"@id\":\"https:\/\/rubyskynews.com\/#\/schema\/person\/image\/\",\"url\":\"https:\/\/secure.gravatar.com\/avatar\/4ba0ee69eda3e0c9ec9a3c49a6c7a82b?s=96&d=mm&r=g\",\"contentUrl\":\"https:\/\/secure.gravatar.com\/avatar\/4ba0ee69eda3e0c9ec9a3c49a6c7a82b?s=96&d=mm&r=g\",\"caption\":\"eurointern\"},\"sameAs\":[\"http:\/\/rubyskynews.com\"],\"url\":\"https:\/\/rubyskynews.com\/index.php\/author\/eurointern28gmail-com\/\"}]}<\/script>\n<!-- \/ Yoast SEO plugin. -->","yoast_head_json":{"title":"Particularit\u0103\u0163ile dezvolt\u0103rii statului austriac \u00een prima jum. a sec. al XIX-lea. - Jobs\/ Internships\/ Scholarships\/","robots":{"index":"index","follow":"follow","max-snippet":"max-snippet:-1","max-image-preview":"max-image-preview:large","max-video-preview":"max-video-preview:-1"},"canonical":"https:\/\/rubyskynews.com\/index.php\/2011\/02\/28\/particularitatile-dezvoltarii-statului-2\/","og_locale":"en_US","og_type":"article","og_title":"Particularit\u0103\u0163ile dezvolt\u0103rii statului austriac \u00een prima jum. a sec. al XIX-lea. - Jobs\/ Internships\/ Scholarships\/","og_description":"\u00cenceputul sec. al XIX-lea a g\u0103sit Austria angajat\u0103 \u00een lupta \u00eempotriva lui Napoleon. Toate tratatele de pace, \u00eencheiate cu acesta, i-au fost defavorabile. A pierdut, pe r\u00e2nd, controlul asupra statelor italiene, a \u0162\u0103rilor de Jos, Tirolului r\u0103s\u0103ritean, Carintiei, Crainei, Croa\u0163iei, la care se adaug\u0103 \u201edetronarea&#8221; \u00eemp\u0103ratului din calitatea de \u015fef al Imperiului Romano-German. Actul final [&hellip;]","og_url":"https:\/\/rubyskynews.com\/index.php\/2011\/02\/28\/particularitatile-dezvoltarii-statului-2\/","og_site_name":"Jobs\/ Internships\/ Scholarships\/","article_published_time":"2011-02-28T14:12:00+00:00","article_modified_time":"2020-09-25T09:46:55+00:00","author":"eurointern","twitter_card":"summary_large_image","twitter_misc":{"Written by":"eurointern","Est. reading time":"4 minutes"},"schema":{"@context":"https:\/\/schema.org","@graph":[{"@type":"WebPage","@id":"https:\/\/rubyskynews.com\/index.php\/2011\/02\/28\/particularitatile-dezvoltarii-statului-2\/","url":"https:\/\/rubyskynews.com\/index.php\/2011\/02\/28\/particularitatile-dezvoltarii-statului-2\/","name":"Particularit\u0103\u0163ile dezvolt\u0103rii statului austriac \u00een prima jum. a sec. al XIX-lea. - Jobs\/ Internships\/ Scholarships\/","isPartOf":{"@id":"https:\/\/rubyskynews.com\/#website"},"datePublished":"2011-02-28T14:12:00+00:00","dateModified":"2020-09-25T09:46:55+00:00","author":{"@id":"https:\/\/rubyskynews.com\/#\/schema\/person\/2bf02c24278f4ce807817c8f91add34d"},"breadcrumb":{"@id":"https:\/\/rubyskynews.com\/index.php\/2011\/02\/28\/particularitatile-dezvoltarii-statului-2\/#breadcrumb"},"inLanguage":"en-US","potentialAction":[{"@type":"ReadAction","target":["https:\/\/rubyskynews.com\/index.php\/2011\/02\/28\/particularitatile-dezvoltarii-statului-2\/"]}]},{"@type":"BreadcrumbList","@id":"https:\/\/rubyskynews.com\/index.php\/2011\/02\/28\/particularitatile-dezvoltarii-statului-2\/#breadcrumb","itemListElement":[{"@type":"ListItem","position":1,"name":"Home","item":"https:\/\/rubyskynews.com\/"},{"@type":"ListItem","position":2,"name":"Particularit\u0103\u0163ile dezvolt\u0103rii statului austriac \u00een prima jum. a sec. al XIX-lea."}]},{"@type":"WebSite","@id":"https:\/\/rubyskynews.com\/#website","url":"https:\/\/rubyskynews.com\/","name":"Jobs\/ Internships\/ Scholarships\/","description":"Internships\/ Scholarships\/  Grants","potentialAction":[{"@type":"SearchAction","target":{"@type":"EntryPoint","urlTemplate":"https:\/\/rubyskynews.com\/?s={search_term_string}"},"query-input":"required name=search_term_string"}],"inLanguage":"en-US"},{"@type":"Person","@id":"https:\/\/rubyskynews.com\/#\/schema\/person\/2bf02c24278f4ce807817c8f91add34d","name":"eurointern","image":{"@type":"ImageObject","inLanguage":"en-US","@id":"https:\/\/rubyskynews.com\/#\/schema\/person\/image\/","url":"https:\/\/secure.gravatar.com\/avatar\/4ba0ee69eda3e0c9ec9a3c49a6c7a82b?s=96&d=mm&r=g","contentUrl":"https:\/\/secure.gravatar.com\/avatar\/4ba0ee69eda3e0c9ec9a3c49a6c7a82b?s=96&d=mm&r=g","caption":"eurointern"},"sameAs":["http:\/\/rubyskynews.com"],"url":"https:\/\/rubyskynews.com\/index.php\/author\/eurointern28gmail-com\/"}]}},"_links":{"self":[{"href":"https:\/\/rubyskynews.com\/index.php\/wp-json\/wp\/v2\/posts\/27529"}],"collection":[{"href":"https:\/\/rubyskynews.com\/index.php\/wp-json\/wp\/v2\/posts"}],"about":[{"href":"https:\/\/rubyskynews.com\/index.php\/wp-json\/wp\/v2\/types\/post"}],"author":[{"embeddable":true,"href":"https:\/\/rubyskynews.com\/index.php\/wp-json\/wp\/v2\/users\/1"}],"replies":[{"embeddable":true,"href":"https:\/\/rubyskynews.com\/index.php\/wp-json\/wp\/v2\/comments?post=27529"}],"version-history":[{"count":0,"href":"https:\/\/rubyskynews.com\/index.php\/wp-json\/wp\/v2\/posts\/27529\/revisions"}],"wp:attachment":[{"href":"https:\/\/rubyskynews.com\/index.php\/wp-json\/wp\/v2\/media?parent=27529"}],"wp:term":[{"taxonomy":"category","embeddable":true,"href":"https:\/\/rubyskynews.com\/index.php\/wp-json\/wp\/v2\/categories?post=27529"},{"taxonomy":"post_tag","embeddable":true,"href":"https:\/\/rubyskynews.com\/index.php\/wp-json\/wp\/v2\/tags?post=27529"}],"curies":[{"name":"wp","href":"https:\/\/api.w.org\/{rel}","templated":true}]}}