{"id":27527,"date":"2011-02-28T14:12:00","date_gmt":"2011-02-28T14:12:00","guid":{"rendered":""},"modified":"2020-09-25T09:46:55","modified_gmt":"2020-09-25T09:46:55","slug":"ascensiunea-statului-brandenburgo-2","status":"publish","type":"post","link":"https:\/\/rubyskynews.com\/index.php\/2011\/02\/28\/ascensiunea-statului-brandenburgo-2\/","title":{"rendered":"Ascensiunea statului brandenburgo-prusian."},"content":{"rendered":"<div style=\"margin-top: 0px; margin-bottom: 0px;\" class=\"sharethis-inline-share-buttons\" ><\/div><div class=\"postBody\" style=\"color: black; text-align: justify;\">Ascensiunea  statului Brandemburgo-Prusian se oberv\u0103 \u00eenc\u0103 \u00een sec 17-18. Evolu\u0163ia sa  era posibil\u0103 prin politica agrar\u0103, reparti\u0163ia p\u0103m\u00e2nturilor \u015fi a armatei  mari. Statul prusac \u015fi-a \u00eent\u0103rit pozi\u0163iile sale \u015fi chiar \u015fi-a continuat  ascensiunea \u015fi  dup\u0103 sec 18. Ceea c\u0435 n-au putut face cu for\u0163a armelor,  germanii au ob\u0163inut prin schimbarea de concep\u0163ie a elitei sale \u015fi prin  renovarea intern\u0103 a statului prusian. Unirea spiritual\u0103 a foit cel mai  eficient mijloc de salvare \u00een condi\u0163iile domina\u0163iei lui Napoleon. \u00cen  acela\u015fi timp cu regenerarea spiritual\u0103 a \u00eenceput renovarea politic\u0103, \u00een  frunte cu Prusia. Dac\u0103 \u00een Confedera\u0163ia Rinului continuau concep\u0163iile  particulariste, \u00een Prusia situa\u0163ia era alta. Se impunea <a href=\"\" name=\"more\"><\/a>curentul  reformator ini\u0163iat de Karl de Stein, un inamic declarat al lui \u201eKleine  Staateri&#8221; (particularism princiar), sus\u0163inut de regina Luiza. Stein a  urm\u0103rit s\u0103 realizeze o participare activ\u0103 a proprietarilor la treburile  politice. EI a \u00eenceput, foarte repede, \u015fi ac\u0163iunea de abrogare a  supunerii ereditare a \u0163\u0103ranilor. Prin aceasta a l\u0103rgit baza demografic\u0103 a  na\u0163iunii. In anul 1808, a acordat comunelor dreptul de  autoadministrare. \u00een schimb, a redus num\u0103rul dietelor, sporind  atribu\u0163iile dietei centrale a Prusiei, iar guvernul era format doar din  cinci mini\u015ftri. In plan politic \u00eens\u0103 nu se putea face prea mult. Tocmai  de aceea, la 24 februarie 1812, regele Frederic Wilhelm aIII-1\u0435\u0430 a  \u00eencheiat cu Napoleon un tratat care-1 obliga s\u0103 fie al\u0103turi de Fran\u0163a.  \u00cenfr\u00e2ngerea iui Napoleon anula totul. Suna noul ceas pentru na\u0163iunea  german\u0103, \u00een centrul careta se afla Prusia. Primul rezultat a fost  \u00eenregimentarea voluntar\u0103 a mii de germani. Foarte repede armata prusiana  a ajuns la 100 000 de oameni. Al doilea rezultat a fost angajarea  Prusiei \u00een lupta antinapoleonian\u0103. Gra\u0163ie sentimentului de solidaritate,  ideea de patrie a c\u0103p\u0103tat, pentru germani, o form\u0103 mai concret\u0103.  Prusia, de\u015fi dorea unificarea sub egida ei, s-a limitat doar la crearea  Zollverein-ului. Frederic Wilhelm al III-lea, adept al politicii de  neprovocare a Austriei, a murit \u00een 1840. Urma\u015ful s\u0103u la tron, Frederic  Wilhelm al IV-lea, \u00eencoronat la 7 iunie 1840, de\u015fi era un inamic al  principiilor liberale, nu agrea politica de represiune. Chiar de la  \u00eenceput i-a repus \u00een func\u0163ii pe cei mazili\u0163i pentru participarea la  ac\u0163iuni revolu\u0163ionare. Criza din anul 18471-a obligat pe Frederic  Wilhelm s\u0103 reia rela\u0163iile cu adun\u0103rile parlamentare. Dorin\u0163a lui era de a  rezolva problemele economice \u015fi de a ob\u0163ine libert\u0103\u0163i financiare.  Dietele s-au reunit la 3 octombrie 1847. Datorit\u0103 manevrelor regelui, nu  s-a reu\u015fit dec\u00e2t formarea unui sistem complicat care \u201esubstituia  regimul constitu\u0163ional unei \u00een\u0163elegeri \u00eentre guvern \u015fi popor&#8221;. Cel pu\u0163in  a\u015fa se credea. Nemul\u0163umit\u0103 de aceast\u0103 m\u0103sur\u0103, opozi\u0163ia a reac\u0163ionat. La  sf\u00e2r\u015fitul anului 1847 era \u015fi mai clar c\u0103 Prusia \u015fi celelalte state  germane mergeau la \u00eent\u00e2lnire cu revolu\u0163ia. Disputa dintre rege \u015fi diete  era un prim argument. Realiz\u00e2nd Zollverein-ul, Prusia a c\u00e2\u015ftigat prima  disputa cu Austria; unitatea economic\u0103 va fi un suport al unit\u0103\u0163ii  politice. \u00een momentul c\u00e2nd soseau ve\u015ftile despre revolu\u0163ia de la  Paris  din 1848, mai multe condi\u0163ii favorizau o de\u015fteptare na\u0163ional\u0103: dorin\u0163a  de a ob\u0163ine constitu\u0163ii \u00een fiecare stat, speran\u0163a claselor mijlocii de a  schimba pozi\u0163ia iuncherilor \u00een Prusia, necesitatea de a-i hr\u0103ni pe cei  f\u0103r\u0103 serviciu \u015fi, visul de a avea o Germanie unificat\u0103.<\/div>\n<div style=\"margin-top: 0px; margin-bottom: 0px;\" class=\"sharethis-inline-share-buttons\" ><\/div>","protected":false},"excerpt":{"rendered":"<p>Ascensiunea statului Brandemburgo-Prusian se oberv\u0103 \u00eenc\u0103 \u00een sec 17-18. Evolu\u0163ia sa era posibil\u0103 prin politica agrar\u0103, reparti\u0163ia p\u0103m\u00e2nturilor \u015fi a armatei mari. Statul prusac \u015fi-a \u00eent\u0103rit pozi\u0163iile sale \u015fi chiar \u015fi-a continuat ascensiunea \u015fi dup\u0103 sec 18. Ceea c\u0435 n-au putut face cu for\u0163a armelor, germanii au ob\u0163inut prin schimbarea de concep\u0163ie a elitei sale [&hellip;]<\/p>\n","protected":false},"author":1,"featured_media":0,"comment_status":"open","ping_status":"closed","sticky":false,"template":"","format":"standard","meta":{"_monsterinsights_skip_tracking":false,"_monsterinsights_sitenote_active":false,"_monsterinsights_sitenote_note":"","_monsterinsights_sitenote_category":0,"footnotes":""},"categories":[1],"tags":[],"aioseo_notices":[],"yoast_head":"<!-- This site is optimized with the Yoast SEO plugin v21.1 - https:\/\/yoast.com\/wordpress\/plugins\/seo\/ -->\n<title>Ascensiunea statului brandenburgo-prusian. - Jobs\/ Internships\/ Scholarships\/<\/title>\n<meta name=\"robots\" content=\"index, follow, max-snippet:-1, max-image-preview:large, max-video-preview:-1\" \/>\n<link rel=\"canonical\" href=\"https:\/\/rubyskynews.com\/index.php\/2011\/02\/28\/ascensiunea-statului-brandenburgo-2\/\" \/>\n<meta property=\"og:locale\" content=\"en_US\" \/>\n<meta property=\"og:type\" content=\"article\" \/>\n<meta property=\"og:title\" content=\"Ascensiunea statului brandenburgo-prusian. - Jobs\/ Internships\/ Scholarships\/\" \/>\n<meta property=\"og:description\" content=\"Ascensiunea statului Brandemburgo-Prusian se oberv\u0103 \u00eenc\u0103 \u00een sec 17-18. Evolu\u0163ia sa era posibil\u0103 prin politica agrar\u0103, reparti\u0163ia p\u0103m\u00e2nturilor \u015fi a armatei mari. Statul prusac \u015fi-a \u00eent\u0103rit pozi\u0163iile sale \u015fi chiar \u015fi-a continuat ascensiunea \u015fi dup\u0103 sec 18. Ceea c\u0435 n-au putut face cu for\u0163a armelor, germanii au ob\u0163inut prin schimbarea de concep\u0163ie a elitei sale [&hellip;]\" \/>\n<meta property=\"og:url\" content=\"https:\/\/rubyskynews.com\/index.php\/2011\/02\/28\/ascensiunea-statului-brandenburgo-2\/\" \/>\n<meta property=\"og:site_name\" content=\"Jobs\/ Internships\/ Scholarships\/\" \/>\n<meta property=\"article:published_time\" content=\"2011-02-28T14:12:00+00:00\" \/>\n<meta property=\"article:modified_time\" content=\"2020-09-25T09:46:55+00:00\" \/>\n<meta name=\"author\" content=\"eurointern\" \/>\n<meta name=\"twitter:card\" content=\"summary_large_image\" \/>\n<meta name=\"twitter:label1\" content=\"Written by\" \/>\n\t<meta name=\"twitter:data1\" content=\"eurointern\" \/>\n\t<meta name=\"twitter:label2\" content=\"Est. reading time\" \/>\n\t<meta name=\"twitter:data2\" content=\"3 minutes\" \/>\n<script type=\"application\/ld+json\" class=\"yoast-schema-graph\">{\"@context\":\"https:\/\/schema.org\",\"@graph\":[{\"@type\":\"WebPage\",\"@id\":\"https:\/\/rubyskynews.com\/index.php\/2011\/02\/28\/ascensiunea-statului-brandenburgo-2\/\",\"url\":\"https:\/\/rubyskynews.com\/index.php\/2011\/02\/28\/ascensiunea-statului-brandenburgo-2\/\",\"name\":\"Ascensiunea statului brandenburgo-prusian. - Jobs\/ Internships\/ Scholarships\/\",\"isPartOf\":{\"@id\":\"https:\/\/rubyskynews.com\/#website\"},\"datePublished\":\"2011-02-28T14:12:00+00:00\",\"dateModified\":\"2020-09-25T09:46:55+00:00\",\"author\":{\"@id\":\"https:\/\/rubyskynews.com\/#\/schema\/person\/2bf02c24278f4ce807817c8f91add34d\"},\"breadcrumb\":{\"@id\":\"https:\/\/rubyskynews.com\/index.php\/2011\/02\/28\/ascensiunea-statului-brandenburgo-2\/#breadcrumb\"},\"inLanguage\":\"en-US\",\"potentialAction\":[{\"@type\":\"ReadAction\",\"target\":[\"https:\/\/rubyskynews.com\/index.php\/2011\/02\/28\/ascensiunea-statului-brandenburgo-2\/\"]}]},{\"@type\":\"BreadcrumbList\",\"@id\":\"https:\/\/rubyskynews.com\/index.php\/2011\/02\/28\/ascensiunea-statului-brandenburgo-2\/#breadcrumb\",\"itemListElement\":[{\"@type\":\"ListItem\",\"position\":1,\"name\":\"Home\",\"item\":\"https:\/\/rubyskynews.com\/\"},{\"@type\":\"ListItem\",\"position\":2,\"name\":\"Ascensiunea statului brandenburgo-prusian.\"}]},{\"@type\":\"WebSite\",\"@id\":\"https:\/\/rubyskynews.com\/#website\",\"url\":\"https:\/\/rubyskynews.com\/\",\"name\":\"Jobs\/ Internships\/ Scholarships\/\",\"description\":\"Internships\/ Scholarships\/  Grants\",\"potentialAction\":[{\"@type\":\"SearchAction\",\"target\":{\"@type\":\"EntryPoint\",\"urlTemplate\":\"https:\/\/rubyskynews.com\/?s={search_term_string}\"},\"query-input\":\"required name=search_term_string\"}],\"inLanguage\":\"en-US\"},{\"@type\":\"Person\",\"@id\":\"https:\/\/rubyskynews.com\/#\/schema\/person\/2bf02c24278f4ce807817c8f91add34d\",\"name\":\"eurointern\",\"image\":{\"@type\":\"ImageObject\",\"inLanguage\":\"en-US\",\"@id\":\"https:\/\/rubyskynews.com\/#\/schema\/person\/image\/\",\"url\":\"https:\/\/secure.gravatar.com\/avatar\/4ba0ee69eda3e0c9ec9a3c49a6c7a82b?s=96&d=mm&r=g\",\"contentUrl\":\"https:\/\/secure.gravatar.com\/avatar\/4ba0ee69eda3e0c9ec9a3c49a6c7a82b?s=96&d=mm&r=g\",\"caption\":\"eurointern\"},\"sameAs\":[\"http:\/\/rubyskynews.com\"],\"url\":\"https:\/\/rubyskynews.com\/index.php\/author\/eurointern28gmail-com\/\"}]}<\/script>\n<!-- \/ Yoast SEO plugin. -->","yoast_head_json":{"title":"Ascensiunea statului brandenburgo-prusian. - Jobs\/ Internships\/ Scholarships\/","robots":{"index":"index","follow":"follow","max-snippet":"max-snippet:-1","max-image-preview":"max-image-preview:large","max-video-preview":"max-video-preview:-1"},"canonical":"https:\/\/rubyskynews.com\/index.php\/2011\/02\/28\/ascensiunea-statului-brandenburgo-2\/","og_locale":"en_US","og_type":"article","og_title":"Ascensiunea statului brandenburgo-prusian. - Jobs\/ Internships\/ Scholarships\/","og_description":"Ascensiunea statului Brandemburgo-Prusian se oberv\u0103 \u00eenc\u0103 \u00een sec 17-18. Evolu\u0163ia sa era posibil\u0103 prin politica agrar\u0103, reparti\u0163ia p\u0103m\u00e2nturilor \u015fi a armatei mari. Statul prusac \u015fi-a \u00eent\u0103rit pozi\u0163iile sale \u015fi chiar \u015fi-a continuat ascensiunea \u015fi dup\u0103 sec 18. Ceea c\u0435 n-au putut face cu for\u0163a armelor, germanii au ob\u0163inut prin schimbarea de concep\u0163ie a elitei sale [&hellip;]","og_url":"https:\/\/rubyskynews.com\/index.php\/2011\/02\/28\/ascensiunea-statului-brandenburgo-2\/","og_site_name":"Jobs\/ Internships\/ Scholarships\/","article_published_time":"2011-02-28T14:12:00+00:00","article_modified_time":"2020-09-25T09:46:55+00:00","author":"eurointern","twitter_card":"summary_large_image","twitter_misc":{"Written by":"eurointern","Est. reading time":"3 minutes"},"schema":{"@context":"https:\/\/schema.org","@graph":[{"@type":"WebPage","@id":"https:\/\/rubyskynews.com\/index.php\/2011\/02\/28\/ascensiunea-statului-brandenburgo-2\/","url":"https:\/\/rubyskynews.com\/index.php\/2011\/02\/28\/ascensiunea-statului-brandenburgo-2\/","name":"Ascensiunea statului brandenburgo-prusian. - Jobs\/ Internships\/ Scholarships\/","isPartOf":{"@id":"https:\/\/rubyskynews.com\/#website"},"datePublished":"2011-02-28T14:12:00+00:00","dateModified":"2020-09-25T09:46:55+00:00","author":{"@id":"https:\/\/rubyskynews.com\/#\/schema\/person\/2bf02c24278f4ce807817c8f91add34d"},"breadcrumb":{"@id":"https:\/\/rubyskynews.com\/index.php\/2011\/02\/28\/ascensiunea-statului-brandenburgo-2\/#breadcrumb"},"inLanguage":"en-US","potentialAction":[{"@type":"ReadAction","target":["https:\/\/rubyskynews.com\/index.php\/2011\/02\/28\/ascensiunea-statului-brandenburgo-2\/"]}]},{"@type":"BreadcrumbList","@id":"https:\/\/rubyskynews.com\/index.php\/2011\/02\/28\/ascensiunea-statului-brandenburgo-2\/#breadcrumb","itemListElement":[{"@type":"ListItem","position":1,"name":"Home","item":"https:\/\/rubyskynews.com\/"},{"@type":"ListItem","position":2,"name":"Ascensiunea statului brandenburgo-prusian."}]},{"@type":"WebSite","@id":"https:\/\/rubyskynews.com\/#website","url":"https:\/\/rubyskynews.com\/","name":"Jobs\/ Internships\/ Scholarships\/","description":"Internships\/ Scholarships\/  Grants","potentialAction":[{"@type":"SearchAction","target":{"@type":"EntryPoint","urlTemplate":"https:\/\/rubyskynews.com\/?s={search_term_string}"},"query-input":"required name=search_term_string"}],"inLanguage":"en-US"},{"@type":"Person","@id":"https:\/\/rubyskynews.com\/#\/schema\/person\/2bf02c24278f4ce807817c8f91add34d","name":"eurointern","image":{"@type":"ImageObject","inLanguage":"en-US","@id":"https:\/\/rubyskynews.com\/#\/schema\/person\/image\/","url":"https:\/\/secure.gravatar.com\/avatar\/4ba0ee69eda3e0c9ec9a3c49a6c7a82b?s=96&d=mm&r=g","contentUrl":"https:\/\/secure.gravatar.com\/avatar\/4ba0ee69eda3e0c9ec9a3c49a6c7a82b?s=96&d=mm&r=g","caption":"eurointern"},"sameAs":["http:\/\/rubyskynews.com"],"url":"https:\/\/rubyskynews.com\/index.php\/author\/eurointern28gmail-com\/"}]}},"_links":{"self":[{"href":"https:\/\/rubyskynews.com\/index.php\/wp-json\/wp\/v2\/posts\/27527"}],"collection":[{"href":"https:\/\/rubyskynews.com\/index.php\/wp-json\/wp\/v2\/posts"}],"about":[{"href":"https:\/\/rubyskynews.com\/index.php\/wp-json\/wp\/v2\/types\/post"}],"author":[{"embeddable":true,"href":"https:\/\/rubyskynews.com\/index.php\/wp-json\/wp\/v2\/users\/1"}],"replies":[{"embeddable":true,"href":"https:\/\/rubyskynews.com\/index.php\/wp-json\/wp\/v2\/comments?post=27527"}],"version-history":[{"count":0,"href":"https:\/\/rubyskynews.com\/index.php\/wp-json\/wp\/v2\/posts\/27527\/revisions"}],"wp:attachment":[{"href":"https:\/\/rubyskynews.com\/index.php\/wp-json\/wp\/v2\/media?parent=27527"}],"wp:term":[{"taxonomy":"category","embeddable":true,"href":"https:\/\/rubyskynews.com\/index.php\/wp-json\/wp\/v2\/categories?post=27527"},{"taxonomy":"post_tag","embeddable":true,"href":"https:\/\/rubyskynews.com\/index.php\/wp-json\/wp\/v2\/tags?post=27527"}],"curies":[{"name":"wp","href":"https:\/\/api.w.org\/{rel}","templated":true}]}}