{"id":27525,"date":"2011-02-28T14:13:00","date_gmt":"2011-02-28T14:13:00","guid":{"rendered":""},"modified":"2020-09-25T09:46:55","modified_gmt":"2020-09-25T09:46:55","slug":"situatia-social-economica-si-politica_28","status":"publish","type":"post","link":"https:\/\/rubyskynews.com\/index.php\/2011\/02\/28\/situatia-social-economica-si-politica_28\/","title":{"rendered":"Situa\u0163ia social-economic\u0103 \u015fi politic\u0103 a statelor germane \u00een sec. XVII-XVIII."},"content":{"rendered":"<div style=\"margin-top: 0px; margin-bottom: 0px;\" class=\"sharethis-inline-share-buttons\" ><\/div><div style=\"color: black; text-align: justify;\"><strong>La <\/strong>\u00eenceputul sec 17 situa\u0163ia social\u0103 era una destul de  dificil\u0103 caracterizat\u0103 prin m\u0103rirea impozitelor. De aici urma \u015fi  cre\u015fterea pre\u0163urilor ce nemul\u0163umea popula\u0163ia. Pe de o parte erau  nemul\u0163umiri \u015fi probleme interne, pe de alt\u0103 parte, tot mai multe  persoane erau gata s\u0103 se aventureze \u00een r\u0103zboaie sau \u00een formarea unor  grup\u0103ri criminale care nici de cum nu le era convenabil puterii. Situa\u0163i  economic\u0103 era \u015fi ea dificil\u0103, totu\u015fi mai existau ora\u015fe importante cu o  economie puternic\u0103. Conflictele interne continuau prin crearea ligii  evanghelice \u015fi \u00een 1608 \u015fi celei catolice \u00een 1609. \u00cen aceast\u0103 perioad\u0103 se  observ\u0103 \u015fi ascensiunea statului Brandenburgo- Prusian. Evolu\u0163ia sa era  posibil\u0103 prin politica agrar\u0103, reparti\u0163ia p\u0103m\u00e2nturilor \u015fi a armatei  mari.<a href=\"\" name=\"more\"><\/a><br \/>\nPe plan extern statele germane au fost  implicate \u00een aceast\u0103 perioad\u0103 \u00een 5 evenimente importante: r\u0103zboiul de 30  de ani, r\u0103zboiul de 7 ani \u015fi cele 3 \u00eemp\u0103r\u0163iri ale Poloniei. R\u0103zboiului  de 30 de ani a marcat \u00eenceputul sistemului statal european bazat pe  state-na\u0163ionale. \u00cen Germania, formarea na\u0163iunii a \u00eent\u00e2rziat fa\u0163\u0103 de alte  p\u0103r\u0163i ale apusului <a href=\"http:\/\/universandrei.wordpress.com\/\">Europei<\/a>,  deoarece existau vreo 400-500 de state mari \u015fi mici, adeseori foarte  mici. Aceast\u0103 f\u0103r\u00e2mi\u0163are politic\u0103 a fost statornicit\u0103 de c\u0103tre \u201ep\u0103cile  din Westfalia\u201d, prin care r\u0103zboiul a luat sf\u00e2r\u015fit \u00een 1648. A fost  sl\u0103bit\u0103 autoritatea Imperiului asupra micilor state care, \u00eenc\u0103 din Evul  Mediu, aveau tradi\u0163ii \u015fi institu\u0163ii proprii. Dinastia din care de dou\u0103  sute de ani se alegeau \u00eemp\u0103ra\u0163ii, Habsburgii, fiind \u00eempiedicat\u0103 s\u0103 dea  Germaniei forma unei monarhii absolute, a manifestat aceast\u0103 tendin\u0163\u0103  numai \u00een Austria \u015fi \u00een celelalte provincii unde domnea direct. De  atunci, a \u00eenceput s\u0103 se despart\u0103 istoria austriac\u0103 de cea a Germaniei,  unde protestan\u0163ii au primit libertatea religioas\u0103 pentru care luptaser\u0103.  \u00cen schimb, acolo unde Habsburgii erau st\u0103p\u00e2ni, s-a impus catolicismul  cel mai intolerant. R\u0103zboiul de 7ani a avut ca protagoniste principalele  puteri ale vremii: Prusia, Regatul Marii Britaniei, \u015fi Hanovra&nbsp;pe de-o  parte \u015fi Austria, Regatul Francez, Imperiul Rus, Suedia, Electoratul  Saxonia pe de alt\u0103 parte. Rezultatul cel mai evident al r\u0103zboiului a  fost dec\u0103derea puterii Fran\u0163ei, at\u00e2t \u00een Americi, c\u00e2t \u015fi pe continentul  european&nbsp; \u015fi transformarea MariiBritaniei&nbsp;\u00eentr-o putere colonial\u0103  dominant\u0103. \u00cen plus, marina francez\u0103 a fost grav redus\u0103. Frontierele  postbelice au fost restaurate la statutul lor antebelic prin Tratatul de  la Hubertusburg&nbsp;(februarie 1763). Astfel, Prusiei i se recuno\u015ftea  st\u0103p\u00e2nirea asupra Sileziei. Prusia supravie\u0163uise atacului combinat al  vecinilor s\u0103i, fiecare \u00een parte cu o suprafa\u0163\u0103 mai mare \u015fi cu o armat\u0103  mai numeroas\u0103 dec\u00e2t ea. Situa\u0163ia existent\u0103 \u015fi presiunile Prusiei \u015fi  Austriei au f\u0103cut posibil\u0103 de 3 ori \u00eemp\u0103r\u0163irea Poloniei. \u00cen primul caz  la 5 august 1772 la  Petersburg a fost semnat\u0103 I-a \u00eemp\u0103r\u0163ire a Poloniei  unde 1) Austria&nbsp; primea cnezatul Osven\u0163im \u015fi Zator, Sudul Cracoviei \u015fi  voievodatul Sandomir, Rus \u015fi Belzc( 83mii kmp ) 2) Prusia&nbsp;primea Varmia,  Pomorscul , Halborc , Hmelni\u0163cul (f\u0103r\u0103 Torun) \u015fi o parte a Mari  Polonii(36miikmp). In urma a II \u00eemp\u0103r\u0163ire a Poloniei, Prusia a primit  Bielorusia si Ucraina de Est iar Prusiei \u00eei revine Gdansk, Torun si o  parte a Poloniei Mari. La 24,10,1795. are loc a III-a \u00eemp\u0103r\u0163irea unde  Austria&nbsp;primea: Lublinul , Cracovia , o parte a Poloniei mici.  Prusia&nbsp;primea Var\u015fovia , Lomja , Droghicin. Iar \u00een anul 1797 cele 3  state semneaz\u0103 o conven\u0163ie prin care se oblig\u0103 s\u0103 nu foloseasc\u0103 termenul  de Regatul Poloniei.<\/div>\n<div style=\"margin-top: 0px; margin-bottom: 0px;\" class=\"sharethis-inline-share-buttons\" ><\/div>","protected":false},"excerpt":{"rendered":"<p>La \u00eenceputul sec 17 situa\u0163ia social\u0103 era una destul de dificil\u0103 caracterizat\u0103 prin m\u0103rirea impozitelor. De aici urma \u015fi cre\u015fterea pre\u0163urilor ce nemul\u0163umea popula\u0163ia. Pe de o parte erau nemul\u0163umiri \u015fi probleme interne, pe de alt\u0103 parte, tot mai multe persoane erau gata s\u0103 se aventureze \u00een r\u0103zboaie sau \u00een formarea unor grup\u0103ri criminale care [&hellip;]<\/p>\n","protected":false},"author":1,"featured_media":0,"comment_status":"open","ping_status":"closed","sticky":false,"template":"","format":"standard","meta":{"_monsterinsights_skip_tracking":false,"_monsterinsights_sitenote_active":false,"_monsterinsights_sitenote_note":"","_monsterinsights_sitenote_category":0,"footnotes":""},"categories":[1],"tags":[],"aioseo_notices":[],"yoast_head":"<!-- This site is optimized with the Yoast SEO plugin v21.1 - https:\/\/yoast.com\/wordpress\/plugins\/seo\/ -->\n<title>Situa\u0163ia social-economic\u0103 \u015fi politic\u0103 a statelor germane \u00een sec. XVII-XVIII. - Jobs\/ Internships\/ Scholarships\/<\/title>\n<meta name=\"robots\" content=\"index, follow, max-snippet:-1, max-image-preview:large, max-video-preview:-1\" \/>\n<link rel=\"canonical\" href=\"https:\/\/rubyskynews.com\/index.php\/2011\/02\/28\/situatia-social-economica-si-politica_28\/\" \/>\n<meta property=\"og:locale\" content=\"en_US\" \/>\n<meta property=\"og:type\" content=\"article\" \/>\n<meta property=\"og:title\" content=\"Situa\u0163ia social-economic\u0103 \u015fi politic\u0103 a statelor germane \u00een sec. XVII-XVIII. - Jobs\/ Internships\/ Scholarships\/\" \/>\n<meta property=\"og:description\" content=\"La \u00eenceputul sec 17 situa\u0163ia social\u0103 era una destul de dificil\u0103 caracterizat\u0103 prin m\u0103rirea impozitelor. De aici urma \u015fi cre\u015fterea pre\u0163urilor ce nemul\u0163umea popula\u0163ia. Pe de o parte erau nemul\u0163umiri \u015fi probleme interne, pe de alt\u0103 parte, tot mai multe persoane erau gata s\u0103 se aventureze \u00een r\u0103zboaie sau \u00een formarea unor grup\u0103ri criminale care [&hellip;]\" \/>\n<meta property=\"og:url\" content=\"https:\/\/rubyskynews.com\/index.php\/2011\/02\/28\/situatia-social-economica-si-politica_28\/\" \/>\n<meta property=\"og:site_name\" content=\"Jobs\/ Internships\/ Scholarships\/\" \/>\n<meta property=\"article:published_time\" content=\"2011-02-28T14:13:00+00:00\" \/>\n<meta property=\"article:modified_time\" content=\"2020-09-25T09:46:55+00:00\" \/>\n<meta name=\"author\" content=\"eurointern\" \/>\n<meta name=\"twitter:card\" content=\"summary_large_image\" \/>\n<meta name=\"twitter:label1\" content=\"Written by\" \/>\n\t<meta name=\"twitter:data1\" content=\"eurointern\" \/>\n\t<meta name=\"twitter:label2\" content=\"Est. reading time\" \/>\n\t<meta name=\"twitter:data2\" content=\"3 minutes\" \/>\n<script type=\"application\/ld+json\" class=\"yoast-schema-graph\">{\"@context\":\"https:\/\/schema.org\",\"@graph\":[{\"@type\":\"WebPage\",\"@id\":\"https:\/\/rubyskynews.com\/index.php\/2011\/02\/28\/situatia-social-economica-si-politica_28\/\",\"url\":\"https:\/\/rubyskynews.com\/index.php\/2011\/02\/28\/situatia-social-economica-si-politica_28\/\",\"name\":\"Situa\u0163ia social-economic\u0103 \u015fi politic\u0103 a statelor germane \u00een sec. XVII-XVIII. - Jobs\/ Internships\/ Scholarships\/\",\"isPartOf\":{\"@id\":\"https:\/\/rubyskynews.com\/#website\"},\"datePublished\":\"2011-02-28T14:13:00+00:00\",\"dateModified\":\"2020-09-25T09:46:55+00:00\",\"author\":{\"@id\":\"https:\/\/rubyskynews.com\/#\/schema\/person\/2bf02c24278f4ce807817c8f91add34d\"},\"breadcrumb\":{\"@id\":\"https:\/\/rubyskynews.com\/index.php\/2011\/02\/28\/situatia-social-economica-si-politica_28\/#breadcrumb\"},\"inLanguage\":\"en-US\",\"potentialAction\":[{\"@type\":\"ReadAction\",\"target\":[\"https:\/\/rubyskynews.com\/index.php\/2011\/02\/28\/situatia-social-economica-si-politica_28\/\"]}]},{\"@type\":\"BreadcrumbList\",\"@id\":\"https:\/\/rubyskynews.com\/index.php\/2011\/02\/28\/situatia-social-economica-si-politica_28\/#breadcrumb\",\"itemListElement\":[{\"@type\":\"ListItem\",\"position\":1,\"name\":\"Home\",\"item\":\"https:\/\/rubyskynews.com\/\"},{\"@type\":\"ListItem\",\"position\":2,\"name\":\"Situa\u0163ia social-economic\u0103 \u015fi politic\u0103 a statelor germane \u00een sec. XVII-XVIII.\"}]},{\"@type\":\"WebSite\",\"@id\":\"https:\/\/rubyskynews.com\/#website\",\"url\":\"https:\/\/rubyskynews.com\/\",\"name\":\"Jobs\/ Internships\/ Scholarships\/\",\"description\":\"Internships\/ Scholarships\/  Grants\",\"potentialAction\":[{\"@type\":\"SearchAction\",\"target\":{\"@type\":\"EntryPoint\",\"urlTemplate\":\"https:\/\/rubyskynews.com\/?s={search_term_string}\"},\"query-input\":\"required name=search_term_string\"}],\"inLanguage\":\"en-US\"},{\"@type\":\"Person\",\"@id\":\"https:\/\/rubyskynews.com\/#\/schema\/person\/2bf02c24278f4ce807817c8f91add34d\",\"name\":\"eurointern\",\"image\":{\"@type\":\"ImageObject\",\"inLanguage\":\"en-US\",\"@id\":\"https:\/\/rubyskynews.com\/#\/schema\/person\/image\/\",\"url\":\"https:\/\/secure.gravatar.com\/avatar\/4ba0ee69eda3e0c9ec9a3c49a6c7a82b?s=96&d=mm&r=g\",\"contentUrl\":\"https:\/\/secure.gravatar.com\/avatar\/4ba0ee69eda3e0c9ec9a3c49a6c7a82b?s=96&d=mm&r=g\",\"caption\":\"eurointern\"},\"sameAs\":[\"http:\/\/rubyskynews.com\"],\"url\":\"https:\/\/rubyskynews.com\/index.php\/author\/eurointern28gmail-com\/\"}]}<\/script>\n<!-- \/ Yoast SEO plugin. -->","yoast_head_json":{"title":"Situa\u0163ia social-economic\u0103 \u015fi politic\u0103 a statelor germane \u00een sec. XVII-XVIII. - Jobs\/ Internships\/ Scholarships\/","robots":{"index":"index","follow":"follow","max-snippet":"max-snippet:-1","max-image-preview":"max-image-preview:large","max-video-preview":"max-video-preview:-1"},"canonical":"https:\/\/rubyskynews.com\/index.php\/2011\/02\/28\/situatia-social-economica-si-politica_28\/","og_locale":"en_US","og_type":"article","og_title":"Situa\u0163ia social-economic\u0103 \u015fi politic\u0103 a statelor germane \u00een sec. XVII-XVIII. - Jobs\/ Internships\/ Scholarships\/","og_description":"La \u00eenceputul sec 17 situa\u0163ia social\u0103 era una destul de dificil\u0103 caracterizat\u0103 prin m\u0103rirea impozitelor. De aici urma \u015fi cre\u015fterea pre\u0163urilor ce nemul\u0163umea popula\u0163ia. Pe de o parte erau nemul\u0163umiri \u015fi probleme interne, pe de alt\u0103 parte, tot mai multe persoane erau gata s\u0103 se aventureze \u00een r\u0103zboaie sau \u00een formarea unor grup\u0103ri criminale care [&hellip;]","og_url":"https:\/\/rubyskynews.com\/index.php\/2011\/02\/28\/situatia-social-economica-si-politica_28\/","og_site_name":"Jobs\/ Internships\/ Scholarships\/","article_published_time":"2011-02-28T14:13:00+00:00","article_modified_time":"2020-09-25T09:46:55+00:00","author":"eurointern","twitter_card":"summary_large_image","twitter_misc":{"Written by":"eurointern","Est. reading time":"3 minutes"},"schema":{"@context":"https:\/\/schema.org","@graph":[{"@type":"WebPage","@id":"https:\/\/rubyskynews.com\/index.php\/2011\/02\/28\/situatia-social-economica-si-politica_28\/","url":"https:\/\/rubyskynews.com\/index.php\/2011\/02\/28\/situatia-social-economica-si-politica_28\/","name":"Situa\u0163ia social-economic\u0103 \u015fi politic\u0103 a statelor germane \u00een sec. XVII-XVIII. - Jobs\/ Internships\/ Scholarships\/","isPartOf":{"@id":"https:\/\/rubyskynews.com\/#website"},"datePublished":"2011-02-28T14:13:00+00:00","dateModified":"2020-09-25T09:46:55+00:00","author":{"@id":"https:\/\/rubyskynews.com\/#\/schema\/person\/2bf02c24278f4ce807817c8f91add34d"},"breadcrumb":{"@id":"https:\/\/rubyskynews.com\/index.php\/2011\/02\/28\/situatia-social-economica-si-politica_28\/#breadcrumb"},"inLanguage":"en-US","potentialAction":[{"@type":"ReadAction","target":["https:\/\/rubyskynews.com\/index.php\/2011\/02\/28\/situatia-social-economica-si-politica_28\/"]}]},{"@type":"BreadcrumbList","@id":"https:\/\/rubyskynews.com\/index.php\/2011\/02\/28\/situatia-social-economica-si-politica_28\/#breadcrumb","itemListElement":[{"@type":"ListItem","position":1,"name":"Home","item":"https:\/\/rubyskynews.com\/"},{"@type":"ListItem","position":2,"name":"Situa\u0163ia social-economic\u0103 \u015fi politic\u0103 a statelor germane \u00een sec. XVII-XVIII."}]},{"@type":"WebSite","@id":"https:\/\/rubyskynews.com\/#website","url":"https:\/\/rubyskynews.com\/","name":"Jobs\/ Internships\/ Scholarships\/","description":"Internships\/ Scholarships\/  Grants","potentialAction":[{"@type":"SearchAction","target":{"@type":"EntryPoint","urlTemplate":"https:\/\/rubyskynews.com\/?s={search_term_string}"},"query-input":"required name=search_term_string"}],"inLanguage":"en-US"},{"@type":"Person","@id":"https:\/\/rubyskynews.com\/#\/schema\/person\/2bf02c24278f4ce807817c8f91add34d","name":"eurointern","image":{"@type":"ImageObject","inLanguage":"en-US","@id":"https:\/\/rubyskynews.com\/#\/schema\/person\/image\/","url":"https:\/\/secure.gravatar.com\/avatar\/4ba0ee69eda3e0c9ec9a3c49a6c7a82b?s=96&d=mm&r=g","contentUrl":"https:\/\/secure.gravatar.com\/avatar\/4ba0ee69eda3e0c9ec9a3c49a6c7a82b?s=96&d=mm&r=g","caption":"eurointern"},"sameAs":["http:\/\/rubyskynews.com"],"url":"https:\/\/rubyskynews.com\/index.php\/author\/eurointern28gmail-com\/"}]}},"_links":{"self":[{"href":"https:\/\/rubyskynews.com\/index.php\/wp-json\/wp\/v2\/posts\/27525"}],"collection":[{"href":"https:\/\/rubyskynews.com\/index.php\/wp-json\/wp\/v2\/posts"}],"about":[{"href":"https:\/\/rubyskynews.com\/index.php\/wp-json\/wp\/v2\/types\/post"}],"author":[{"embeddable":true,"href":"https:\/\/rubyskynews.com\/index.php\/wp-json\/wp\/v2\/users\/1"}],"replies":[{"embeddable":true,"href":"https:\/\/rubyskynews.com\/index.php\/wp-json\/wp\/v2\/comments?post=27525"}],"version-history":[{"count":0,"href":"https:\/\/rubyskynews.com\/index.php\/wp-json\/wp\/v2\/posts\/27525\/revisions"}],"wp:attachment":[{"href":"https:\/\/rubyskynews.com\/index.php\/wp-json\/wp\/v2\/media?parent=27525"}],"wp:term":[{"taxonomy":"category","embeddable":true,"href":"https:\/\/rubyskynews.com\/index.php\/wp-json\/wp\/v2\/categories?post=27525"},{"taxonomy":"post_tag","embeddable":true,"href":"https:\/\/rubyskynews.com\/index.php\/wp-json\/wp\/v2\/tags?post=27525"}],"curies":[{"name":"wp","href":"https:\/\/api.w.org\/{rel}","templated":true}]}}