{"id":27521,"date":"2011-02-28T14:14:00","date_gmt":"2011-02-28T14:14:00","guid":{"rendered":""},"modified":"2020-09-25T09:46:51","modified_gmt":"2020-09-25T09:46:51","slug":"viata-politica-si-economia-portugaliei-2","status":"publish","type":"post","link":"https:\/\/rubyskynews.com\/index.php\/2011\/02\/28\/viata-politica-si-economia-portugaliei-2\/","title":{"rendered":"Via\u0163a politic\u0103 \u015fi economia Portugaliei la sf\u00eer\u015fitul sec. al XIX-lea."},"content":{"rendered":"<div style=\"margin-top: 0px; margin-bottom: 0px;\" class=\"sharethis-inline-share-buttons\" ><\/div><div style=\"text-align: justify;\">A II jum a sec XIX via\u0163a politic\u0103 \u015fi economic\u0103 a PORT este guvernat\u0103 d  guvernarea liberalilor modera\u0163i, condu\u015fi de Saldoni. Scopul lor  principal era s\u0103 ridice economia portughez\u0103, care era la p\u0103m\u00e2nt, \u015fi, cu  ajutorul bancherilor \u015fi proprietarilor d \u00eentreprinderi, s\u0103 ia ni\u015fte  m\u0103suri pt eradicarea s\u0103r\u0103ciei. Succesul limitat p care l-au avut  guvernan\u0163ii se explic\u0103 prin situa\u0163ia extrem d complicat\u0103 din \u0163ar\u0103:  locuitorii portughezi nu aveau nici cum achita impozitele, o bun\u0103 parte  subzistau \u00eentr-un sistem economic feudal, \u00een dec\u0103dere. Guvernul, \u00een  tendin\u0163ele sale progresiste, a ini\u0163iat construc\u0163ia unei c\u0103i ferate \u2013  1853, s-au construit fabrici d textile \u2013 o parte important\u0103 a economiei  portugh. Dezvoltarea economic\u0103 era vizibil stopat\u0103 \u015fi din cauza  dependen\u0163ei fa\u0163\u0103 d M.Brit., dar \u015fi din cauza datoriilor externe, care  cre\u015fteau \u00eencontinuu, f\u0103r\u0103 a se observa rezultate progresiste \u00een \u0163ar\u0103. \u00cen  1876, de la partidul d guvern\u0103m\u00e2nt se desprinde aripa sa st\u00e2ng\u0103, ce  formeazp Partidul Progresi\u015ftilor. Dup\u0103 1874, ap\u0103ruse \u015fi mi\u015fcarea  republican\u0103, mai t\u00e2rziu constituind Partidul Republican. La \u00eenceputul  anilor 80 ai sec 19 \u00eencepe mi\u015fcarea socialist\u0103 \u00een PORT, compus\u0103 din  muncitori + mica burghezie.<\/div>\n<div style=\"margin-top: 0px; margin-bottom: 0px;\" class=\"sharethis-inline-share-buttons\" ><\/div>","protected":false},"excerpt":{"rendered":"<p>A II jum a sec XIX via\u0163a politic\u0103 \u015fi economic\u0103 a PORT este guvernat\u0103 d guvernarea liberalilor modera\u0163i, condu\u015fi de Saldoni. Scopul lor principal era s\u0103 ridice economia portughez\u0103, care era la p\u0103m\u00e2nt, \u015fi, cu ajutorul bancherilor \u015fi proprietarilor d \u00eentreprinderi, s\u0103 ia ni\u015fte m\u0103suri pt eradicarea s\u0103r\u0103ciei. Succesul limitat p care l-au avut guvernan\u0163ii [&hellip;]<\/p>\n","protected":false},"author":1,"featured_media":0,"comment_status":"open","ping_status":"closed","sticky":false,"template":"","format":"standard","meta":{"_monsterinsights_skip_tracking":false,"_monsterinsights_sitenote_active":false,"_monsterinsights_sitenote_note":"","_monsterinsights_sitenote_category":0,"footnotes":""},"categories":[1],"tags":[],"aioseo_notices":[],"yoast_head":"<!-- This site is optimized with the Yoast SEO plugin v21.1 - https:\/\/yoast.com\/wordpress\/plugins\/seo\/ -->\n<title>Via\u0163a politic\u0103 \u015fi economia Portugaliei la sf\u00eer\u015fitul sec. al XIX-lea. - Jobs\/ Internships\/ Scholarships\/<\/title>\n<meta name=\"robots\" content=\"index, follow, max-snippet:-1, max-image-preview:large, max-video-preview:-1\" \/>\n<link rel=\"canonical\" href=\"https:\/\/rubyskynews.com\/index.php\/2011\/02\/28\/viata-politica-si-economia-portugaliei-2\/\" \/>\n<meta property=\"og:locale\" content=\"en_US\" \/>\n<meta property=\"og:type\" content=\"article\" \/>\n<meta property=\"og:title\" content=\"Via\u0163a politic\u0103 \u015fi economia Portugaliei la sf\u00eer\u015fitul sec. al XIX-lea. - Jobs\/ Internships\/ Scholarships\/\" \/>\n<meta property=\"og:description\" content=\"A II jum a sec XIX via\u0163a politic\u0103 \u015fi economic\u0103 a PORT este guvernat\u0103 d guvernarea liberalilor modera\u0163i, condu\u015fi de Saldoni. Scopul lor principal era s\u0103 ridice economia portughez\u0103, care era la p\u0103m\u00e2nt, \u015fi, cu ajutorul bancherilor \u015fi proprietarilor d \u00eentreprinderi, s\u0103 ia ni\u015fte m\u0103suri pt eradicarea s\u0103r\u0103ciei. Succesul limitat p care l-au avut guvernan\u0163ii [&hellip;]\" \/>\n<meta property=\"og:url\" content=\"https:\/\/rubyskynews.com\/index.php\/2011\/02\/28\/viata-politica-si-economia-portugaliei-2\/\" \/>\n<meta property=\"og:site_name\" content=\"Jobs\/ Internships\/ Scholarships\/\" \/>\n<meta property=\"article:published_time\" content=\"2011-02-28T14:14:00+00:00\" \/>\n<meta property=\"article:modified_time\" content=\"2020-09-25T09:46:51+00:00\" \/>\n<meta name=\"author\" content=\"eurointern\" \/>\n<meta name=\"twitter:card\" content=\"summary_large_image\" \/>\n<meta name=\"twitter:label1\" content=\"Written by\" \/>\n\t<meta name=\"twitter:data1\" content=\"eurointern\" \/>\n\t<meta name=\"twitter:label2\" content=\"Est. reading time\" \/>\n\t<meta name=\"twitter:data2\" content=\"1 minute\" \/>\n<script type=\"application\/ld+json\" class=\"yoast-schema-graph\">{\"@context\":\"https:\/\/schema.org\",\"@graph\":[{\"@type\":\"WebPage\",\"@id\":\"https:\/\/rubyskynews.com\/index.php\/2011\/02\/28\/viata-politica-si-economia-portugaliei-2\/\",\"url\":\"https:\/\/rubyskynews.com\/index.php\/2011\/02\/28\/viata-politica-si-economia-portugaliei-2\/\",\"name\":\"Via\u0163a politic\u0103 \u015fi economia Portugaliei la sf\u00eer\u015fitul sec. al XIX-lea. - Jobs\/ Internships\/ Scholarships\/\",\"isPartOf\":{\"@id\":\"https:\/\/rubyskynews.com\/#website\"},\"datePublished\":\"2011-02-28T14:14:00+00:00\",\"dateModified\":\"2020-09-25T09:46:51+00:00\",\"author\":{\"@id\":\"https:\/\/rubyskynews.com\/#\/schema\/person\/2bf02c24278f4ce807817c8f91add34d\"},\"breadcrumb\":{\"@id\":\"https:\/\/rubyskynews.com\/index.php\/2011\/02\/28\/viata-politica-si-economia-portugaliei-2\/#breadcrumb\"},\"inLanguage\":\"en-US\",\"potentialAction\":[{\"@type\":\"ReadAction\",\"target\":[\"https:\/\/rubyskynews.com\/index.php\/2011\/02\/28\/viata-politica-si-economia-portugaliei-2\/\"]}]},{\"@type\":\"BreadcrumbList\",\"@id\":\"https:\/\/rubyskynews.com\/index.php\/2011\/02\/28\/viata-politica-si-economia-portugaliei-2\/#breadcrumb\",\"itemListElement\":[{\"@type\":\"ListItem\",\"position\":1,\"name\":\"Home\",\"item\":\"https:\/\/rubyskynews.com\/\"},{\"@type\":\"ListItem\",\"position\":2,\"name\":\"Via\u0163a politic\u0103 \u015fi economia Portugaliei la sf\u00eer\u015fitul sec. al XIX-lea.\"}]},{\"@type\":\"WebSite\",\"@id\":\"https:\/\/rubyskynews.com\/#website\",\"url\":\"https:\/\/rubyskynews.com\/\",\"name\":\"Jobs\/ Internships\/ Scholarships\/\",\"description\":\"Internships\/ Scholarships\/  Grants\",\"potentialAction\":[{\"@type\":\"SearchAction\",\"target\":{\"@type\":\"EntryPoint\",\"urlTemplate\":\"https:\/\/rubyskynews.com\/?s={search_term_string}\"},\"query-input\":\"required name=search_term_string\"}],\"inLanguage\":\"en-US\"},{\"@type\":\"Person\",\"@id\":\"https:\/\/rubyskynews.com\/#\/schema\/person\/2bf02c24278f4ce807817c8f91add34d\",\"name\":\"eurointern\",\"image\":{\"@type\":\"ImageObject\",\"inLanguage\":\"en-US\",\"@id\":\"https:\/\/rubyskynews.com\/#\/schema\/person\/image\/\",\"url\":\"https:\/\/secure.gravatar.com\/avatar\/4ba0ee69eda3e0c9ec9a3c49a6c7a82b?s=96&d=mm&r=g\",\"contentUrl\":\"https:\/\/secure.gravatar.com\/avatar\/4ba0ee69eda3e0c9ec9a3c49a6c7a82b?s=96&d=mm&r=g\",\"caption\":\"eurointern\"},\"sameAs\":[\"http:\/\/rubyskynews.com\"],\"url\":\"https:\/\/rubyskynews.com\/index.php\/author\/eurointern28gmail-com\/\"}]}<\/script>\n<!-- \/ Yoast SEO plugin. -->","yoast_head_json":{"title":"Via\u0163a politic\u0103 \u015fi economia Portugaliei la sf\u00eer\u015fitul sec. al XIX-lea. - Jobs\/ Internships\/ Scholarships\/","robots":{"index":"index","follow":"follow","max-snippet":"max-snippet:-1","max-image-preview":"max-image-preview:large","max-video-preview":"max-video-preview:-1"},"canonical":"https:\/\/rubyskynews.com\/index.php\/2011\/02\/28\/viata-politica-si-economia-portugaliei-2\/","og_locale":"en_US","og_type":"article","og_title":"Via\u0163a politic\u0103 \u015fi economia Portugaliei la sf\u00eer\u015fitul sec. al XIX-lea. - Jobs\/ Internships\/ Scholarships\/","og_description":"A II jum a sec XIX via\u0163a politic\u0103 \u015fi economic\u0103 a PORT este guvernat\u0103 d guvernarea liberalilor modera\u0163i, condu\u015fi de Saldoni. Scopul lor principal era s\u0103 ridice economia portughez\u0103, care era la p\u0103m\u00e2nt, \u015fi, cu ajutorul bancherilor \u015fi proprietarilor d \u00eentreprinderi, s\u0103 ia ni\u015fte m\u0103suri pt eradicarea s\u0103r\u0103ciei. Succesul limitat p care l-au avut guvernan\u0163ii [&hellip;]","og_url":"https:\/\/rubyskynews.com\/index.php\/2011\/02\/28\/viata-politica-si-economia-portugaliei-2\/","og_site_name":"Jobs\/ Internships\/ Scholarships\/","article_published_time":"2011-02-28T14:14:00+00:00","article_modified_time":"2020-09-25T09:46:51+00:00","author":"eurointern","twitter_card":"summary_large_image","twitter_misc":{"Written by":"eurointern","Est. reading time":"1 minute"},"schema":{"@context":"https:\/\/schema.org","@graph":[{"@type":"WebPage","@id":"https:\/\/rubyskynews.com\/index.php\/2011\/02\/28\/viata-politica-si-economia-portugaliei-2\/","url":"https:\/\/rubyskynews.com\/index.php\/2011\/02\/28\/viata-politica-si-economia-portugaliei-2\/","name":"Via\u0163a politic\u0103 \u015fi economia Portugaliei la sf\u00eer\u015fitul sec. al XIX-lea. - Jobs\/ Internships\/ Scholarships\/","isPartOf":{"@id":"https:\/\/rubyskynews.com\/#website"},"datePublished":"2011-02-28T14:14:00+00:00","dateModified":"2020-09-25T09:46:51+00:00","author":{"@id":"https:\/\/rubyskynews.com\/#\/schema\/person\/2bf02c24278f4ce807817c8f91add34d"},"breadcrumb":{"@id":"https:\/\/rubyskynews.com\/index.php\/2011\/02\/28\/viata-politica-si-economia-portugaliei-2\/#breadcrumb"},"inLanguage":"en-US","potentialAction":[{"@type":"ReadAction","target":["https:\/\/rubyskynews.com\/index.php\/2011\/02\/28\/viata-politica-si-economia-portugaliei-2\/"]}]},{"@type":"BreadcrumbList","@id":"https:\/\/rubyskynews.com\/index.php\/2011\/02\/28\/viata-politica-si-economia-portugaliei-2\/#breadcrumb","itemListElement":[{"@type":"ListItem","position":1,"name":"Home","item":"https:\/\/rubyskynews.com\/"},{"@type":"ListItem","position":2,"name":"Via\u0163a politic\u0103 \u015fi economia Portugaliei la sf\u00eer\u015fitul sec. al XIX-lea."}]},{"@type":"WebSite","@id":"https:\/\/rubyskynews.com\/#website","url":"https:\/\/rubyskynews.com\/","name":"Jobs\/ Internships\/ Scholarships\/","description":"Internships\/ Scholarships\/  Grants","potentialAction":[{"@type":"SearchAction","target":{"@type":"EntryPoint","urlTemplate":"https:\/\/rubyskynews.com\/?s={search_term_string}"},"query-input":"required name=search_term_string"}],"inLanguage":"en-US"},{"@type":"Person","@id":"https:\/\/rubyskynews.com\/#\/schema\/person\/2bf02c24278f4ce807817c8f91add34d","name":"eurointern","image":{"@type":"ImageObject","inLanguage":"en-US","@id":"https:\/\/rubyskynews.com\/#\/schema\/person\/image\/","url":"https:\/\/secure.gravatar.com\/avatar\/4ba0ee69eda3e0c9ec9a3c49a6c7a82b?s=96&d=mm&r=g","contentUrl":"https:\/\/secure.gravatar.com\/avatar\/4ba0ee69eda3e0c9ec9a3c49a6c7a82b?s=96&d=mm&r=g","caption":"eurointern"},"sameAs":["http:\/\/rubyskynews.com"],"url":"https:\/\/rubyskynews.com\/index.php\/author\/eurointern28gmail-com\/"}]}},"_links":{"self":[{"href":"https:\/\/rubyskynews.com\/index.php\/wp-json\/wp\/v2\/posts\/27521"}],"collection":[{"href":"https:\/\/rubyskynews.com\/index.php\/wp-json\/wp\/v2\/posts"}],"about":[{"href":"https:\/\/rubyskynews.com\/index.php\/wp-json\/wp\/v2\/types\/post"}],"author":[{"embeddable":true,"href":"https:\/\/rubyskynews.com\/index.php\/wp-json\/wp\/v2\/users\/1"}],"replies":[{"embeddable":true,"href":"https:\/\/rubyskynews.com\/index.php\/wp-json\/wp\/v2\/comments?post=27521"}],"version-history":[{"count":0,"href":"https:\/\/rubyskynews.com\/index.php\/wp-json\/wp\/v2\/posts\/27521\/revisions"}],"wp:attachment":[{"href":"https:\/\/rubyskynews.com\/index.php\/wp-json\/wp\/v2\/media?parent=27521"}],"wp:term":[{"taxonomy":"category","embeddable":true,"href":"https:\/\/rubyskynews.com\/index.php\/wp-json\/wp\/v2\/categories?post=27521"},{"taxonomy":"post_tag","embeddable":true,"href":"https:\/\/rubyskynews.com\/index.php\/wp-json\/wp\/v2\/tags?post=27521"}],"curies":[{"name":"wp","href":"https:\/\/api.w.org\/{rel}","templated":true}]}}