{"id":27515,"date":"2011-02-28T14:16:00","date_gmt":"2011-02-28T14:16:00","guid":{"rendered":""},"modified":"2020-09-25T09:46:51","modified_gmt":"2020-09-25T09:46:51","slug":"politica-externa-spaniei-la-inceputul-2","status":"publish","type":"post","link":"https:\/\/rubyskynews.com\/index.php\/2011\/02\/28\/politica-externa-spaniei-la-inceputul-2\/","title":{"rendered":"Politica extern\u0103 a Spaniei la \u00eenceputul sec. XX."},"content":{"rendered":"<div style=\"margin-top: 0px; margin-bottom: 0px;\" class=\"sharethis-inline-share-buttons\" ><\/div><div style=\"text-align: justify;\">Politica extern\u0103 a Spaniei la \u00eencep sec XX a fost destul de vag\u0103. Spania  oscila \u00eentre Anglia \u015fi FR. \u00cen 1834, Sp a aderat la Quadrupla Alian\u0163\u0103  (Ang, FR, Portug, Sp). Prestigiul ei pe arena interna\u0163ional\u0103 a fost  diminuat. Ea \u00eent\u00eempin\u0103 greut\u0103\u0163i \u00een Africa de N. Rev din 1848 au creat  condi\u0163ii pt activizarea pol ext a Sp. Ea continu\u0103 lupta pt ocuparea  Marocului (1859-1860) \u015fi reu\u015fe\u015fte s\u0103 pun\u0103 st\u0103p\u00eenire pe Tanger, ceea ce  periclit\u0103 rela\u0163iile cu Anglia, \u0163ar\u0103 care st\u0103p\u00eene\u015fte Gibraltarul.  Antrenat\u0103 de FR deoarece \u00eemp\u0103r\u0103teasa Fr Eugenia era spaniol\u0103), Spania a  lua parte la ocuparea Mexicului (1861-1862) \u015fi la aventurile lui  Napoleon III \u00een Indochina. \u00cen 1861, ea a \u00eencorporat \u00een sisteml s\u0103u  colonial Republica Dominican\u0103. Coloniile din America \u015fi Oceanul Pacific  se supuneau cu greu metropolei. <a href=\"\" name=\"more\"><\/a>Au fost semnate  tratate de pace cu fostele colonii din America Latin\u0103. \u00cen a. 1863 pt a\u015fi  \u00eent\u0103ri pozi\u0163ia \u00een colonii, guvernul spaniol a creat special noul  minister al teritoriilor de peste m\u0103ri. Rel dintre Sp \u015fi FR \u00eentre timp  sl\u0103bise mai ales \u00een leg\u0103tur\u0103 cu lupta pt mo\u015ftenirea tronului spaniol.  Acesta se datora nu at\u00eet faptului c\u0103 spaniolii ar fi intrat \u00een c\u00eerd\u0103\u015fie  cu Bismark, c\u00eet din cauza impruden\u0163ei lui Napoleon III. Marocul era una  din putinele ter. necolonizate din Africa. Astfel reincepe lupta pt  Maroc. Spaniolii cu toate ca erau din punct de vedere militar puternici  nu puteau invinge cu usurinta armata marocana. La 27 noi.1912 FR a fost  de accord sa cedeze Spaniei un ter din Nordul Marocului. La fel,sa  stabilit protectoratul asupra Marocului. astfel au fost imbunatatite rel  Franco-spaniole. Iar in 1913,presedintele frantei Puancare a sosit in  Madrid. La incep.razb I mond.spania trecea printr-o criza pol astfel  incit s-a aratat neutra in acest razboi,insa cercurile pol tindeau spre o  coalitie fie cu Antanta fie cu germania. La 17 iulie 1936, \u00eencepe  r\u0103zboiul civil spaniol, un conflict armat a luat amploare Republicani  (aripa st\u00eenga a Guvernului spaniol) si Nationalisti (aripa dreapta  formata din rebeli, multi dintre ei fiind ofiteri ai armatei spaniole).  Ministrul de externe al Spaniei, Alvarez del Vayo, a cerut in septembrie  1936 ajutorul armat al Ligii Natiunilor pentru a pastra independenta  politica si integritatea teritoriala a tarii sale. Totusi, Liga nu a  putut interveni in acest razboi civil, dar nici nu a putut preveni  interventia altor state in conflict. Hitler si Mussolini au ajutat  Nationalistii generalului Franco, iar Uniunea Soviectica a sprijinit  luptatorii loiali Spaniei.<\/div>\n<div style=\"margin-top: 0px; margin-bottom: 0px;\" class=\"sharethis-inline-share-buttons\" ><\/div>","protected":false},"excerpt":{"rendered":"<p>Politica extern\u0103 a Spaniei la \u00eencep sec XX a fost destul de vag\u0103. Spania oscila \u00eentre Anglia \u015fi FR. \u00cen 1834, Sp a aderat la Quadrupla Alian\u0163\u0103 (Ang, FR, Portug, Sp). Prestigiul ei pe arena interna\u0163ional\u0103 a fost diminuat. Ea \u00eent\u00eempin\u0103 greut\u0103\u0163i \u00een Africa de N. Rev din 1848 au creat condi\u0163ii pt activizarea pol [&hellip;]<\/p>\n","protected":false},"author":1,"featured_media":0,"comment_status":"open","ping_status":"closed","sticky":false,"template":"","format":"standard","meta":{"_monsterinsights_skip_tracking":false,"_monsterinsights_sitenote_active":false,"_monsterinsights_sitenote_note":"","_monsterinsights_sitenote_category":0,"footnotes":""},"categories":[1],"tags":[],"aioseo_notices":[],"yoast_head":"<!-- This site is optimized with the Yoast SEO plugin v21.1 - https:\/\/yoast.com\/wordpress\/plugins\/seo\/ -->\n<title>Politica extern\u0103 a Spaniei la \u00eenceputul sec. XX. - Jobs\/ Internships\/ Scholarships\/<\/title>\n<meta name=\"robots\" content=\"index, follow, max-snippet:-1, max-image-preview:large, max-video-preview:-1\" \/>\n<link rel=\"canonical\" href=\"https:\/\/rubyskynews.com\/index.php\/2011\/02\/28\/politica-externa-spaniei-la-inceputul-2\/\" \/>\n<meta property=\"og:locale\" content=\"en_US\" \/>\n<meta property=\"og:type\" content=\"article\" \/>\n<meta property=\"og:title\" content=\"Politica extern\u0103 a Spaniei la \u00eenceputul sec. XX. - Jobs\/ Internships\/ Scholarships\/\" \/>\n<meta property=\"og:description\" content=\"Politica extern\u0103 a Spaniei la \u00eencep sec XX a fost destul de vag\u0103. Spania oscila \u00eentre Anglia \u015fi FR. \u00cen 1834, Sp a aderat la Quadrupla Alian\u0163\u0103 (Ang, FR, Portug, Sp). Prestigiul ei pe arena interna\u0163ional\u0103 a fost diminuat. Ea \u00eent\u00eempin\u0103 greut\u0103\u0163i \u00een Africa de N. Rev din 1848 au creat condi\u0163ii pt activizarea pol [&hellip;]\" \/>\n<meta property=\"og:url\" content=\"https:\/\/rubyskynews.com\/index.php\/2011\/02\/28\/politica-externa-spaniei-la-inceputul-2\/\" \/>\n<meta property=\"og:site_name\" content=\"Jobs\/ Internships\/ Scholarships\/\" \/>\n<meta property=\"article:published_time\" content=\"2011-02-28T14:16:00+00:00\" \/>\n<meta property=\"article:modified_time\" content=\"2020-09-25T09:46:51+00:00\" \/>\n<meta name=\"author\" content=\"eurointern\" \/>\n<meta name=\"twitter:card\" content=\"summary_large_image\" \/>\n<meta name=\"twitter:label1\" content=\"Written by\" \/>\n\t<meta name=\"twitter:data1\" content=\"eurointern\" \/>\n\t<meta name=\"twitter:label2\" content=\"Est. reading time\" \/>\n\t<meta name=\"twitter:data2\" content=\"2 minutes\" \/>\n<script type=\"application\/ld+json\" class=\"yoast-schema-graph\">{\"@context\":\"https:\/\/schema.org\",\"@graph\":[{\"@type\":\"WebPage\",\"@id\":\"https:\/\/rubyskynews.com\/index.php\/2011\/02\/28\/politica-externa-spaniei-la-inceputul-2\/\",\"url\":\"https:\/\/rubyskynews.com\/index.php\/2011\/02\/28\/politica-externa-spaniei-la-inceputul-2\/\",\"name\":\"Politica extern\u0103 a Spaniei la \u00eenceputul sec. XX. - Jobs\/ Internships\/ Scholarships\/\",\"isPartOf\":{\"@id\":\"https:\/\/rubyskynews.com\/#website\"},\"datePublished\":\"2011-02-28T14:16:00+00:00\",\"dateModified\":\"2020-09-25T09:46:51+00:00\",\"author\":{\"@id\":\"https:\/\/rubyskynews.com\/#\/schema\/person\/2bf02c24278f4ce807817c8f91add34d\"},\"breadcrumb\":{\"@id\":\"https:\/\/rubyskynews.com\/index.php\/2011\/02\/28\/politica-externa-spaniei-la-inceputul-2\/#breadcrumb\"},\"inLanguage\":\"en-US\",\"potentialAction\":[{\"@type\":\"ReadAction\",\"target\":[\"https:\/\/rubyskynews.com\/index.php\/2011\/02\/28\/politica-externa-spaniei-la-inceputul-2\/\"]}]},{\"@type\":\"BreadcrumbList\",\"@id\":\"https:\/\/rubyskynews.com\/index.php\/2011\/02\/28\/politica-externa-spaniei-la-inceputul-2\/#breadcrumb\",\"itemListElement\":[{\"@type\":\"ListItem\",\"position\":1,\"name\":\"Home\",\"item\":\"https:\/\/rubyskynews.com\/\"},{\"@type\":\"ListItem\",\"position\":2,\"name\":\"Politica extern\u0103 a Spaniei la \u00eenceputul sec. XX.\"}]},{\"@type\":\"WebSite\",\"@id\":\"https:\/\/rubyskynews.com\/#website\",\"url\":\"https:\/\/rubyskynews.com\/\",\"name\":\"Jobs\/ Internships\/ Scholarships\/\",\"description\":\"Internships\/ Scholarships\/  Grants\",\"potentialAction\":[{\"@type\":\"SearchAction\",\"target\":{\"@type\":\"EntryPoint\",\"urlTemplate\":\"https:\/\/rubyskynews.com\/?s={search_term_string}\"},\"query-input\":\"required name=search_term_string\"}],\"inLanguage\":\"en-US\"},{\"@type\":\"Person\",\"@id\":\"https:\/\/rubyskynews.com\/#\/schema\/person\/2bf02c24278f4ce807817c8f91add34d\",\"name\":\"eurointern\",\"image\":{\"@type\":\"ImageObject\",\"inLanguage\":\"en-US\",\"@id\":\"https:\/\/rubyskynews.com\/#\/schema\/person\/image\/\",\"url\":\"https:\/\/secure.gravatar.com\/avatar\/4ba0ee69eda3e0c9ec9a3c49a6c7a82b?s=96&d=mm&r=g\",\"contentUrl\":\"https:\/\/secure.gravatar.com\/avatar\/4ba0ee69eda3e0c9ec9a3c49a6c7a82b?s=96&d=mm&r=g\",\"caption\":\"eurointern\"},\"sameAs\":[\"http:\/\/rubyskynews.com\"],\"url\":\"https:\/\/rubyskynews.com\/index.php\/author\/eurointern28gmail-com\/\"}]}<\/script>\n<!-- \/ Yoast SEO plugin. -->","yoast_head_json":{"title":"Politica extern\u0103 a Spaniei la \u00eenceputul sec. XX. - Jobs\/ Internships\/ Scholarships\/","robots":{"index":"index","follow":"follow","max-snippet":"max-snippet:-1","max-image-preview":"max-image-preview:large","max-video-preview":"max-video-preview:-1"},"canonical":"https:\/\/rubyskynews.com\/index.php\/2011\/02\/28\/politica-externa-spaniei-la-inceputul-2\/","og_locale":"en_US","og_type":"article","og_title":"Politica extern\u0103 a Spaniei la \u00eenceputul sec. XX. - Jobs\/ Internships\/ Scholarships\/","og_description":"Politica extern\u0103 a Spaniei la \u00eencep sec XX a fost destul de vag\u0103. Spania oscila \u00eentre Anglia \u015fi FR. \u00cen 1834, Sp a aderat la Quadrupla Alian\u0163\u0103 (Ang, FR, Portug, Sp). Prestigiul ei pe arena interna\u0163ional\u0103 a fost diminuat. Ea \u00eent\u00eempin\u0103 greut\u0103\u0163i \u00een Africa de N. Rev din 1848 au creat condi\u0163ii pt activizarea pol [&hellip;]","og_url":"https:\/\/rubyskynews.com\/index.php\/2011\/02\/28\/politica-externa-spaniei-la-inceputul-2\/","og_site_name":"Jobs\/ Internships\/ Scholarships\/","article_published_time":"2011-02-28T14:16:00+00:00","article_modified_time":"2020-09-25T09:46:51+00:00","author":"eurointern","twitter_card":"summary_large_image","twitter_misc":{"Written by":"eurointern","Est. reading time":"2 minutes"},"schema":{"@context":"https:\/\/schema.org","@graph":[{"@type":"WebPage","@id":"https:\/\/rubyskynews.com\/index.php\/2011\/02\/28\/politica-externa-spaniei-la-inceputul-2\/","url":"https:\/\/rubyskynews.com\/index.php\/2011\/02\/28\/politica-externa-spaniei-la-inceputul-2\/","name":"Politica extern\u0103 a Spaniei la \u00eenceputul sec. XX. - Jobs\/ Internships\/ Scholarships\/","isPartOf":{"@id":"https:\/\/rubyskynews.com\/#website"},"datePublished":"2011-02-28T14:16:00+00:00","dateModified":"2020-09-25T09:46:51+00:00","author":{"@id":"https:\/\/rubyskynews.com\/#\/schema\/person\/2bf02c24278f4ce807817c8f91add34d"},"breadcrumb":{"@id":"https:\/\/rubyskynews.com\/index.php\/2011\/02\/28\/politica-externa-spaniei-la-inceputul-2\/#breadcrumb"},"inLanguage":"en-US","potentialAction":[{"@type":"ReadAction","target":["https:\/\/rubyskynews.com\/index.php\/2011\/02\/28\/politica-externa-spaniei-la-inceputul-2\/"]}]},{"@type":"BreadcrumbList","@id":"https:\/\/rubyskynews.com\/index.php\/2011\/02\/28\/politica-externa-spaniei-la-inceputul-2\/#breadcrumb","itemListElement":[{"@type":"ListItem","position":1,"name":"Home","item":"https:\/\/rubyskynews.com\/"},{"@type":"ListItem","position":2,"name":"Politica extern\u0103 a Spaniei la \u00eenceputul sec. XX."}]},{"@type":"WebSite","@id":"https:\/\/rubyskynews.com\/#website","url":"https:\/\/rubyskynews.com\/","name":"Jobs\/ Internships\/ Scholarships\/","description":"Internships\/ Scholarships\/  Grants","potentialAction":[{"@type":"SearchAction","target":{"@type":"EntryPoint","urlTemplate":"https:\/\/rubyskynews.com\/?s={search_term_string}"},"query-input":"required name=search_term_string"}],"inLanguage":"en-US"},{"@type":"Person","@id":"https:\/\/rubyskynews.com\/#\/schema\/person\/2bf02c24278f4ce807817c8f91add34d","name":"eurointern","image":{"@type":"ImageObject","inLanguage":"en-US","@id":"https:\/\/rubyskynews.com\/#\/schema\/person\/image\/","url":"https:\/\/secure.gravatar.com\/avatar\/4ba0ee69eda3e0c9ec9a3c49a6c7a82b?s=96&d=mm&r=g","contentUrl":"https:\/\/secure.gravatar.com\/avatar\/4ba0ee69eda3e0c9ec9a3c49a6c7a82b?s=96&d=mm&r=g","caption":"eurointern"},"sameAs":["http:\/\/rubyskynews.com"],"url":"https:\/\/rubyskynews.com\/index.php\/author\/eurointern28gmail-com\/"}]}},"_links":{"self":[{"href":"https:\/\/rubyskynews.com\/index.php\/wp-json\/wp\/v2\/posts\/27515"}],"collection":[{"href":"https:\/\/rubyskynews.com\/index.php\/wp-json\/wp\/v2\/posts"}],"about":[{"href":"https:\/\/rubyskynews.com\/index.php\/wp-json\/wp\/v2\/types\/post"}],"author":[{"embeddable":true,"href":"https:\/\/rubyskynews.com\/index.php\/wp-json\/wp\/v2\/users\/1"}],"replies":[{"embeddable":true,"href":"https:\/\/rubyskynews.com\/index.php\/wp-json\/wp\/v2\/comments?post=27515"}],"version-history":[{"count":0,"href":"https:\/\/rubyskynews.com\/index.php\/wp-json\/wp\/v2\/posts\/27515\/revisions"}],"wp:attachment":[{"href":"https:\/\/rubyskynews.com\/index.php\/wp-json\/wp\/v2\/media?parent=27515"}],"wp:term":[{"taxonomy":"category","embeddable":true,"href":"https:\/\/rubyskynews.com\/index.php\/wp-json\/wp\/v2\/categories?post=27515"},{"taxonomy":"post_tag","embeddable":true,"href":"https:\/\/rubyskynews.com\/index.php\/wp-json\/wp\/v2\/tags?post=27515"}],"curies":[{"name":"wp","href":"https:\/\/api.w.org\/{rel}","templated":true}]}}