{"id":27507,"date":"2011-02-28T14:20:00","date_gmt":"2011-02-28T14:20:00","guid":{"rendered":""},"modified":"2020-09-25T09:46:51","modified_gmt":"2020-09-25T09:46:51","slug":"revolutiile-din-spania-in-sec-al-xviii-2","status":"publish","type":"post","link":"https:\/\/rubyskynews.com\/index.php\/2011\/02\/28\/revolutiile-din-spania-in-sec-al-xviii-2\/","title":{"rendered":"Revolu\u0163iile din Spania \u00een sec. al XVIII-lea."},"content":{"rendered":"<div style=\"margin-top: 0px; margin-bottom: 0px;\" class=\"sharethis-inline-share-buttons\" ><\/div><div class=\"postBody\" style=\"color: black; text-align: justify;\">\u00cen  primii ani ai restaura\u0163iei, \u00een Spania au loc mi\u015fc\u0103ri p-u restabilirea  constitu\u0163iei din 1812. \u00een fruntea mi\u015fc\u0103rii se afl\u0103 partidul liberal. O  for\u0163\u0103 pol activ\u0103 era ofi\u0163erimea.\u00cen 1814 \u00een Navarra, generalul Mina a  organizat o r\u0103scoal\u0103 armat\u0103. Regimul de teroare instituit de regele  Ferdinand VII de Bourbon a st\u00eernit o ur\u0103 general\u0103 \u00een societatea  spaniol\u0103, provoc\u00eend o puternic\u0103 mi\u015fcare de opozi\u0163ie, conduse de ofi\u0163eri  cu viziuni progresiste, participan\u0163i la r\u0103zboiul de independen\u0163\u0103  \u00eempotriva lui Napoleon I. \u00cen 1815 Porlier face o \u00eencercare nereu\u015fit\u0103 de a  promulga constitu\u0163ia. Incercarile din anii 1816-1819 nu au avut succes.  La inceputul anului 1820  a izbucnit a 2 rev.Armata manifesta o  puternica opozitie fata de absolutism. Una din cerinte era restabilirea  constitutiei din 1812. La incep lui martie masele revolutionare din  Madrid l-au obligat pe Ferdinand al 7<a href=\"\" name=\"more\"><\/a> sa  restabileasca constitutia din 1812 ,sa convoace corseturile si sa  infaptuiasca unele masuri progresiste:amnistia politica,reafirmarea  legilor privind anularea prestatiilor si improprietarirea  participantilor la razboiul de independenta,proclamarea libertatii a  intreprizei, redesfiintarea ordinului iezuitilor. In aprilie 1823 armata  franceza a invadat spania si a inabusit aceasta rascoala. Sit.soc-econ  din 1820 1823 sa complicat .aceasta a facut ca in 1824 sa porneasca noi  revolutii org. de liberali.generalul Mina a incercat sa restabileasca  constitutia insa a suferit esec.dupa moartea lui Ferdinand al 7,va  incepe o noua criza pol pt tronul spaniei. Conform testamentului lui  Ferdinand tronul la ocupat Maria cristina ce a dus la primul razboi  carlist. In 1834 razb.civil dezlantuit de carlisti sa transformat in a 3  rev.spaniola .Poporul din nou cerea restabilirea constitutiei din 1812  si infaptuirea unei reforme sociale.Guvernul a infaptuit un sir de  reforme. Au fost anulate privilegiile feudale si prestatiile personale, a  fost anulata decimal bisericeasca,confiscate paminturile manastiresti  si a fost intarita armata.Aceste reforme nu au placut reginei si in 1836  Mendizabal a fost demis.Insa nemultumirile au facuto pe Maria Cristina  sa restabileasca constitutia din 1812.Razboiul sa localizat in 2  regiuni: la N de influenta erau carlistii iar la S partizanii  Izabelei.In 1839 carlistii au fost de accord sa recunoasca conducerii  Izabelei in schimbul pastrarii vechilor privilegii la N Spaniei.totusi  revoltele continuau,iar in 1840 regenta a abdicat. In 1842 are loc o  rascoala in Barselona ,insa rascoala a fost inabusita In 1854 incepe o  noua rev.Totusi conservatorii in frunte cu Narvarias au reprimat crunt  aceasta rascoala.,astfel ia incheinduse in 1856.In toamna anului 1868  sit.soc-pol din spania sa agravat si a izbucnit a 5 rasc.ea a cuprins  intreaga tara iar regina a fugit peste hotare. La cererea maselor  populare sau infaptuit un sir de reforme progresiste: Au fost  restabilite dreptul general de alegeri si libertatile democratice,a fost  reformai sist.financiar si vamal.In 1869 a fost elaborata o noua  constitutie ce proclama monarhia constitutionala bicamerala,votul  universal pt barbate si libertati democratice. A fost luata hotarirea  privind detronarea bourbonilor spanioli si oferirea tronului lui  Leopold.divergentele pol.din soc spaniola au fost folosite de carlisti,  nobilime si cler.Carlistii au dezlantuit un razb civil intre anii  1872-1876.Scopul lor era urcarea pe tron a lui Don Carlos Djunior.<\/div>\n<div style=\"margin-top: 0px; margin-bottom: 0px;\" class=\"sharethis-inline-share-buttons\" ><\/div>","protected":false},"excerpt":{"rendered":"<p>\u00cen primii ani ai restaura\u0163iei, \u00een Spania au loc mi\u015fc\u0103ri p-u restabilirea constitu\u0163iei din 1812. \u00een fruntea mi\u015fc\u0103rii se afl\u0103 partidul liberal. O for\u0163\u0103 pol activ\u0103 era ofi\u0163erimea.\u00cen 1814 \u00een Navarra, generalul Mina a organizat o r\u0103scoal\u0103 armat\u0103. Regimul de teroare instituit de regele Ferdinand VII de Bourbon a st\u00eernit o ur\u0103 general\u0103 \u00een societatea [&hellip;]<\/p>\n","protected":false},"author":1,"featured_media":0,"comment_status":"open","ping_status":"closed","sticky":false,"template":"","format":"standard","meta":{"_monsterinsights_skip_tracking":false,"_monsterinsights_sitenote_active":false,"_monsterinsights_sitenote_note":"","_monsterinsights_sitenote_category":0,"footnotes":""},"categories":[1],"tags":[],"aioseo_notices":[],"yoast_head":"<!-- This site is optimized with the Yoast SEO plugin v21.1 - https:\/\/yoast.com\/wordpress\/plugins\/seo\/ -->\n<title>Revolu\u0163iile din Spania \u00een sec. al XVIII-lea. - Jobs\/ Internships\/ Scholarships\/<\/title>\n<meta name=\"robots\" content=\"index, follow, max-snippet:-1, max-image-preview:large, max-video-preview:-1\" \/>\n<link rel=\"canonical\" href=\"https:\/\/rubyskynews.com\/index.php\/2011\/02\/28\/revolutiile-din-spania-in-sec-al-xviii-2\/\" \/>\n<meta property=\"og:locale\" content=\"en_US\" \/>\n<meta property=\"og:type\" content=\"article\" \/>\n<meta property=\"og:title\" content=\"Revolu\u0163iile din Spania \u00een sec. al XVIII-lea. - Jobs\/ Internships\/ Scholarships\/\" \/>\n<meta property=\"og:description\" content=\"\u00cen primii ani ai restaura\u0163iei, \u00een Spania au loc mi\u015fc\u0103ri p-u restabilirea constitu\u0163iei din 1812. \u00een fruntea mi\u015fc\u0103rii se afl\u0103 partidul liberal. O for\u0163\u0103 pol activ\u0103 era ofi\u0163erimea.\u00cen 1814 \u00een Navarra, generalul Mina a organizat o r\u0103scoal\u0103 armat\u0103. Regimul de teroare instituit de regele Ferdinand VII de Bourbon a st\u00eernit o ur\u0103 general\u0103 \u00een societatea [&hellip;]\" \/>\n<meta property=\"og:url\" content=\"https:\/\/rubyskynews.com\/index.php\/2011\/02\/28\/revolutiile-din-spania-in-sec-al-xviii-2\/\" \/>\n<meta property=\"og:site_name\" content=\"Jobs\/ Internships\/ Scholarships\/\" \/>\n<meta property=\"article:published_time\" content=\"2011-02-28T14:20:00+00:00\" \/>\n<meta property=\"article:modified_time\" content=\"2020-09-25T09:46:51+00:00\" \/>\n<meta name=\"author\" content=\"eurointern\" \/>\n<meta name=\"twitter:card\" content=\"summary_large_image\" \/>\n<meta name=\"twitter:label1\" content=\"Written by\" \/>\n\t<meta name=\"twitter:data1\" content=\"eurointern\" \/>\n\t<meta name=\"twitter:label2\" content=\"Est. reading time\" \/>\n\t<meta name=\"twitter:data2\" content=\"3 minutes\" \/>\n<script type=\"application\/ld+json\" class=\"yoast-schema-graph\">{\"@context\":\"https:\/\/schema.org\",\"@graph\":[{\"@type\":\"WebPage\",\"@id\":\"https:\/\/rubyskynews.com\/index.php\/2011\/02\/28\/revolutiile-din-spania-in-sec-al-xviii-2\/\",\"url\":\"https:\/\/rubyskynews.com\/index.php\/2011\/02\/28\/revolutiile-din-spania-in-sec-al-xviii-2\/\",\"name\":\"Revolu\u0163iile din Spania \u00een sec. al XVIII-lea. - Jobs\/ Internships\/ Scholarships\/\",\"isPartOf\":{\"@id\":\"https:\/\/rubyskynews.com\/#website\"},\"datePublished\":\"2011-02-28T14:20:00+00:00\",\"dateModified\":\"2020-09-25T09:46:51+00:00\",\"author\":{\"@id\":\"https:\/\/rubyskynews.com\/#\/schema\/person\/2bf02c24278f4ce807817c8f91add34d\"},\"breadcrumb\":{\"@id\":\"https:\/\/rubyskynews.com\/index.php\/2011\/02\/28\/revolutiile-din-spania-in-sec-al-xviii-2\/#breadcrumb\"},\"inLanguage\":\"en-US\",\"potentialAction\":[{\"@type\":\"ReadAction\",\"target\":[\"https:\/\/rubyskynews.com\/index.php\/2011\/02\/28\/revolutiile-din-spania-in-sec-al-xviii-2\/\"]}]},{\"@type\":\"BreadcrumbList\",\"@id\":\"https:\/\/rubyskynews.com\/index.php\/2011\/02\/28\/revolutiile-din-spania-in-sec-al-xviii-2\/#breadcrumb\",\"itemListElement\":[{\"@type\":\"ListItem\",\"position\":1,\"name\":\"Home\",\"item\":\"https:\/\/rubyskynews.com\/\"},{\"@type\":\"ListItem\",\"position\":2,\"name\":\"Revolu\u0163iile din Spania \u00een sec. al XVIII-lea.\"}]},{\"@type\":\"WebSite\",\"@id\":\"https:\/\/rubyskynews.com\/#website\",\"url\":\"https:\/\/rubyskynews.com\/\",\"name\":\"Jobs\/ Internships\/ Scholarships\/\",\"description\":\"Internships\/ Scholarships\/  Grants\",\"potentialAction\":[{\"@type\":\"SearchAction\",\"target\":{\"@type\":\"EntryPoint\",\"urlTemplate\":\"https:\/\/rubyskynews.com\/?s={search_term_string}\"},\"query-input\":\"required name=search_term_string\"}],\"inLanguage\":\"en-US\"},{\"@type\":\"Person\",\"@id\":\"https:\/\/rubyskynews.com\/#\/schema\/person\/2bf02c24278f4ce807817c8f91add34d\",\"name\":\"eurointern\",\"image\":{\"@type\":\"ImageObject\",\"inLanguage\":\"en-US\",\"@id\":\"https:\/\/rubyskynews.com\/#\/schema\/person\/image\/\",\"url\":\"https:\/\/secure.gravatar.com\/avatar\/4ba0ee69eda3e0c9ec9a3c49a6c7a82b?s=96&d=mm&r=g\",\"contentUrl\":\"https:\/\/secure.gravatar.com\/avatar\/4ba0ee69eda3e0c9ec9a3c49a6c7a82b?s=96&d=mm&r=g\",\"caption\":\"eurointern\"},\"sameAs\":[\"http:\/\/rubyskynews.com\"],\"url\":\"https:\/\/rubyskynews.com\/index.php\/author\/eurointern28gmail-com\/\"}]}<\/script>\n<!-- \/ Yoast SEO plugin. -->","yoast_head_json":{"title":"Revolu\u0163iile din Spania \u00een sec. al XVIII-lea. - Jobs\/ Internships\/ Scholarships\/","robots":{"index":"index","follow":"follow","max-snippet":"max-snippet:-1","max-image-preview":"max-image-preview:large","max-video-preview":"max-video-preview:-1"},"canonical":"https:\/\/rubyskynews.com\/index.php\/2011\/02\/28\/revolutiile-din-spania-in-sec-al-xviii-2\/","og_locale":"en_US","og_type":"article","og_title":"Revolu\u0163iile din Spania \u00een sec. al XVIII-lea. - Jobs\/ Internships\/ Scholarships\/","og_description":"\u00cen primii ani ai restaura\u0163iei, \u00een Spania au loc mi\u015fc\u0103ri p-u restabilirea constitu\u0163iei din 1812. \u00een fruntea mi\u015fc\u0103rii se afl\u0103 partidul liberal. O for\u0163\u0103 pol activ\u0103 era ofi\u0163erimea.\u00cen 1814 \u00een Navarra, generalul Mina a organizat o r\u0103scoal\u0103 armat\u0103. Regimul de teroare instituit de regele Ferdinand VII de Bourbon a st\u00eernit o ur\u0103 general\u0103 \u00een societatea [&hellip;]","og_url":"https:\/\/rubyskynews.com\/index.php\/2011\/02\/28\/revolutiile-din-spania-in-sec-al-xviii-2\/","og_site_name":"Jobs\/ Internships\/ Scholarships\/","article_published_time":"2011-02-28T14:20:00+00:00","article_modified_time":"2020-09-25T09:46:51+00:00","author":"eurointern","twitter_card":"summary_large_image","twitter_misc":{"Written by":"eurointern","Est. reading time":"3 minutes"},"schema":{"@context":"https:\/\/schema.org","@graph":[{"@type":"WebPage","@id":"https:\/\/rubyskynews.com\/index.php\/2011\/02\/28\/revolutiile-din-spania-in-sec-al-xviii-2\/","url":"https:\/\/rubyskynews.com\/index.php\/2011\/02\/28\/revolutiile-din-spania-in-sec-al-xviii-2\/","name":"Revolu\u0163iile din Spania \u00een sec. al XVIII-lea. - Jobs\/ Internships\/ Scholarships\/","isPartOf":{"@id":"https:\/\/rubyskynews.com\/#website"},"datePublished":"2011-02-28T14:20:00+00:00","dateModified":"2020-09-25T09:46:51+00:00","author":{"@id":"https:\/\/rubyskynews.com\/#\/schema\/person\/2bf02c24278f4ce807817c8f91add34d"},"breadcrumb":{"@id":"https:\/\/rubyskynews.com\/index.php\/2011\/02\/28\/revolutiile-din-spania-in-sec-al-xviii-2\/#breadcrumb"},"inLanguage":"en-US","potentialAction":[{"@type":"ReadAction","target":["https:\/\/rubyskynews.com\/index.php\/2011\/02\/28\/revolutiile-din-spania-in-sec-al-xviii-2\/"]}]},{"@type":"BreadcrumbList","@id":"https:\/\/rubyskynews.com\/index.php\/2011\/02\/28\/revolutiile-din-spania-in-sec-al-xviii-2\/#breadcrumb","itemListElement":[{"@type":"ListItem","position":1,"name":"Home","item":"https:\/\/rubyskynews.com\/"},{"@type":"ListItem","position":2,"name":"Revolu\u0163iile din Spania \u00een sec. al XVIII-lea."}]},{"@type":"WebSite","@id":"https:\/\/rubyskynews.com\/#website","url":"https:\/\/rubyskynews.com\/","name":"Jobs\/ Internships\/ Scholarships\/","description":"Internships\/ Scholarships\/  Grants","potentialAction":[{"@type":"SearchAction","target":{"@type":"EntryPoint","urlTemplate":"https:\/\/rubyskynews.com\/?s={search_term_string}"},"query-input":"required name=search_term_string"}],"inLanguage":"en-US"},{"@type":"Person","@id":"https:\/\/rubyskynews.com\/#\/schema\/person\/2bf02c24278f4ce807817c8f91add34d","name":"eurointern","image":{"@type":"ImageObject","inLanguage":"en-US","@id":"https:\/\/rubyskynews.com\/#\/schema\/person\/image\/","url":"https:\/\/secure.gravatar.com\/avatar\/4ba0ee69eda3e0c9ec9a3c49a6c7a82b?s=96&d=mm&r=g","contentUrl":"https:\/\/secure.gravatar.com\/avatar\/4ba0ee69eda3e0c9ec9a3c49a6c7a82b?s=96&d=mm&r=g","caption":"eurointern"},"sameAs":["http:\/\/rubyskynews.com"],"url":"https:\/\/rubyskynews.com\/index.php\/author\/eurointern28gmail-com\/"}]}},"_links":{"self":[{"href":"https:\/\/rubyskynews.com\/index.php\/wp-json\/wp\/v2\/posts\/27507"}],"collection":[{"href":"https:\/\/rubyskynews.com\/index.php\/wp-json\/wp\/v2\/posts"}],"about":[{"href":"https:\/\/rubyskynews.com\/index.php\/wp-json\/wp\/v2\/types\/post"}],"author":[{"embeddable":true,"href":"https:\/\/rubyskynews.com\/index.php\/wp-json\/wp\/v2\/users\/1"}],"replies":[{"embeddable":true,"href":"https:\/\/rubyskynews.com\/index.php\/wp-json\/wp\/v2\/comments?post=27507"}],"version-history":[{"count":0,"href":"https:\/\/rubyskynews.com\/index.php\/wp-json\/wp\/v2\/posts\/27507\/revisions"}],"wp:attachment":[{"href":"https:\/\/rubyskynews.com\/index.php\/wp-json\/wp\/v2\/media?parent=27507"}],"wp:term":[{"taxonomy":"category","embeddable":true,"href":"https:\/\/rubyskynews.com\/index.php\/wp-json\/wp\/v2\/categories?post=27507"},{"taxonomy":"post_tag","embeddable":true,"href":"https:\/\/rubyskynews.com\/index.php\/wp-json\/wp\/v2\/tags?post=27507"}],"curies":[{"name":"wp","href":"https:\/\/api.w.org\/{rel}","templated":true}]}}