{"id":27505,"date":"2011-03-01T11:06:00","date_gmt":"2011-03-01T11:06:00","guid":{"rendered":""},"modified":"2020-09-25T09:46:51","modified_gmt":"2020-09-25T09:46:51","slug":"situatia-politica-si-economica-spaniei-2","status":"publish","type":"post","link":"https:\/\/rubyskynews.com\/index.php\/2011\/03\/01\/situatia-politica-si-economica-spaniei-2\/","title":{"rendered":"Situa\u0163ia politic\u0103 \u015fi economic\u0103 a Spaniei \u00een sec. al XVIII-lea."},"content":{"rendered":"<div style=\"margin-top: 0px; margin-bottom: 0px;\" class=\"sharethis-inline-share-buttons\" ><\/div><div style=\"text-align: justify;\">Dac\u0103 \u00een sec 17 cel m mare pericol venea din partea unei puteri  continentale \u2013 Fran\u0163a, invidioas\u0103 pe puterea Habsburgilor \u00een Europa , \u00een  sec 18 pericolul venea din partea englezilor, \u00een timp ce habsburgii  austrieci deveneau principalii du\u015fmani continentali ai Spaniei . Sec 18 e  marcat de c\u00e2teva mari evenimente . I-l dintre ele e r\u0103zboiul de  succesiune la tronul s\u0103u. Lipsa de urrma\u015fi al lui Carol al II-lea d\u0103dea  speran\u0163e marilor case regale de a pune m\u00e2na printr-un urma\u015f pe avu\u0163iile  acestei puteri imperiale. Principalii candida\u0163i : cel german \u015fi francez.  Tronul a fost preluat de nepotul lui Ludovic 14 \u2013 Filip devenind al 5.  Acesta a domnit jum\u0103tate de secol. Dup\u0103 el , Carol al III-lea a dus o  domnie fructuoas\u0103 , plin\u0103 de reforme \u015fi o politic\u0103 extern\u0103 activ\u0103 ,<a href=\"\" name=\"more\"><\/a>  din 1759 p\u00e2n\u0103 \u00een 1788. \u00cen perioada reformelor Spania tindea spre a  finisa cu tot tradi\u0163ionalismul \u015fi \u00eenvechirea , pt a urma c\u0103i evolutive,  noi. Din p\u0103cate tendin\u0163ele \u015fi bunele inten\u0163ii erau mai slabe dec\u00e2t  puterea real\u0103 de implementare. Spania r\u0103m\u00e2nea o putere preponderent  agricol\u0103 , \u00eenapoiat\u0103 economic. O piedic\u0103 serioas\u0103 o constituia clerul ce  nu concepea posibilitatea de a fi impozitat sau inclus \u00een sistemul  economic nicicum. Sa ajuns la refacerea par\u0163ial\u0103 \u015fi numai temporar\u0103 a  finan\u0163elor, prin instituirea unui impozit unic pe venit. A fost  infiin\u0163at\u0103 o banc\u0103, menit\u0103 s\u0103 sus\u0163in\u0103 creditul statului. Pt \u00eent\u0103rirea  monarhiei Carol III \u015fia propus s\u0103 subordoneze biserica puterii absolute a  regelui. \u00cen acest scop el a trb s\u0103 \u00eenfrunte trei obstacole- inchizi\u0163ia,  amestecul direct al papei \u00een chestiunile biserice\u015fti spaniole \u015fi  iezui\u0163ii. Inchizi\u0163ia a devenit un simplu instrument de poli\u0163ie general\u0103.  Nr condamn\u0103rilor la moarte, sa mic\u015forat considerabil, \u00een 30 de anii  sunt doar 4 execu\u0163ii. Un concordat cu papalitatea a dat regelui dreptul  de a numi \u00een func\u0163iile biserice\u015fti, iar taxele biserice\u015fti au fost  abolite. \u00cen ceea ce prive\u015fte iezui\u0163ii o mare parte din ei au fost  aresta\u0163i \u015fi expulza\u0163i \u00een It iar averile lor au fost confiscate. Pt dezv  comer\u0163ului au fost construite c\u0103i de comunica\u0163ie securitatea lor fiind  \u00een parte \u00eenf\u0103ptuit\u0103 prin m\u0103suri contra brigandajului. A fost abolit  restrictivul monopol al comer\u0163ului cu coloniile. Dup\u0103 modelul fr sau  englez au fost \u00eenfiin\u0163ate companiile comerciale care \u00eens\u0103 nu au dat  rezultate. Sec XVIII este martorul \u00eencerc\u0103rilor de refacere a Sp \u00een  diferite domenii. Neput\u00eenduse \u00eens\u0103 sprijini pe o temelie solid\u0103, aceste  \u00eencerc\u0103ri au fost \u00een acela\u015f timp, contracarate de consecin\u0163ele negative  ale aproape ne\u00eencetatelor conflicte \u00een care este angajat\u0103 Sp \u00een acest  sec deopotriv\u0103 \u201cluminat\u201d \u015fi r\u0103zboinic. Nu a putut fi vorba astfel de o  adev\u0103rat\u0103 \u00eens\u0103n\u0103to\u015fire a vie\u0163ii spaniole, ci mai degrab\u0103 de o  covalescen\u0163\u0103 a ei. Leacul nu a fost oferit nici de Rev francez\u0103, cu un  ecou at\u00eet de puternic \u00een Europa. Regen\u0163a care \u00eei ia locul lui Carol  III(1788), sub conducerea reginei Maria Luiza, fr\u00eeneaz\u0103 efectul  reformelor fostului monarh, dar ia fiin\u0163\u0103 totu\u015fi o reform\u0103 agrar\u0103(1795).  \u00cen 1793 Sp intr\u0103 \u00een coali\u0163ie contra FR, dar \u00eenfr\u00eent\u0103 lupt\u0103 \u00een  continuare \u00eempotriva adversarilor acesteia, Anglia \u015fi Portugalia.  R\u0103zboiul de gheril\u0103 (1810-1814), modalitate pe care spaniolii o vor  sugera \u015fi altor popoare este primul \u015fi al\u0103turi de campania din Rusia  (1812), unul din principalele momente ale pr\u0103bu\u015firii marelui Imp  Napoleonian. P\u00een\u0103 \u00een momentul de sintez\u0103 care este a.1815, desf\u0103\u015furat\u0103  \u00eentro tradi\u0163ional\u0103 sim\u0163ire popular\u0103, aceast\u0103 revolu\u0163ie a f\u0103cut ca Sp lui  Carol Quintul \u015fi a lui Filip II s\u0103 p\u0103\u015feasc\u0103 m departe, fie \u015fi \u00eentro  specific\u0103 manier\u0103 romantic\u0103, pe drumul dezvolt\u0103rii sale moderne.<\/div>\n<div style=\"margin-top: 0px; margin-bottom: 0px;\" class=\"sharethis-inline-share-buttons\" ><\/div>","protected":false},"excerpt":{"rendered":"<p>Dac\u0103 \u00een sec 17 cel m mare pericol venea din partea unei puteri continentale \u2013 Fran\u0163a, invidioas\u0103 pe puterea Habsburgilor \u00een Europa , \u00een sec 18 pericolul venea din partea englezilor, \u00een timp ce habsburgii austrieci deveneau principalii du\u015fmani continentali ai Spaniei . Sec 18 e marcat de c\u00e2teva mari evenimente . I-l dintre ele [&hellip;]<\/p>\n","protected":false},"author":1,"featured_media":0,"comment_status":"open","ping_status":"closed","sticky":false,"template":"","format":"standard","meta":{"_monsterinsights_skip_tracking":false,"_monsterinsights_sitenote_active":false,"_monsterinsights_sitenote_note":"","_monsterinsights_sitenote_category":0,"footnotes":""},"categories":[1],"tags":[],"aioseo_notices":[],"yoast_head":"<!-- This site is optimized with the Yoast SEO plugin v21.1 - https:\/\/yoast.com\/wordpress\/plugins\/seo\/ -->\n<title>Situa\u0163ia politic\u0103 \u015fi economic\u0103 a Spaniei \u00een sec. al XVIII-lea. - Jobs\/ Internships\/ Scholarships\/<\/title>\n<meta name=\"robots\" content=\"index, follow, max-snippet:-1, max-image-preview:large, max-video-preview:-1\" \/>\n<link rel=\"canonical\" href=\"https:\/\/rubyskynews.com\/index.php\/2011\/03\/01\/situatia-politica-si-economica-spaniei-2\/\" \/>\n<meta property=\"og:locale\" content=\"en_US\" \/>\n<meta property=\"og:type\" content=\"article\" \/>\n<meta property=\"og:title\" content=\"Situa\u0163ia politic\u0103 \u015fi economic\u0103 a Spaniei \u00een sec. al XVIII-lea. - Jobs\/ Internships\/ Scholarships\/\" \/>\n<meta property=\"og:description\" content=\"Dac\u0103 \u00een sec 17 cel m mare pericol venea din partea unei puteri continentale \u2013 Fran\u0163a, invidioas\u0103 pe puterea Habsburgilor \u00een Europa , \u00een sec 18 pericolul venea din partea englezilor, \u00een timp ce habsburgii austrieci deveneau principalii du\u015fmani continentali ai Spaniei . Sec 18 e marcat de c\u00e2teva mari evenimente . I-l dintre ele [&hellip;]\" \/>\n<meta property=\"og:url\" content=\"https:\/\/rubyskynews.com\/index.php\/2011\/03\/01\/situatia-politica-si-economica-spaniei-2\/\" \/>\n<meta property=\"og:site_name\" content=\"Jobs\/ Internships\/ Scholarships\/\" \/>\n<meta property=\"article:published_time\" content=\"2011-03-01T11:06:00+00:00\" \/>\n<meta property=\"article:modified_time\" content=\"2020-09-25T09:46:51+00:00\" \/>\n<meta name=\"author\" content=\"eurointern\" \/>\n<meta name=\"twitter:card\" content=\"summary_large_image\" \/>\n<meta name=\"twitter:label1\" content=\"Written by\" \/>\n\t<meta name=\"twitter:data1\" content=\"eurointern\" \/>\n\t<meta name=\"twitter:label2\" content=\"Est. reading time\" \/>\n\t<meta name=\"twitter:data2\" content=\"3 minutes\" \/>\n<script type=\"application\/ld+json\" class=\"yoast-schema-graph\">{\"@context\":\"https:\/\/schema.org\",\"@graph\":[{\"@type\":\"WebPage\",\"@id\":\"https:\/\/rubyskynews.com\/index.php\/2011\/03\/01\/situatia-politica-si-economica-spaniei-2\/\",\"url\":\"https:\/\/rubyskynews.com\/index.php\/2011\/03\/01\/situatia-politica-si-economica-spaniei-2\/\",\"name\":\"Situa\u0163ia politic\u0103 \u015fi economic\u0103 a Spaniei \u00een sec. al XVIII-lea. - Jobs\/ Internships\/ Scholarships\/\",\"isPartOf\":{\"@id\":\"https:\/\/rubyskynews.com\/#website\"},\"datePublished\":\"2011-03-01T11:06:00+00:00\",\"dateModified\":\"2020-09-25T09:46:51+00:00\",\"author\":{\"@id\":\"https:\/\/rubyskynews.com\/#\/schema\/person\/2bf02c24278f4ce807817c8f91add34d\"},\"breadcrumb\":{\"@id\":\"https:\/\/rubyskynews.com\/index.php\/2011\/03\/01\/situatia-politica-si-economica-spaniei-2\/#breadcrumb\"},\"inLanguage\":\"en-US\",\"potentialAction\":[{\"@type\":\"ReadAction\",\"target\":[\"https:\/\/rubyskynews.com\/index.php\/2011\/03\/01\/situatia-politica-si-economica-spaniei-2\/\"]}]},{\"@type\":\"BreadcrumbList\",\"@id\":\"https:\/\/rubyskynews.com\/index.php\/2011\/03\/01\/situatia-politica-si-economica-spaniei-2\/#breadcrumb\",\"itemListElement\":[{\"@type\":\"ListItem\",\"position\":1,\"name\":\"Home\",\"item\":\"https:\/\/rubyskynews.com\/\"},{\"@type\":\"ListItem\",\"position\":2,\"name\":\"Situa\u0163ia politic\u0103 \u015fi economic\u0103 a Spaniei \u00een sec. al XVIII-lea.\"}]},{\"@type\":\"WebSite\",\"@id\":\"https:\/\/rubyskynews.com\/#website\",\"url\":\"https:\/\/rubyskynews.com\/\",\"name\":\"Jobs\/ Internships\/ Scholarships\/\",\"description\":\"Internships\/ Scholarships\/  Grants\",\"potentialAction\":[{\"@type\":\"SearchAction\",\"target\":{\"@type\":\"EntryPoint\",\"urlTemplate\":\"https:\/\/rubyskynews.com\/?s={search_term_string}\"},\"query-input\":\"required name=search_term_string\"}],\"inLanguage\":\"en-US\"},{\"@type\":\"Person\",\"@id\":\"https:\/\/rubyskynews.com\/#\/schema\/person\/2bf02c24278f4ce807817c8f91add34d\",\"name\":\"eurointern\",\"image\":{\"@type\":\"ImageObject\",\"inLanguage\":\"en-US\",\"@id\":\"https:\/\/rubyskynews.com\/#\/schema\/person\/image\/\",\"url\":\"https:\/\/secure.gravatar.com\/avatar\/4ba0ee69eda3e0c9ec9a3c49a6c7a82b?s=96&d=mm&r=g\",\"contentUrl\":\"https:\/\/secure.gravatar.com\/avatar\/4ba0ee69eda3e0c9ec9a3c49a6c7a82b?s=96&d=mm&r=g\",\"caption\":\"eurointern\"},\"sameAs\":[\"http:\/\/rubyskynews.com\"],\"url\":\"https:\/\/rubyskynews.com\/index.php\/author\/eurointern28gmail-com\/\"}]}<\/script>\n<!-- \/ Yoast SEO plugin. -->","yoast_head_json":{"title":"Situa\u0163ia politic\u0103 \u015fi economic\u0103 a Spaniei \u00een sec. al XVIII-lea. - Jobs\/ Internships\/ Scholarships\/","robots":{"index":"index","follow":"follow","max-snippet":"max-snippet:-1","max-image-preview":"max-image-preview:large","max-video-preview":"max-video-preview:-1"},"canonical":"https:\/\/rubyskynews.com\/index.php\/2011\/03\/01\/situatia-politica-si-economica-spaniei-2\/","og_locale":"en_US","og_type":"article","og_title":"Situa\u0163ia politic\u0103 \u015fi economic\u0103 a Spaniei \u00een sec. al XVIII-lea. - Jobs\/ Internships\/ Scholarships\/","og_description":"Dac\u0103 \u00een sec 17 cel m mare pericol venea din partea unei puteri continentale \u2013 Fran\u0163a, invidioas\u0103 pe puterea Habsburgilor \u00een Europa , \u00een sec 18 pericolul venea din partea englezilor, \u00een timp ce habsburgii austrieci deveneau principalii du\u015fmani continentali ai Spaniei . Sec 18 e marcat de c\u00e2teva mari evenimente . I-l dintre ele [&hellip;]","og_url":"https:\/\/rubyskynews.com\/index.php\/2011\/03\/01\/situatia-politica-si-economica-spaniei-2\/","og_site_name":"Jobs\/ Internships\/ Scholarships\/","article_published_time":"2011-03-01T11:06:00+00:00","article_modified_time":"2020-09-25T09:46:51+00:00","author":"eurointern","twitter_card":"summary_large_image","twitter_misc":{"Written by":"eurointern","Est. reading time":"3 minutes"},"schema":{"@context":"https:\/\/schema.org","@graph":[{"@type":"WebPage","@id":"https:\/\/rubyskynews.com\/index.php\/2011\/03\/01\/situatia-politica-si-economica-spaniei-2\/","url":"https:\/\/rubyskynews.com\/index.php\/2011\/03\/01\/situatia-politica-si-economica-spaniei-2\/","name":"Situa\u0163ia politic\u0103 \u015fi economic\u0103 a Spaniei \u00een sec. al XVIII-lea. - Jobs\/ Internships\/ Scholarships\/","isPartOf":{"@id":"https:\/\/rubyskynews.com\/#website"},"datePublished":"2011-03-01T11:06:00+00:00","dateModified":"2020-09-25T09:46:51+00:00","author":{"@id":"https:\/\/rubyskynews.com\/#\/schema\/person\/2bf02c24278f4ce807817c8f91add34d"},"breadcrumb":{"@id":"https:\/\/rubyskynews.com\/index.php\/2011\/03\/01\/situatia-politica-si-economica-spaniei-2\/#breadcrumb"},"inLanguage":"en-US","potentialAction":[{"@type":"ReadAction","target":["https:\/\/rubyskynews.com\/index.php\/2011\/03\/01\/situatia-politica-si-economica-spaniei-2\/"]}]},{"@type":"BreadcrumbList","@id":"https:\/\/rubyskynews.com\/index.php\/2011\/03\/01\/situatia-politica-si-economica-spaniei-2\/#breadcrumb","itemListElement":[{"@type":"ListItem","position":1,"name":"Home","item":"https:\/\/rubyskynews.com\/"},{"@type":"ListItem","position":2,"name":"Situa\u0163ia politic\u0103 \u015fi economic\u0103 a Spaniei \u00een sec. al XVIII-lea."}]},{"@type":"WebSite","@id":"https:\/\/rubyskynews.com\/#website","url":"https:\/\/rubyskynews.com\/","name":"Jobs\/ Internships\/ Scholarships\/","description":"Internships\/ Scholarships\/  Grants","potentialAction":[{"@type":"SearchAction","target":{"@type":"EntryPoint","urlTemplate":"https:\/\/rubyskynews.com\/?s={search_term_string}"},"query-input":"required name=search_term_string"}],"inLanguage":"en-US"},{"@type":"Person","@id":"https:\/\/rubyskynews.com\/#\/schema\/person\/2bf02c24278f4ce807817c8f91add34d","name":"eurointern","image":{"@type":"ImageObject","inLanguage":"en-US","@id":"https:\/\/rubyskynews.com\/#\/schema\/person\/image\/","url":"https:\/\/secure.gravatar.com\/avatar\/4ba0ee69eda3e0c9ec9a3c49a6c7a82b?s=96&d=mm&r=g","contentUrl":"https:\/\/secure.gravatar.com\/avatar\/4ba0ee69eda3e0c9ec9a3c49a6c7a82b?s=96&d=mm&r=g","caption":"eurointern"},"sameAs":["http:\/\/rubyskynews.com"],"url":"https:\/\/rubyskynews.com\/index.php\/author\/eurointern28gmail-com\/"}]}},"_links":{"self":[{"href":"https:\/\/rubyskynews.com\/index.php\/wp-json\/wp\/v2\/posts\/27505"}],"collection":[{"href":"https:\/\/rubyskynews.com\/index.php\/wp-json\/wp\/v2\/posts"}],"about":[{"href":"https:\/\/rubyskynews.com\/index.php\/wp-json\/wp\/v2\/types\/post"}],"author":[{"embeddable":true,"href":"https:\/\/rubyskynews.com\/index.php\/wp-json\/wp\/v2\/users\/1"}],"replies":[{"embeddable":true,"href":"https:\/\/rubyskynews.com\/index.php\/wp-json\/wp\/v2\/comments?post=27505"}],"version-history":[{"count":0,"href":"https:\/\/rubyskynews.com\/index.php\/wp-json\/wp\/v2\/posts\/27505\/revisions"}],"wp:attachment":[{"href":"https:\/\/rubyskynews.com\/index.php\/wp-json\/wp\/v2\/media?parent=27505"}],"wp:term":[{"taxonomy":"category","embeddable":true,"href":"https:\/\/rubyskynews.com\/index.php\/wp-json\/wp\/v2\/categories?post=27505"},{"taxonomy":"post_tag","embeddable":true,"href":"https:\/\/rubyskynews.com\/index.php\/wp-json\/wp\/v2\/tags?post=27505"}],"curies":[{"name":"wp","href":"https:\/\/api.w.org\/{rel}","templated":true}]}}