{"id":27503,"date":"2011-03-01T11:07:00","date_gmt":"2011-03-01T11:07:00","guid":{"rendered":""},"modified":"2020-09-25T09:46:46","modified_gmt":"2020-09-25T09:46:46","slug":"politica-externa-olandeza-in-prima-2","status":"publish","type":"post","link":"https:\/\/rubyskynews.com\/index.php\/2011\/03\/01\/politica-externa-olandeza-in-prima-2\/","title":{"rendered":"Politica extern\u0103 olandez\u0103 \u00een prima jum\u0103tate a sec. al XVII-lea &#8211; \u00eenc. sec. al XIX-lea"},"content":{"rendered":"<div style=\"margin-top: 0px; margin-bottom: 0px;\" class=\"sharethis-inline-share-buttons\" ><\/div><div style=\"text-align: justify;\">La jumatatea sec XVII, Olanda s-a ciocnit de forta crescanda a Angliei.  In opozitie cu Olanda, a carei baza economica si forta politica se  spijinea pe comertul de transit, Anglia datora dezvoltarea comertului in  primul rand propriei sale productii industriale. Era clar c\u0103 \u00een lupta  ce a \u00eenceput \u00eentre cele 2 \u0163\u0103ri va \u00eenvinge acea \u0163ar\u0103 care va avea o  puternic\u0103 industrie proprie ca baz\u0103 a comer\u0163ului. Dupa biruinta  revolutiei engleze, concurenta comerciala dintre cele 2 tari burgheze se  acentueaza, \u201cActul de naviagatie\u201d(1651) dat de Cromwell a deschis  conflictul. Olanda, neputand admite sa se supuna prescriptiilor acestui  act, a inceput razboiul cu Anglia. In primul razboi(1652-1654), olanda a  fost invinsa. In urmatoarele 2 razboaie (1665-1667; 1672-1674) a fost  la fel invinsa. In al treilea razboi, olanda a trebuit sa lupte contra  coalitiei in care intrau Franta, Anglia, Suedia si cateva state germane.  Pacea cu Anglia s-a incheiat in 1674 la Dover, iar cu Franta in 1679 la  Nijmegen. Dupa izbucnirea revolutiei franceze, oligarhia olandeza a dus  o politica de apropiere cu puterile coalitiei anti-franceze. Franta a  declarat razboi Provinciilor Unite la 1 februarie 1793 si l-a impus pe  Wilhelm V sa emigreze in Anglia. \u201cPatrio\u0163ii\u201d care vin la putere \u00een mai  1795 vor declara crearea Rep Batava. Pacea semnata cu Franta a insemnat  de fapt o dependenta politica. Asa a inceput perioada dominatiei  franecze in Olanda, care a durat aproape 2 decenii. \u00cen per domina\u0163iei fr  a fost aprobat\u0103 constiti\u0163ia din 1798. \u00cen Rep a fost impus\u0103  administra\u0163ia centralizat\u0103 de tipul Directoratului,autonomia  provinciilor a fost anulat, lichidate privilegiile nobilimii. Reformele  progresiste au fost \u00eenso\u0163ite de un \u015fir de m\u0103suri anti-democratice li se  \u00eenf\u0103ptuiau \u00een condi\u0163iile unui amestec direct al FR \u00een treburile interne  ale \u0163\u0103rii. \u00cen iunie 1806 Rep Batav\u0103 a fost reorganizat\u0103 \u00een regatul  Olandez, \u00een frunte cu unul din fra\u0163ii lui Napoleon-Louis, Iar \u00een iulie  1810 Olanda a fost alipit\u0103 la Imp. FR. Economia Olandei a suferit mari  pierderi. Blocada continental\u0103 a d\u0103unat leg\u0103turilor comerciale. La 15  noiem 1813 domina\u0163ia francez\u0103 a fost r\u0103sturnat\u0103. Liderii orangi\u015ftilor au  beneficiat de aceast\u0103 situa\u0163ie \u015fi la tronul Olandei a urcat Wilhem de  Orania, fiul ultimului Stadhouder.<\/div>\n<div style=\"margin-top: 0px; margin-bottom: 0px;\" class=\"sharethis-inline-share-buttons\" ><\/div>","protected":false},"excerpt":{"rendered":"<p>La jumatatea sec XVII, Olanda s-a ciocnit de forta crescanda a Angliei. In opozitie cu Olanda, a carei baza economica si forta politica se spijinea pe comertul de transit, Anglia datora dezvoltarea comertului in primul rand propriei sale productii industriale. Era clar c\u0103 \u00een lupta ce a \u00eenceput \u00eentre cele 2 \u0163\u0103ri va \u00eenvinge acea [&hellip;]<\/p>\n","protected":false},"author":1,"featured_media":0,"comment_status":"open","ping_status":"closed","sticky":false,"template":"","format":"standard","meta":{"_monsterinsights_skip_tracking":false,"_monsterinsights_sitenote_active":false,"_monsterinsights_sitenote_note":"","_monsterinsights_sitenote_category":0,"footnotes":""},"categories":[1],"tags":[],"aioseo_notices":[],"yoast_head":"<!-- This site is optimized with the Yoast SEO plugin v21.1 - https:\/\/yoast.com\/wordpress\/plugins\/seo\/ -->\n<title>Politica extern\u0103 olandez\u0103 \u00een prima jum\u0103tate a sec. al XVII-lea - \u00eenc. sec. al XIX-lea - Jobs\/ Internships\/ Scholarships\/<\/title>\n<meta name=\"robots\" content=\"index, follow, max-snippet:-1, max-image-preview:large, max-video-preview:-1\" \/>\n<link rel=\"canonical\" href=\"https:\/\/rubyskynews.com\/index.php\/2011\/03\/01\/politica-externa-olandeza-in-prima-2\/\" \/>\n<meta property=\"og:locale\" content=\"en_US\" \/>\n<meta property=\"og:type\" content=\"article\" \/>\n<meta property=\"og:title\" content=\"Politica extern\u0103 olandez\u0103 \u00een prima jum\u0103tate a sec. al XVII-lea - \u00eenc. sec. al XIX-lea - Jobs\/ Internships\/ Scholarships\/\" \/>\n<meta property=\"og:description\" content=\"La jumatatea sec XVII, Olanda s-a ciocnit de forta crescanda a Angliei. In opozitie cu Olanda, a carei baza economica si forta politica se spijinea pe comertul de transit, Anglia datora dezvoltarea comertului in primul rand propriei sale productii industriale. Era clar c\u0103 \u00een lupta ce a \u00eenceput \u00eentre cele 2 \u0163\u0103ri va \u00eenvinge acea [&hellip;]\" \/>\n<meta property=\"og:url\" content=\"https:\/\/rubyskynews.com\/index.php\/2011\/03\/01\/politica-externa-olandeza-in-prima-2\/\" \/>\n<meta property=\"og:site_name\" content=\"Jobs\/ Internships\/ Scholarships\/\" \/>\n<meta property=\"article:published_time\" content=\"2011-03-01T11:07:00+00:00\" \/>\n<meta property=\"article:modified_time\" content=\"2020-09-25T09:46:46+00:00\" \/>\n<meta name=\"author\" content=\"eurointern\" \/>\n<meta name=\"twitter:card\" content=\"summary_large_image\" \/>\n<meta name=\"twitter:label1\" content=\"Written by\" \/>\n\t<meta name=\"twitter:data1\" content=\"eurointern\" \/>\n\t<meta name=\"twitter:label2\" content=\"Est. reading time\" \/>\n\t<meta name=\"twitter:data2\" content=\"2 minutes\" \/>\n<script type=\"application\/ld+json\" class=\"yoast-schema-graph\">{\"@context\":\"https:\/\/schema.org\",\"@graph\":[{\"@type\":\"WebPage\",\"@id\":\"https:\/\/rubyskynews.com\/index.php\/2011\/03\/01\/politica-externa-olandeza-in-prima-2\/\",\"url\":\"https:\/\/rubyskynews.com\/index.php\/2011\/03\/01\/politica-externa-olandeza-in-prima-2\/\",\"name\":\"Politica extern\u0103 olandez\u0103 \u00een prima jum\u0103tate a sec. al XVII-lea - \u00eenc. sec. al XIX-lea - Jobs\/ Internships\/ Scholarships\/\",\"isPartOf\":{\"@id\":\"https:\/\/rubyskynews.com\/#website\"},\"datePublished\":\"2011-03-01T11:07:00+00:00\",\"dateModified\":\"2020-09-25T09:46:46+00:00\",\"author\":{\"@id\":\"https:\/\/rubyskynews.com\/#\/schema\/person\/2bf02c24278f4ce807817c8f91add34d\"},\"breadcrumb\":{\"@id\":\"https:\/\/rubyskynews.com\/index.php\/2011\/03\/01\/politica-externa-olandeza-in-prima-2\/#breadcrumb\"},\"inLanguage\":\"en-US\",\"potentialAction\":[{\"@type\":\"ReadAction\",\"target\":[\"https:\/\/rubyskynews.com\/index.php\/2011\/03\/01\/politica-externa-olandeza-in-prima-2\/\"]}]},{\"@type\":\"BreadcrumbList\",\"@id\":\"https:\/\/rubyskynews.com\/index.php\/2011\/03\/01\/politica-externa-olandeza-in-prima-2\/#breadcrumb\",\"itemListElement\":[{\"@type\":\"ListItem\",\"position\":1,\"name\":\"Home\",\"item\":\"https:\/\/rubyskynews.com\/\"},{\"@type\":\"ListItem\",\"position\":2,\"name\":\"Politica extern\u0103 olandez\u0103 \u00een prima jum\u0103tate a sec. al XVII-lea &#8211; \u00eenc. sec. al XIX-lea\"}]},{\"@type\":\"WebSite\",\"@id\":\"https:\/\/rubyskynews.com\/#website\",\"url\":\"https:\/\/rubyskynews.com\/\",\"name\":\"Jobs\/ Internships\/ Scholarships\/\",\"description\":\"Internships\/ Scholarships\/  Grants\",\"potentialAction\":[{\"@type\":\"SearchAction\",\"target\":{\"@type\":\"EntryPoint\",\"urlTemplate\":\"https:\/\/rubyskynews.com\/?s={search_term_string}\"},\"query-input\":\"required name=search_term_string\"}],\"inLanguage\":\"en-US\"},{\"@type\":\"Person\",\"@id\":\"https:\/\/rubyskynews.com\/#\/schema\/person\/2bf02c24278f4ce807817c8f91add34d\",\"name\":\"eurointern\",\"image\":{\"@type\":\"ImageObject\",\"inLanguage\":\"en-US\",\"@id\":\"https:\/\/rubyskynews.com\/#\/schema\/person\/image\/\",\"url\":\"https:\/\/secure.gravatar.com\/avatar\/4ba0ee69eda3e0c9ec9a3c49a6c7a82b?s=96&d=mm&r=g\",\"contentUrl\":\"https:\/\/secure.gravatar.com\/avatar\/4ba0ee69eda3e0c9ec9a3c49a6c7a82b?s=96&d=mm&r=g\",\"caption\":\"eurointern\"},\"sameAs\":[\"http:\/\/rubyskynews.com\"],\"url\":\"https:\/\/rubyskynews.com\/index.php\/author\/eurointern28gmail-com\/\"}]}<\/script>\n<!-- \/ Yoast SEO plugin. -->","yoast_head_json":{"title":"Politica extern\u0103 olandez\u0103 \u00een prima jum\u0103tate a sec. al XVII-lea - \u00eenc. sec. al XIX-lea - Jobs\/ Internships\/ Scholarships\/","robots":{"index":"index","follow":"follow","max-snippet":"max-snippet:-1","max-image-preview":"max-image-preview:large","max-video-preview":"max-video-preview:-1"},"canonical":"https:\/\/rubyskynews.com\/index.php\/2011\/03\/01\/politica-externa-olandeza-in-prima-2\/","og_locale":"en_US","og_type":"article","og_title":"Politica extern\u0103 olandez\u0103 \u00een prima jum\u0103tate a sec. al XVII-lea - \u00eenc. sec. al XIX-lea - Jobs\/ Internships\/ Scholarships\/","og_description":"La jumatatea sec XVII, Olanda s-a ciocnit de forta crescanda a Angliei. In opozitie cu Olanda, a carei baza economica si forta politica se spijinea pe comertul de transit, Anglia datora dezvoltarea comertului in primul rand propriei sale productii industriale. Era clar c\u0103 \u00een lupta ce a \u00eenceput \u00eentre cele 2 \u0163\u0103ri va \u00eenvinge acea [&hellip;]","og_url":"https:\/\/rubyskynews.com\/index.php\/2011\/03\/01\/politica-externa-olandeza-in-prima-2\/","og_site_name":"Jobs\/ Internships\/ Scholarships\/","article_published_time":"2011-03-01T11:07:00+00:00","article_modified_time":"2020-09-25T09:46:46+00:00","author":"eurointern","twitter_card":"summary_large_image","twitter_misc":{"Written by":"eurointern","Est. reading time":"2 minutes"},"schema":{"@context":"https:\/\/schema.org","@graph":[{"@type":"WebPage","@id":"https:\/\/rubyskynews.com\/index.php\/2011\/03\/01\/politica-externa-olandeza-in-prima-2\/","url":"https:\/\/rubyskynews.com\/index.php\/2011\/03\/01\/politica-externa-olandeza-in-prima-2\/","name":"Politica extern\u0103 olandez\u0103 \u00een prima jum\u0103tate a sec. al XVII-lea - \u00eenc. sec. al XIX-lea - Jobs\/ Internships\/ Scholarships\/","isPartOf":{"@id":"https:\/\/rubyskynews.com\/#website"},"datePublished":"2011-03-01T11:07:00+00:00","dateModified":"2020-09-25T09:46:46+00:00","author":{"@id":"https:\/\/rubyskynews.com\/#\/schema\/person\/2bf02c24278f4ce807817c8f91add34d"},"breadcrumb":{"@id":"https:\/\/rubyskynews.com\/index.php\/2011\/03\/01\/politica-externa-olandeza-in-prima-2\/#breadcrumb"},"inLanguage":"en-US","potentialAction":[{"@type":"ReadAction","target":["https:\/\/rubyskynews.com\/index.php\/2011\/03\/01\/politica-externa-olandeza-in-prima-2\/"]}]},{"@type":"BreadcrumbList","@id":"https:\/\/rubyskynews.com\/index.php\/2011\/03\/01\/politica-externa-olandeza-in-prima-2\/#breadcrumb","itemListElement":[{"@type":"ListItem","position":1,"name":"Home","item":"https:\/\/rubyskynews.com\/"},{"@type":"ListItem","position":2,"name":"Politica extern\u0103 olandez\u0103 \u00een prima jum\u0103tate a sec. al XVII-lea &#8211; \u00eenc. sec. al XIX-lea"}]},{"@type":"WebSite","@id":"https:\/\/rubyskynews.com\/#website","url":"https:\/\/rubyskynews.com\/","name":"Jobs\/ Internships\/ Scholarships\/","description":"Internships\/ Scholarships\/  Grants","potentialAction":[{"@type":"SearchAction","target":{"@type":"EntryPoint","urlTemplate":"https:\/\/rubyskynews.com\/?s={search_term_string}"},"query-input":"required name=search_term_string"}],"inLanguage":"en-US"},{"@type":"Person","@id":"https:\/\/rubyskynews.com\/#\/schema\/person\/2bf02c24278f4ce807817c8f91add34d","name":"eurointern","image":{"@type":"ImageObject","inLanguage":"en-US","@id":"https:\/\/rubyskynews.com\/#\/schema\/person\/image\/","url":"https:\/\/secure.gravatar.com\/avatar\/4ba0ee69eda3e0c9ec9a3c49a6c7a82b?s=96&d=mm&r=g","contentUrl":"https:\/\/secure.gravatar.com\/avatar\/4ba0ee69eda3e0c9ec9a3c49a6c7a82b?s=96&d=mm&r=g","caption":"eurointern"},"sameAs":["http:\/\/rubyskynews.com"],"url":"https:\/\/rubyskynews.com\/index.php\/author\/eurointern28gmail-com\/"}]}},"_links":{"self":[{"href":"https:\/\/rubyskynews.com\/index.php\/wp-json\/wp\/v2\/posts\/27503"}],"collection":[{"href":"https:\/\/rubyskynews.com\/index.php\/wp-json\/wp\/v2\/posts"}],"about":[{"href":"https:\/\/rubyskynews.com\/index.php\/wp-json\/wp\/v2\/types\/post"}],"author":[{"embeddable":true,"href":"https:\/\/rubyskynews.com\/index.php\/wp-json\/wp\/v2\/users\/1"}],"replies":[{"embeddable":true,"href":"https:\/\/rubyskynews.com\/index.php\/wp-json\/wp\/v2\/comments?post=27503"}],"version-history":[{"count":0,"href":"https:\/\/rubyskynews.com\/index.php\/wp-json\/wp\/v2\/posts\/27503\/revisions"}],"wp:attachment":[{"href":"https:\/\/rubyskynews.com\/index.php\/wp-json\/wp\/v2\/media?parent=27503"}],"wp:term":[{"taxonomy":"category","embeddable":true,"href":"https:\/\/rubyskynews.com\/index.php\/wp-json\/wp\/v2\/categories?post=27503"},{"taxonomy":"post_tag","embeddable":true,"href":"https:\/\/rubyskynews.com\/index.php\/wp-json\/wp\/v2\/tags?post=27503"}],"curies":[{"name":"wp","href":"https:\/\/api.w.org\/{rel}","templated":true}]}}