{"id":27501,"date":"2011-03-01T11:08:00","date_gmt":"2011-03-01T11:08:00","guid":{"rendered":""},"modified":"2020-09-25T09:46:46","modified_gmt":"2020-09-25T09:46:46","slug":"lupta-politica-in-franta-la-sfirsitul-2","status":"publish","type":"post","link":"https:\/\/rubyskynews.com\/index.php\/2011\/03\/01\/lupta-politica-in-franta-la-sfirsitul-2\/","title":{"rendered":"Lupta politic\u0103 \u00een Fran\u0163a la sf\u00eer\u015fitul sec. al XIX-lea &#8211; \u00eenceputul sec. XX."},"content":{"rendered":"<div style=\"margin-top: 0px; margin-bottom: 0px;\" class=\"sharethis-inline-share-buttons\" ><\/div><div class=\"MsoNormal\" style=\"line-height: 150%; text-align: justify;\">La  sf.\u201d80 ai sec 19,Franta va trece printr-o criza pol.Este vorba de criza  boolanger.In urma acestei crize monarhi\u015ftii doreau s\u0103 profite de acest  \u015foc ca s\u0103 restaureze monarhia \u00een Fran\u0163a \u00een-s\u0103 din nefericire pentru ei ,  exista o problem\u0103 : societatea nu privea cu ochi buni aceasta av\u00e2nd o  experien\u0163\u0103 nepl\u0103cut\u0103 din ultimii ani de monarhie. Astfel aceast\u0103  do-rin\u0163\u0103 a monarhi\u015ftilor p\u0103rea s\u0103 fie doar un vis nerealizabil. Situa\u0163ia  republicanilor burghezi, s-a \u00eembun\u0103t\u0103\u0163it pu\u0163in chiar dac\u0103 ei erau  recunoscu\u015fi ca ni\u015fte tr\u0103d\u0103tori \u015fi frico\u015fi. Destul de mult au avut de  suferit radicalii deoarece ei au fost cei ce purtau r\u0103spunderea de  \u00eenaintarea lui Boulanger , \u00eens\u0103 la ei nu a fost cel mai dificil tablou  politic , cel mai mul r\u0103m\u00e2n\u00e2nd s\u0103 sufere reprezentan\u0163ii partidului lui  Boulanger. \u00cen anii 1887-1889 <a href=\"\" name=\"more\"><\/a>ace\u015ftia erau o mare  for\u0163\u0103 politic\u0103 \u00eens\u0103 dup\u0103 ,,fuga for\u0163at\u0103\u2019\u2019 a generalului Boulanger \u00een  Belgia, partidul s-a destr\u0103mat \u015fi n-a mai continuat s\u0103 mai existe. Unica  clas\u0103 politic\u0103 ce \u015fi-a \u00eent\u0103rit pozi\u0163iile \u00een urma acestei crize au fost  proletarii \u015fi sociali\u015ftii care au reu\u015fit s\u0103-\u015fi extind\u0103 \u015fi s\u0103-\u015fi m\u0103reasc\u0103  influen\u0163a.Acest succes ca-re a venit pe nea\u015fteptate s-a datorat  faptului c\u0103 ace\u015ftia nu s-au implicat activ \u00een po-litic\u0103 , astfel au  evitat s\u0103 fac\u0103 pa\u015fii gre\u015fi\u0163i pe care i-au f\u0103cut radicalii \u015fi adep\u0163ii lui  Boulanger . O mare parte din popula\u0163ia lucr\u0103toare care-i sus\u0163ineau pe  radicali , acum au trecut de partea sociali\u015ftilor , iar la 1mai 1890  pentru prima dat\u0103 s-a organizat demonstra\u0163ii ale lucr\u0103torilor. In 1902  la put.se aflau radicalii care s-au bucurat de putere pina in 1912,in  primul decen.al sec 20,radicalii au fost cel mai influent partid din  Franta.Ei erau contra clericilor.In parlament ei duceau o politica atfel  incit sa atraga de partea sa clasa lucratorilor.Radicalii care in  1902-1906 erau condusi de Comba au incep.o lupta import.  Clericilor.Biserica a fost divizata de stat in 3 etape:<\/div>\n<p><\/p>\n<div class=\"MsoNormal\" style=\"line-height: 150%; text-align: justify;\">1.interzicerea uniunilor religioase<\/div>\n<p><\/p>\n<div class=\"MsoNormal\" style=\"line-height: 150%; text-align: justify;\">2.separarea scolilor de biserica<\/div>\n<p><\/p>\n<div class=\"MsoNormal\" style=\"line-height: 150%; text-align: justify;\">3.separarea bisericii de stat<\/div>\n<p><\/p>\n<div class=\"MsoNormal\" style=\"line-height: 150%; text-align: justify;\">In  1906,in fruntea cabinet.de minis.a fost Clemanso care mergea spre  intarirea rel.cu Rusia.De asemena el era p\/u p\u0103srarea confedera\u0163iei  muncii(1907). Dup\u0103 1909 ace\u015ftea au \u00eenceput s\u0103-\u015fi piard\u0103 pozi\u0163iile.In  timp de 3 ani s+au schimbat 11 conducatori.La alegerile din 1912 au  cistigat republicanii moderati.<\/div>\n<div style=\"margin-top: 0px; margin-bottom: 0px;\" class=\"sharethis-inline-share-buttons\" ><\/div>","protected":false},"excerpt":{"rendered":"<p>La sf.\u201d80 ai sec 19,Franta va trece printr-o criza pol.Este vorba de criza boolanger.In urma acestei crize monarhi\u015ftii doreau s\u0103 profite de acest \u015foc ca s\u0103 restaureze monarhia \u00een Fran\u0163a \u00een-s\u0103 din nefericire pentru ei , exista o problem\u0103 : societatea nu privea cu ochi buni aceasta av\u00e2nd o experien\u0163\u0103 nepl\u0103cut\u0103 din ultimii ani de [&hellip;]<\/p>\n","protected":false},"author":1,"featured_media":0,"comment_status":"open","ping_status":"closed","sticky":false,"template":"","format":"standard","meta":{"_monsterinsights_skip_tracking":false,"_monsterinsights_sitenote_active":false,"_monsterinsights_sitenote_note":"","_monsterinsights_sitenote_category":0,"footnotes":""},"categories":[1],"tags":[],"aioseo_notices":[],"yoast_head":"<!-- This site is optimized with the Yoast SEO plugin v21.1 - https:\/\/yoast.com\/wordpress\/plugins\/seo\/ -->\n<title>Lupta politic\u0103 \u00een Fran\u0163a la sf\u00eer\u015fitul sec. al XIX-lea - \u00eenceputul sec. XX. - Jobs\/ Internships\/ Scholarships\/<\/title>\n<meta name=\"robots\" content=\"index, follow, max-snippet:-1, max-image-preview:large, max-video-preview:-1\" \/>\n<link rel=\"canonical\" href=\"https:\/\/rubyskynews.com\/index.php\/2011\/03\/01\/lupta-politica-in-franta-la-sfirsitul-2\/\" \/>\n<meta property=\"og:locale\" content=\"en_US\" \/>\n<meta property=\"og:type\" content=\"article\" \/>\n<meta property=\"og:title\" content=\"Lupta politic\u0103 \u00een Fran\u0163a la sf\u00eer\u015fitul sec. al XIX-lea - \u00eenceputul sec. XX. - Jobs\/ Internships\/ Scholarships\/\" \/>\n<meta property=\"og:description\" content=\"La sf.\u201d80 ai sec 19,Franta va trece printr-o criza pol.Este vorba de criza boolanger.In urma acestei crize monarhi\u015ftii doreau s\u0103 profite de acest \u015foc ca s\u0103 restaureze monarhia \u00een Fran\u0163a \u00een-s\u0103 din nefericire pentru ei , exista o problem\u0103 : societatea nu privea cu ochi buni aceasta av\u00e2nd o experien\u0163\u0103 nepl\u0103cut\u0103 din ultimii ani de [&hellip;]\" \/>\n<meta property=\"og:url\" content=\"https:\/\/rubyskynews.com\/index.php\/2011\/03\/01\/lupta-politica-in-franta-la-sfirsitul-2\/\" \/>\n<meta property=\"og:site_name\" content=\"Jobs\/ Internships\/ Scholarships\/\" \/>\n<meta property=\"article:published_time\" content=\"2011-03-01T11:08:00+00:00\" \/>\n<meta property=\"article:modified_time\" content=\"2020-09-25T09:46:46+00:00\" \/>\n<meta name=\"author\" content=\"eurointern\" \/>\n<meta name=\"twitter:card\" content=\"summary_large_image\" \/>\n<meta name=\"twitter:label1\" content=\"Written by\" \/>\n\t<meta name=\"twitter:data1\" content=\"eurointern\" \/>\n\t<meta name=\"twitter:label2\" content=\"Est. reading time\" \/>\n\t<meta name=\"twitter:data2\" content=\"2 minutes\" \/>\n<script type=\"application\/ld+json\" class=\"yoast-schema-graph\">{\"@context\":\"https:\/\/schema.org\",\"@graph\":[{\"@type\":\"WebPage\",\"@id\":\"https:\/\/rubyskynews.com\/index.php\/2011\/03\/01\/lupta-politica-in-franta-la-sfirsitul-2\/\",\"url\":\"https:\/\/rubyskynews.com\/index.php\/2011\/03\/01\/lupta-politica-in-franta-la-sfirsitul-2\/\",\"name\":\"Lupta politic\u0103 \u00een Fran\u0163a la sf\u00eer\u015fitul sec. al XIX-lea - \u00eenceputul sec. XX. - Jobs\/ Internships\/ Scholarships\/\",\"isPartOf\":{\"@id\":\"https:\/\/rubyskynews.com\/#website\"},\"datePublished\":\"2011-03-01T11:08:00+00:00\",\"dateModified\":\"2020-09-25T09:46:46+00:00\",\"author\":{\"@id\":\"https:\/\/rubyskynews.com\/#\/schema\/person\/2bf02c24278f4ce807817c8f91add34d\"},\"breadcrumb\":{\"@id\":\"https:\/\/rubyskynews.com\/index.php\/2011\/03\/01\/lupta-politica-in-franta-la-sfirsitul-2\/#breadcrumb\"},\"inLanguage\":\"en-US\",\"potentialAction\":[{\"@type\":\"ReadAction\",\"target\":[\"https:\/\/rubyskynews.com\/index.php\/2011\/03\/01\/lupta-politica-in-franta-la-sfirsitul-2\/\"]}]},{\"@type\":\"BreadcrumbList\",\"@id\":\"https:\/\/rubyskynews.com\/index.php\/2011\/03\/01\/lupta-politica-in-franta-la-sfirsitul-2\/#breadcrumb\",\"itemListElement\":[{\"@type\":\"ListItem\",\"position\":1,\"name\":\"Home\",\"item\":\"https:\/\/rubyskynews.com\/\"},{\"@type\":\"ListItem\",\"position\":2,\"name\":\"Lupta politic\u0103 \u00een Fran\u0163a la sf\u00eer\u015fitul sec. al XIX-lea &#8211; \u00eenceputul sec. XX.\"}]},{\"@type\":\"WebSite\",\"@id\":\"https:\/\/rubyskynews.com\/#website\",\"url\":\"https:\/\/rubyskynews.com\/\",\"name\":\"Jobs\/ Internships\/ Scholarships\/\",\"description\":\"Internships\/ Scholarships\/  Grants\",\"potentialAction\":[{\"@type\":\"SearchAction\",\"target\":{\"@type\":\"EntryPoint\",\"urlTemplate\":\"https:\/\/rubyskynews.com\/?s={search_term_string}\"},\"query-input\":\"required name=search_term_string\"}],\"inLanguage\":\"en-US\"},{\"@type\":\"Person\",\"@id\":\"https:\/\/rubyskynews.com\/#\/schema\/person\/2bf02c24278f4ce807817c8f91add34d\",\"name\":\"eurointern\",\"image\":{\"@type\":\"ImageObject\",\"inLanguage\":\"en-US\",\"@id\":\"https:\/\/rubyskynews.com\/#\/schema\/person\/image\/\",\"url\":\"https:\/\/secure.gravatar.com\/avatar\/4ba0ee69eda3e0c9ec9a3c49a6c7a82b?s=96&d=mm&r=g\",\"contentUrl\":\"https:\/\/secure.gravatar.com\/avatar\/4ba0ee69eda3e0c9ec9a3c49a6c7a82b?s=96&d=mm&r=g\",\"caption\":\"eurointern\"},\"sameAs\":[\"http:\/\/rubyskynews.com\"],\"url\":\"https:\/\/rubyskynews.com\/index.php\/author\/eurointern28gmail-com\/\"}]}<\/script>\n<!-- \/ Yoast SEO plugin. -->","yoast_head_json":{"title":"Lupta politic\u0103 \u00een Fran\u0163a la sf\u00eer\u015fitul sec. al XIX-lea - \u00eenceputul sec. XX. - Jobs\/ Internships\/ Scholarships\/","robots":{"index":"index","follow":"follow","max-snippet":"max-snippet:-1","max-image-preview":"max-image-preview:large","max-video-preview":"max-video-preview:-1"},"canonical":"https:\/\/rubyskynews.com\/index.php\/2011\/03\/01\/lupta-politica-in-franta-la-sfirsitul-2\/","og_locale":"en_US","og_type":"article","og_title":"Lupta politic\u0103 \u00een Fran\u0163a la sf\u00eer\u015fitul sec. al XIX-lea - \u00eenceputul sec. XX. - Jobs\/ Internships\/ Scholarships\/","og_description":"La sf.\u201d80 ai sec 19,Franta va trece printr-o criza pol.Este vorba de criza boolanger.In urma acestei crize monarhi\u015ftii doreau s\u0103 profite de acest \u015foc ca s\u0103 restaureze monarhia \u00een Fran\u0163a \u00een-s\u0103 din nefericire pentru ei , exista o problem\u0103 : societatea nu privea cu ochi buni aceasta av\u00e2nd o experien\u0163\u0103 nepl\u0103cut\u0103 din ultimii ani de [&hellip;]","og_url":"https:\/\/rubyskynews.com\/index.php\/2011\/03\/01\/lupta-politica-in-franta-la-sfirsitul-2\/","og_site_name":"Jobs\/ Internships\/ Scholarships\/","article_published_time":"2011-03-01T11:08:00+00:00","article_modified_time":"2020-09-25T09:46:46+00:00","author":"eurointern","twitter_card":"summary_large_image","twitter_misc":{"Written by":"eurointern","Est. reading time":"2 minutes"},"schema":{"@context":"https:\/\/schema.org","@graph":[{"@type":"WebPage","@id":"https:\/\/rubyskynews.com\/index.php\/2011\/03\/01\/lupta-politica-in-franta-la-sfirsitul-2\/","url":"https:\/\/rubyskynews.com\/index.php\/2011\/03\/01\/lupta-politica-in-franta-la-sfirsitul-2\/","name":"Lupta politic\u0103 \u00een Fran\u0163a la sf\u00eer\u015fitul sec. al XIX-lea - \u00eenceputul sec. XX. - Jobs\/ Internships\/ Scholarships\/","isPartOf":{"@id":"https:\/\/rubyskynews.com\/#website"},"datePublished":"2011-03-01T11:08:00+00:00","dateModified":"2020-09-25T09:46:46+00:00","author":{"@id":"https:\/\/rubyskynews.com\/#\/schema\/person\/2bf02c24278f4ce807817c8f91add34d"},"breadcrumb":{"@id":"https:\/\/rubyskynews.com\/index.php\/2011\/03\/01\/lupta-politica-in-franta-la-sfirsitul-2\/#breadcrumb"},"inLanguage":"en-US","potentialAction":[{"@type":"ReadAction","target":["https:\/\/rubyskynews.com\/index.php\/2011\/03\/01\/lupta-politica-in-franta-la-sfirsitul-2\/"]}]},{"@type":"BreadcrumbList","@id":"https:\/\/rubyskynews.com\/index.php\/2011\/03\/01\/lupta-politica-in-franta-la-sfirsitul-2\/#breadcrumb","itemListElement":[{"@type":"ListItem","position":1,"name":"Home","item":"https:\/\/rubyskynews.com\/"},{"@type":"ListItem","position":2,"name":"Lupta politic\u0103 \u00een Fran\u0163a la sf\u00eer\u015fitul sec. al XIX-lea &#8211; \u00eenceputul sec. XX."}]},{"@type":"WebSite","@id":"https:\/\/rubyskynews.com\/#website","url":"https:\/\/rubyskynews.com\/","name":"Jobs\/ Internships\/ Scholarships\/","description":"Internships\/ Scholarships\/  Grants","potentialAction":[{"@type":"SearchAction","target":{"@type":"EntryPoint","urlTemplate":"https:\/\/rubyskynews.com\/?s={search_term_string}"},"query-input":"required name=search_term_string"}],"inLanguage":"en-US"},{"@type":"Person","@id":"https:\/\/rubyskynews.com\/#\/schema\/person\/2bf02c24278f4ce807817c8f91add34d","name":"eurointern","image":{"@type":"ImageObject","inLanguage":"en-US","@id":"https:\/\/rubyskynews.com\/#\/schema\/person\/image\/","url":"https:\/\/secure.gravatar.com\/avatar\/4ba0ee69eda3e0c9ec9a3c49a6c7a82b?s=96&d=mm&r=g","contentUrl":"https:\/\/secure.gravatar.com\/avatar\/4ba0ee69eda3e0c9ec9a3c49a6c7a82b?s=96&d=mm&r=g","caption":"eurointern"},"sameAs":["http:\/\/rubyskynews.com"],"url":"https:\/\/rubyskynews.com\/index.php\/author\/eurointern28gmail-com\/"}]}},"_links":{"self":[{"href":"https:\/\/rubyskynews.com\/index.php\/wp-json\/wp\/v2\/posts\/27501"}],"collection":[{"href":"https:\/\/rubyskynews.com\/index.php\/wp-json\/wp\/v2\/posts"}],"about":[{"href":"https:\/\/rubyskynews.com\/index.php\/wp-json\/wp\/v2\/types\/post"}],"author":[{"embeddable":true,"href":"https:\/\/rubyskynews.com\/index.php\/wp-json\/wp\/v2\/users\/1"}],"replies":[{"embeddable":true,"href":"https:\/\/rubyskynews.com\/index.php\/wp-json\/wp\/v2\/comments?post=27501"}],"version-history":[{"count":0,"href":"https:\/\/rubyskynews.com\/index.php\/wp-json\/wp\/v2\/posts\/27501\/revisions"}],"wp:attachment":[{"href":"https:\/\/rubyskynews.com\/index.php\/wp-json\/wp\/v2\/media?parent=27501"}],"wp:term":[{"taxonomy":"category","embeddable":true,"href":"https:\/\/rubyskynews.com\/index.php\/wp-json\/wp\/v2\/categories?post=27501"},{"taxonomy":"post_tag","embeddable":true,"href":"https:\/\/rubyskynews.com\/index.php\/wp-json\/wp\/v2\/tags?post=27501"}],"curies":[{"name":"wp","href":"https:\/\/api.w.org\/{rel}","templated":true}]}}