{"id":27497,"date":"2011-03-01T11:09:00","date_gmt":"2011-03-01T11:09:00","guid":{"rendered":""},"modified":"2020-09-25T09:46:46","modified_gmt":"2020-09-25T09:46:46","slug":"razboiul-franco-german-si-consecintele-2","status":"publish","type":"post","link":"https:\/\/rubyskynews.com\/index.php\/2011\/03\/01\/razboiul-franco-german-si-consecintele-2\/","title":{"rendered":"R\u0103zboiul franco-german \u015fi consecin\u0163ele lui pentru Fran\u0163a. Constitu\u0163ia din 1875."},"content":{"rendered":"<div style=\"margin-top: 0px; margin-bottom: 0px;\" class=\"sharethis-inline-share-buttons\" ><\/div><div style=\"text-align: justify;\">Ultimul sfert al sec al XIX se caracterizeaza printr-o serie de momente  esentiale in structura statala si in sistemul de drept.Revolutia din 18  martie 1871 a fost precedata de razboiul Frantei cu Prusia si aliatii  acestia, de revolutia burghezo-democratica din Franta.La 19 iulie 1870  guvernul lui Napoleon III, aflat la conducerea celui deal II imperiu din  Franta, declara razboi Prusiei. Cercurile guvernante franceza aspirau  la infrangerea Prusiei si distrugerea Confederatiei germane de Nord.  Tentativele lui Napoleon III a zadarnicit incheierea procesului de  unificare a Germaniei au provocat nemultumiri generale in intreaga tara,  Prusia cancelarului Bismark avea de gand ca sa duca la bun sfarsit  procesul de unificare a Germaniei. Planurile sale prevedeau fefuirea  Frantei si cotropirea unei portiuni din teritoriul acestia. Trupele  unite ale statelor <a href=\"\" name=\"more\"><\/a>germane au demonstrat o buna  pregatire militara. In timpul luptelor initiativa afost preluata de  armatele germane si la 2 sept 1870 langfa Sedan armatele franceze au  capitulat.Vestea catasrofei la Sedan a provocat la Paris, revolta  intregului popor. La 4 sept mii de partizani au iesit pe strazile  capitalei, cerand instaurarea republicii si asigurarea apararii patriei.  Franta a fost declarata republica. Cea dea 4 revolutie in Franta sa  terminat cu formarea unui guvern provizoriu care s-a proclamat guvern\u201c  al apararii nationale\u201d. Majoritatea guvernantilor , fara stirea  poporului , incerca sa incheie pace cat mai repede cu Germania.  Profitand de situatie , prusacii au patruns in adancul Frantei si, in a  doua jum a lunii sept inamicul a incercuit Parisul cu o armata de 230  000 soldati. Guvernul pe ascuns incerca sa duca tratative cu Bismark. La  sf lunii ianuarie 1871 Franta soi Germania au incheiat un armistitiu  iar apoi un tratat de pace.Franta a consimtit sa cedeze Gemaniei Alsacia  si Lorena de est si sa-I plateasca o contributie de 5 miliarde de  franci aur. In aceste conditii cercurile conducatoare franceze au  organizat alegeri rapide in Adunarea nationala, in rezultatul carora  monarhistii au reusit sasi instaleze majoritatea in Adunarea nationala.  ei au frmat un guvern reactionar in frunte cu Tier. Unitatile militare  au ales Comitetul Central al Grzii nationale. Revolta, provocata de  actiunile guvernului s-a transformat de aceasta data in racsoala  populara. Garda nationala a zdrobit jandarmeria trimisa contra oamenilor  din cartierele muncitoresti si au ocupat edificiile institutiilor de  stat, garzile, cazarmale etc. Pe la amiaza intreaga putere s-a  concentrat in mainile Comitetului Central al garzii Nationale. Tier si  ministrii sai, cei mai importanti functionari, politisti, multi  bogatasi, aristocrati au fugit din Paris la Versaiilles, unde isi  desfasura pe atunci sdintela Adunarea Nationala, Aceeasi directie au  cunoscut si unitatile armatei regulate. Muncitorii au fost delagati in  diverse ministere si departamente pt realizarea conducerii si  controlului. ;La 26 martie au avut loc alegerile generale, directe ale  membrilor Consiliului Comunei din Paris care exercita functia de guvern  revolutionar al Frantei, creind un aparat de stat de tip nou..Comuna a  declarat desfiintarea armatei vechi si a anuntat inarmarea generala a  poporului. Situatia pol din Franta dupa caderea Comunei se  caracterizeaza nu numai printr-o teroare crunta de comunarzi ci si  printro reactie in toate directiile. In august 1871 a inceput dizolvarea  garzii nationale, iar in 1872 a fost adoptata Legea, conform careia se  restabilea armata permanaenta, bazata pe principiul universal al  serviciului militar..Adunarea Nationala prin legea din 31 august 1871  si-a atribuit functii instituitive. Situatia politica arhicomplicata din  Franta a impus Adunarea nationala sa-l desemneze pe Tier drept sef al  puterii executive, cu titlul\u201dPresedinte al Republicii\u201d.Practic, Franta  reprezenta o \u201crepublica fara republicani\u201d, caci primii presedinti (Tier,  iar mai apoi din 1873 Mac-Magon), erau monarhisti convinsi..Exercitand  in primii ani conducerea Republicii a III , monarhistii in fond, nu au  reusit sa distruga oranduirea republicana. Anume in aceste conditii ale  anului 1875, Adunarea Constitutionala, a adoptat Constitutia republicii,  a treia, conform careia Franta continua sa ramana republica.Adunarea  constituanta nu vota nici o lege, care continea cuvantul republica.  Insa, republicanul,A.Vallon a dat citire de la tribuna Adunarii  Constituante:\u201dPresedintele se allege de ambele camere ale  parlamentului\u201d. Spre deosebire de constitutiile precedente franceze , in  constitutia republicii III lipsea Declaratia care ar fi reflectat  principiile puterii de stat sau drepturile si libertatile  cetatenilor.Adunarea Constituanta isi propunea sa creeze un system de  organe statale, care erau proprii monarhiei.. Dovada, alegerea  presedintelui Republicii pe un termen de 7 ani, cu dreptul de afi  reales.Presedintele dispunea de dreptul la initiative legislative ,  promulga legile si supraveghea executarea lor.Presedintele era  comandantul fortelor armate, desemna in functiile militare si civile,  avea dreptul de gratiere etc.Insa puterea reala era exercitata de  guvern.Puterea legislativa apartinea Camerei Deputatilor, aleasa pe un  termen de 4 ani prin vot general, si Senatului, compus din 75 senatori  pe viata si 225 senatori, alesi indirect.Constitutia prevedea crearea  Consiliului de Ministri.<\/div>\n<div style=\"margin-top: 0px; margin-bottom: 0px;\" class=\"sharethis-inline-share-buttons\" ><\/div>","protected":false},"excerpt":{"rendered":"<p>Ultimul sfert al sec al XIX se caracterizeaza printr-o serie de momente esentiale in structura statala si in sistemul de drept.Revolutia din 18 martie 1871 a fost precedata de razboiul Frantei cu Prusia si aliatii acestia, de revolutia burghezo-democratica din Franta.La 19 iulie 1870 guvernul lui Napoleon III, aflat la conducerea celui deal II imperiu [&hellip;]<\/p>\n","protected":false},"author":1,"featured_media":0,"comment_status":"open","ping_status":"closed","sticky":false,"template":"","format":"standard","meta":{"_monsterinsights_skip_tracking":false,"_monsterinsights_sitenote_active":false,"_monsterinsights_sitenote_note":"","_monsterinsights_sitenote_category":0,"footnotes":""},"categories":[1],"tags":[],"aioseo_notices":[],"yoast_head":"<!-- This site is optimized with the Yoast SEO plugin v21.1 - https:\/\/yoast.com\/wordpress\/plugins\/seo\/ -->\n<title>R\u0103zboiul franco-german \u015fi consecin\u0163ele lui pentru Fran\u0163a. Constitu\u0163ia din 1875. - Jobs\/ Internships\/ Scholarships\/<\/title>\n<meta name=\"robots\" content=\"index, follow, max-snippet:-1, max-image-preview:large, max-video-preview:-1\" \/>\n<link rel=\"canonical\" href=\"https:\/\/rubyskynews.com\/index.php\/2011\/03\/01\/razboiul-franco-german-si-consecintele-2\/\" \/>\n<meta property=\"og:locale\" content=\"en_US\" \/>\n<meta property=\"og:type\" content=\"article\" \/>\n<meta property=\"og:title\" content=\"R\u0103zboiul franco-german \u015fi consecin\u0163ele lui pentru Fran\u0163a. Constitu\u0163ia din 1875. - Jobs\/ Internships\/ Scholarships\/\" \/>\n<meta property=\"og:description\" content=\"Ultimul sfert al sec al XIX se caracterizeaza printr-o serie de momente esentiale in structura statala si in sistemul de drept.Revolutia din 18 martie 1871 a fost precedata de razboiul Frantei cu Prusia si aliatii acestia, de revolutia burghezo-democratica din Franta.La 19 iulie 1870 guvernul lui Napoleon III, aflat la conducerea celui deal II imperiu [&hellip;]\" \/>\n<meta property=\"og:url\" content=\"https:\/\/rubyskynews.com\/index.php\/2011\/03\/01\/razboiul-franco-german-si-consecintele-2\/\" \/>\n<meta property=\"og:site_name\" content=\"Jobs\/ Internships\/ Scholarships\/\" \/>\n<meta property=\"article:published_time\" content=\"2011-03-01T11:09:00+00:00\" \/>\n<meta property=\"article:modified_time\" content=\"2020-09-25T09:46:46+00:00\" \/>\n<meta name=\"author\" content=\"eurointern\" \/>\n<meta name=\"twitter:card\" content=\"summary_large_image\" \/>\n<meta name=\"twitter:label1\" content=\"Written by\" \/>\n\t<meta name=\"twitter:data1\" content=\"eurointern\" \/>\n\t<meta name=\"twitter:label2\" content=\"Est. reading time\" \/>\n\t<meta name=\"twitter:data2\" content=\"4 minutes\" \/>\n<script type=\"application\/ld+json\" class=\"yoast-schema-graph\">{\"@context\":\"https:\/\/schema.org\",\"@graph\":[{\"@type\":\"WebPage\",\"@id\":\"https:\/\/rubyskynews.com\/index.php\/2011\/03\/01\/razboiul-franco-german-si-consecintele-2\/\",\"url\":\"https:\/\/rubyskynews.com\/index.php\/2011\/03\/01\/razboiul-franco-german-si-consecintele-2\/\",\"name\":\"R\u0103zboiul franco-german \u015fi consecin\u0163ele lui pentru Fran\u0163a. Constitu\u0163ia din 1875. - Jobs\/ Internships\/ Scholarships\/\",\"isPartOf\":{\"@id\":\"https:\/\/rubyskynews.com\/#website\"},\"datePublished\":\"2011-03-01T11:09:00+00:00\",\"dateModified\":\"2020-09-25T09:46:46+00:00\",\"author\":{\"@id\":\"https:\/\/rubyskynews.com\/#\/schema\/person\/2bf02c24278f4ce807817c8f91add34d\"},\"breadcrumb\":{\"@id\":\"https:\/\/rubyskynews.com\/index.php\/2011\/03\/01\/razboiul-franco-german-si-consecintele-2\/#breadcrumb\"},\"inLanguage\":\"en-US\",\"potentialAction\":[{\"@type\":\"ReadAction\",\"target\":[\"https:\/\/rubyskynews.com\/index.php\/2011\/03\/01\/razboiul-franco-german-si-consecintele-2\/\"]}]},{\"@type\":\"BreadcrumbList\",\"@id\":\"https:\/\/rubyskynews.com\/index.php\/2011\/03\/01\/razboiul-franco-german-si-consecintele-2\/#breadcrumb\",\"itemListElement\":[{\"@type\":\"ListItem\",\"position\":1,\"name\":\"Home\",\"item\":\"https:\/\/rubyskynews.com\/\"},{\"@type\":\"ListItem\",\"position\":2,\"name\":\"R\u0103zboiul franco-german \u015fi consecin\u0163ele lui pentru Fran\u0163a. Constitu\u0163ia din 1875.\"}]},{\"@type\":\"WebSite\",\"@id\":\"https:\/\/rubyskynews.com\/#website\",\"url\":\"https:\/\/rubyskynews.com\/\",\"name\":\"Jobs\/ Internships\/ Scholarships\/\",\"description\":\"Internships\/ Scholarships\/  Grants\",\"potentialAction\":[{\"@type\":\"SearchAction\",\"target\":{\"@type\":\"EntryPoint\",\"urlTemplate\":\"https:\/\/rubyskynews.com\/?s={search_term_string}\"},\"query-input\":\"required name=search_term_string\"}],\"inLanguage\":\"en-US\"},{\"@type\":\"Person\",\"@id\":\"https:\/\/rubyskynews.com\/#\/schema\/person\/2bf02c24278f4ce807817c8f91add34d\",\"name\":\"eurointern\",\"image\":{\"@type\":\"ImageObject\",\"inLanguage\":\"en-US\",\"@id\":\"https:\/\/rubyskynews.com\/#\/schema\/person\/image\/\",\"url\":\"https:\/\/secure.gravatar.com\/avatar\/4ba0ee69eda3e0c9ec9a3c49a6c7a82b?s=96&d=mm&r=g\",\"contentUrl\":\"https:\/\/secure.gravatar.com\/avatar\/4ba0ee69eda3e0c9ec9a3c49a6c7a82b?s=96&d=mm&r=g\",\"caption\":\"eurointern\"},\"sameAs\":[\"http:\/\/rubyskynews.com\"],\"url\":\"https:\/\/rubyskynews.com\/index.php\/author\/eurointern28gmail-com\/\"}]}<\/script>\n<!-- \/ Yoast SEO plugin. -->","yoast_head_json":{"title":"R\u0103zboiul franco-german \u015fi consecin\u0163ele lui pentru Fran\u0163a. Constitu\u0163ia din 1875. - Jobs\/ Internships\/ Scholarships\/","robots":{"index":"index","follow":"follow","max-snippet":"max-snippet:-1","max-image-preview":"max-image-preview:large","max-video-preview":"max-video-preview:-1"},"canonical":"https:\/\/rubyskynews.com\/index.php\/2011\/03\/01\/razboiul-franco-german-si-consecintele-2\/","og_locale":"en_US","og_type":"article","og_title":"R\u0103zboiul franco-german \u015fi consecin\u0163ele lui pentru Fran\u0163a. Constitu\u0163ia din 1875. - Jobs\/ Internships\/ Scholarships\/","og_description":"Ultimul sfert al sec al XIX se caracterizeaza printr-o serie de momente esentiale in structura statala si in sistemul de drept.Revolutia din 18 martie 1871 a fost precedata de razboiul Frantei cu Prusia si aliatii acestia, de revolutia burghezo-democratica din Franta.La 19 iulie 1870 guvernul lui Napoleon III, aflat la conducerea celui deal II imperiu [&hellip;]","og_url":"https:\/\/rubyskynews.com\/index.php\/2011\/03\/01\/razboiul-franco-german-si-consecintele-2\/","og_site_name":"Jobs\/ Internships\/ Scholarships\/","article_published_time":"2011-03-01T11:09:00+00:00","article_modified_time":"2020-09-25T09:46:46+00:00","author":"eurointern","twitter_card":"summary_large_image","twitter_misc":{"Written by":"eurointern","Est. reading time":"4 minutes"},"schema":{"@context":"https:\/\/schema.org","@graph":[{"@type":"WebPage","@id":"https:\/\/rubyskynews.com\/index.php\/2011\/03\/01\/razboiul-franco-german-si-consecintele-2\/","url":"https:\/\/rubyskynews.com\/index.php\/2011\/03\/01\/razboiul-franco-german-si-consecintele-2\/","name":"R\u0103zboiul franco-german \u015fi consecin\u0163ele lui pentru Fran\u0163a. Constitu\u0163ia din 1875. - Jobs\/ Internships\/ Scholarships\/","isPartOf":{"@id":"https:\/\/rubyskynews.com\/#website"},"datePublished":"2011-03-01T11:09:00+00:00","dateModified":"2020-09-25T09:46:46+00:00","author":{"@id":"https:\/\/rubyskynews.com\/#\/schema\/person\/2bf02c24278f4ce807817c8f91add34d"},"breadcrumb":{"@id":"https:\/\/rubyskynews.com\/index.php\/2011\/03\/01\/razboiul-franco-german-si-consecintele-2\/#breadcrumb"},"inLanguage":"en-US","potentialAction":[{"@type":"ReadAction","target":["https:\/\/rubyskynews.com\/index.php\/2011\/03\/01\/razboiul-franco-german-si-consecintele-2\/"]}]},{"@type":"BreadcrumbList","@id":"https:\/\/rubyskynews.com\/index.php\/2011\/03\/01\/razboiul-franco-german-si-consecintele-2\/#breadcrumb","itemListElement":[{"@type":"ListItem","position":1,"name":"Home","item":"https:\/\/rubyskynews.com\/"},{"@type":"ListItem","position":2,"name":"R\u0103zboiul franco-german \u015fi consecin\u0163ele lui pentru Fran\u0163a. Constitu\u0163ia din 1875."}]},{"@type":"WebSite","@id":"https:\/\/rubyskynews.com\/#website","url":"https:\/\/rubyskynews.com\/","name":"Jobs\/ Internships\/ Scholarships\/","description":"Internships\/ Scholarships\/  Grants","potentialAction":[{"@type":"SearchAction","target":{"@type":"EntryPoint","urlTemplate":"https:\/\/rubyskynews.com\/?s={search_term_string}"},"query-input":"required name=search_term_string"}],"inLanguage":"en-US"},{"@type":"Person","@id":"https:\/\/rubyskynews.com\/#\/schema\/person\/2bf02c24278f4ce807817c8f91add34d","name":"eurointern","image":{"@type":"ImageObject","inLanguage":"en-US","@id":"https:\/\/rubyskynews.com\/#\/schema\/person\/image\/","url":"https:\/\/secure.gravatar.com\/avatar\/4ba0ee69eda3e0c9ec9a3c49a6c7a82b?s=96&d=mm&r=g","contentUrl":"https:\/\/secure.gravatar.com\/avatar\/4ba0ee69eda3e0c9ec9a3c49a6c7a82b?s=96&d=mm&r=g","caption":"eurointern"},"sameAs":["http:\/\/rubyskynews.com"],"url":"https:\/\/rubyskynews.com\/index.php\/author\/eurointern28gmail-com\/"}]}},"_links":{"self":[{"href":"https:\/\/rubyskynews.com\/index.php\/wp-json\/wp\/v2\/posts\/27497"}],"collection":[{"href":"https:\/\/rubyskynews.com\/index.php\/wp-json\/wp\/v2\/posts"}],"about":[{"href":"https:\/\/rubyskynews.com\/index.php\/wp-json\/wp\/v2\/types\/post"}],"author":[{"embeddable":true,"href":"https:\/\/rubyskynews.com\/index.php\/wp-json\/wp\/v2\/users\/1"}],"replies":[{"embeddable":true,"href":"https:\/\/rubyskynews.com\/index.php\/wp-json\/wp\/v2\/comments?post=27497"}],"version-history":[{"count":0,"href":"https:\/\/rubyskynews.com\/index.php\/wp-json\/wp\/v2\/posts\/27497\/revisions"}],"wp:attachment":[{"href":"https:\/\/rubyskynews.com\/index.php\/wp-json\/wp\/v2\/media?parent=27497"}],"wp:term":[{"taxonomy":"category","embeddable":true,"href":"https:\/\/rubyskynews.com\/index.php\/wp-json\/wp\/v2\/categories?post=27497"},{"taxonomy":"post_tag","embeddable":true,"href":"https:\/\/rubyskynews.com\/index.php\/wp-json\/wp\/v2\/tags?post=27497"}],"curies":[{"name":"wp","href":"https:\/\/api.w.org\/{rel}","templated":true}]}}