{"id":27495,"date":"2011-03-01T11:11:00","date_gmt":"2011-03-01T11:11:00","guid":{"rendered":""},"modified":"2020-09-25T09:46:46","modified_gmt":"2020-09-25T09:46:46","slug":"revolutia-franceza-din-1830-2","status":"publish","type":"post","link":"https:\/\/rubyskynews.com\/index.php\/2011\/03\/01\/revolutia-franceza-din-1830-2\/","title":{"rendered":"Revolu\u0163ia francez\u0103 din 1830."},"content":{"rendered":"<div style=\"margin-top: 0px; margin-bottom: 0px;\" class=\"sharethis-inline-share-buttons\" ><\/div><div style=\"text-align: justify;\"><b>Revolu\u0163ia francez\u0103 din 1830<\/b>. a durat trei zile 27, 28  \u015fi 29 iulie 1830, \u00een urma c\u0103reia, \u00een locul celei de-a doua Restaura\u0163ii, a  urmat Monarhia din Iulie. Cauza principal\u0103 a fost nemul\u0163umirea  popula\u0163iei fa\u0163\u0103 de ordonan\u0163ele Regelui Carol X cu privire la reducerea  libertatilor si drepturilor cetatenesti, printre care si suspendarea  libertatii presei. Din cauza opozi\u0163iei liberale cresc\u00e2nde, Carol al  X-lea \u00eencearc\u0103 s\u0103 impun\u0103 o serie de m\u0103suri conservatoare. Acest lucru,  coroborat cu \u00eenr\u0103ut\u0103\u0163irea situa\u0163iei sociale cauzata de Revolu\u0163ia  industrial\u0103, a dus la izbucnirea unor mi\u015fc\u0103ri de protest cunoscute sub  numele de revolu\u0163ia din 1830 sau cele trei zile glorioase, \u00eentre 27 \u015fi  29 iulie 1830. Pe 27 iulie<a href=\"http:\/\/www.blogger.com\/post-create.do\" name=\"more\"><\/a> cele mai importante ziare  au condamnat ordonan\u0163ele din 25 iulie, iar mai mul\u0163i lideri politici  s-au \u00eentrunit de urgen\u0163\u0103. De asemenea, grupuri organizate au intrat \u00een  conflict cu poli\u0163ia \u015fi Jandarmeria. A doua zi \u00eentreg Parisul era  \u00eemp\u00e2nzit de barica \u015fi peste 10.000 de insurgen\u0163i mergeau pe str\u0103zile  capitalei c\u00e2nt\u00e2nd La Marseillaise. Liberalii au operat negocieri pentru a  anula ordonan\u0163ele anterioare. Pe 29 iulie, insurec\u0163ia a triumfat,  for\u0163ele armate regale fiind \u00eenfr\u00e2nte. C\u00e2teva regimente au trecut de  partea revolta\u0163ilor, \u00een aceste condi\u0163ii Regele fiind nevoit s\u0103 semneze  abdicarea. mo\u015ftenitorul tronului, Ludovic-Antoine, Duce de Angoul\u00eame  abdic\u0103 \u015fi el iar tronul \u00eei revine lui Henric, conte de Chambord, nepotul  lui Carol al X-lea. Acesta nu este acceptat ca rege sub titul de Henric  al V-lea de c\u0103tre parlamentul dominat de liberali. \u00cen urma unei  perioade de ezitare \u015fi disensiuni \u00eentre republicani \u015fi liberalii  monarhi\u015fti, Ludovic-Filip este numit rege, ceea ce reprezint\u0103 \u00eenceputul  perioadei cunoscut\u0103 sub numele de Monarhia din Iulie. Revolu\u0163ia din  iulie 1830 este considerat\u0103 a fi impulsul pentru \u00eenceperea prim\u0103verii  popoarelor din 1848. Totodat\u0103, aceasta a avut un efect important asupra  Belgiei, acolo \u00eencep\u00e2ndu-se de asemenea o insurec\u0163ie. Comunitatea  interna\u0163ional\u0103 nu a reac\u0163ionat negativ la evenimentele din Fran\u0163a,  recunosc\u00e2nd f\u0103r\u0103 probleme noua administra\u0163ie de la Paris.<\/div>\n<div style=\"margin-top: 0px; margin-bottom: 0px;\" class=\"sharethis-inline-share-buttons\" ><\/div>","protected":false},"excerpt":{"rendered":"<p>Revolu\u0163ia francez\u0103 din 1830. a durat trei zile 27, 28 \u015fi 29 iulie 1830, \u00een urma c\u0103reia, \u00een locul celei de-a doua Restaura\u0163ii, a urmat Monarhia din Iulie. Cauza principal\u0103 a fost nemul\u0163umirea popula\u0163iei fa\u0163\u0103 de ordonan\u0163ele Regelui Carol X cu privire la reducerea libertatilor si drepturilor cetatenesti, printre care si suspendarea libertatii presei. Din [&hellip;]<\/p>\n","protected":false},"author":1,"featured_media":0,"comment_status":"open","ping_status":"closed","sticky":false,"template":"","format":"standard","meta":{"_monsterinsights_skip_tracking":false,"_monsterinsights_sitenote_active":false,"_monsterinsights_sitenote_note":"","_monsterinsights_sitenote_category":0,"footnotes":""},"categories":[1],"tags":[],"aioseo_notices":[],"yoast_head":"<!-- This site is optimized with the Yoast SEO plugin v21.1 - https:\/\/yoast.com\/wordpress\/plugins\/seo\/ -->\n<title>Revolu\u0163ia francez\u0103 din 1830. - Jobs\/ Internships\/ Scholarships\/<\/title>\n<meta name=\"robots\" content=\"index, follow, max-snippet:-1, max-image-preview:large, max-video-preview:-1\" \/>\n<link rel=\"canonical\" href=\"https:\/\/rubyskynews.com\/index.php\/2011\/03\/01\/revolutia-franceza-din-1830-2\/\" \/>\n<meta property=\"og:locale\" content=\"en_US\" \/>\n<meta property=\"og:type\" content=\"article\" \/>\n<meta property=\"og:title\" content=\"Revolu\u0163ia francez\u0103 din 1830. - Jobs\/ Internships\/ Scholarships\/\" \/>\n<meta property=\"og:description\" content=\"Revolu\u0163ia francez\u0103 din 1830. a durat trei zile 27, 28 \u015fi 29 iulie 1830, \u00een urma c\u0103reia, \u00een locul celei de-a doua Restaura\u0163ii, a urmat Monarhia din Iulie. Cauza principal\u0103 a fost nemul\u0163umirea popula\u0163iei fa\u0163\u0103 de ordonan\u0163ele Regelui Carol X cu privire la reducerea libertatilor si drepturilor cetatenesti, printre care si suspendarea libertatii presei. Din [&hellip;]\" \/>\n<meta property=\"og:url\" content=\"https:\/\/rubyskynews.com\/index.php\/2011\/03\/01\/revolutia-franceza-din-1830-2\/\" \/>\n<meta property=\"og:site_name\" content=\"Jobs\/ Internships\/ Scholarships\/\" \/>\n<meta property=\"article:published_time\" content=\"2011-03-01T11:11:00+00:00\" \/>\n<meta property=\"article:modified_time\" content=\"2020-09-25T09:46:46+00:00\" \/>\n<meta name=\"author\" content=\"eurointern\" \/>\n<meta name=\"twitter:card\" content=\"summary_large_image\" \/>\n<meta name=\"twitter:label1\" content=\"Written by\" \/>\n\t<meta name=\"twitter:data1\" content=\"eurointern\" \/>\n\t<meta name=\"twitter:label2\" content=\"Est. reading time\" \/>\n\t<meta name=\"twitter:data2\" content=\"2 minutes\" \/>\n<script type=\"application\/ld+json\" class=\"yoast-schema-graph\">{\"@context\":\"https:\/\/schema.org\",\"@graph\":[{\"@type\":\"WebPage\",\"@id\":\"https:\/\/rubyskynews.com\/index.php\/2011\/03\/01\/revolutia-franceza-din-1830-2\/\",\"url\":\"https:\/\/rubyskynews.com\/index.php\/2011\/03\/01\/revolutia-franceza-din-1830-2\/\",\"name\":\"Revolu\u0163ia francez\u0103 din 1830. - Jobs\/ Internships\/ Scholarships\/\",\"isPartOf\":{\"@id\":\"https:\/\/rubyskynews.com\/#website\"},\"datePublished\":\"2011-03-01T11:11:00+00:00\",\"dateModified\":\"2020-09-25T09:46:46+00:00\",\"author\":{\"@id\":\"https:\/\/rubyskynews.com\/#\/schema\/person\/2bf02c24278f4ce807817c8f91add34d\"},\"breadcrumb\":{\"@id\":\"https:\/\/rubyskynews.com\/index.php\/2011\/03\/01\/revolutia-franceza-din-1830-2\/#breadcrumb\"},\"inLanguage\":\"en-US\",\"potentialAction\":[{\"@type\":\"ReadAction\",\"target\":[\"https:\/\/rubyskynews.com\/index.php\/2011\/03\/01\/revolutia-franceza-din-1830-2\/\"]}]},{\"@type\":\"BreadcrumbList\",\"@id\":\"https:\/\/rubyskynews.com\/index.php\/2011\/03\/01\/revolutia-franceza-din-1830-2\/#breadcrumb\",\"itemListElement\":[{\"@type\":\"ListItem\",\"position\":1,\"name\":\"Home\",\"item\":\"https:\/\/rubyskynews.com\/\"},{\"@type\":\"ListItem\",\"position\":2,\"name\":\"Revolu\u0163ia francez\u0103 din 1830.\"}]},{\"@type\":\"WebSite\",\"@id\":\"https:\/\/rubyskynews.com\/#website\",\"url\":\"https:\/\/rubyskynews.com\/\",\"name\":\"Jobs\/ Internships\/ Scholarships\/\",\"description\":\"Internships\/ Scholarships\/  Grants\",\"potentialAction\":[{\"@type\":\"SearchAction\",\"target\":{\"@type\":\"EntryPoint\",\"urlTemplate\":\"https:\/\/rubyskynews.com\/?s={search_term_string}\"},\"query-input\":\"required name=search_term_string\"}],\"inLanguage\":\"en-US\"},{\"@type\":\"Person\",\"@id\":\"https:\/\/rubyskynews.com\/#\/schema\/person\/2bf02c24278f4ce807817c8f91add34d\",\"name\":\"eurointern\",\"image\":{\"@type\":\"ImageObject\",\"inLanguage\":\"en-US\",\"@id\":\"https:\/\/rubyskynews.com\/#\/schema\/person\/image\/\",\"url\":\"https:\/\/secure.gravatar.com\/avatar\/4ba0ee69eda3e0c9ec9a3c49a6c7a82b?s=96&d=mm&r=g\",\"contentUrl\":\"https:\/\/secure.gravatar.com\/avatar\/4ba0ee69eda3e0c9ec9a3c49a6c7a82b?s=96&d=mm&r=g\",\"caption\":\"eurointern\"},\"sameAs\":[\"http:\/\/rubyskynews.com\"],\"url\":\"https:\/\/rubyskynews.com\/index.php\/author\/eurointern28gmail-com\/\"}]}<\/script>\n<!-- \/ Yoast SEO plugin. -->","yoast_head_json":{"title":"Revolu\u0163ia francez\u0103 din 1830. - Jobs\/ Internships\/ Scholarships\/","robots":{"index":"index","follow":"follow","max-snippet":"max-snippet:-1","max-image-preview":"max-image-preview:large","max-video-preview":"max-video-preview:-1"},"canonical":"https:\/\/rubyskynews.com\/index.php\/2011\/03\/01\/revolutia-franceza-din-1830-2\/","og_locale":"en_US","og_type":"article","og_title":"Revolu\u0163ia francez\u0103 din 1830. - Jobs\/ Internships\/ Scholarships\/","og_description":"Revolu\u0163ia francez\u0103 din 1830. a durat trei zile 27, 28 \u015fi 29 iulie 1830, \u00een urma c\u0103reia, \u00een locul celei de-a doua Restaura\u0163ii, a urmat Monarhia din Iulie. Cauza principal\u0103 a fost nemul\u0163umirea popula\u0163iei fa\u0163\u0103 de ordonan\u0163ele Regelui Carol X cu privire la reducerea libertatilor si drepturilor cetatenesti, printre care si suspendarea libertatii presei. Din [&hellip;]","og_url":"https:\/\/rubyskynews.com\/index.php\/2011\/03\/01\/revolutia-franceza-din-1830-2\/","og_site_name":"Jobs\/ Internships\/ Scholarships\/","article_published_time":"2011-03-01T11:11:00+00:00","article_modified_time":"2020-09-25T09:46:46+00:00","author":"eurointern","twitter_card":"summary_large_image","twitter_misc":{"Written by":"eurointern","Est. reading time":"2 minutes"},"schema":{"@context":"https:\/\/schema.org","@graph":[{"@type":"WebPage","@id":"https:\/\/rubyskynews.com\/index.php\/2011\/03\/01\/revolutia-franceza-din-1830-2\/","url":"https:\/\/rubyskynews.com\/index.php\/2011\/03\/01\/revolutia-franceza-din-1830-2\/","name":"Revolu\u0163ia francez\u0103 din 1830. - Jobs\/ Internships\/ Scholarships\/","isPartOf":{"@id":"https:\/\/rubyskynews.com\/#website"},"datePublished":"2011-03-01T11:11:00+00:00","dateModified":"2020-09-25T09:46:46+00:00","author":{"@id":"https:\/\/rubyskynews.com\/#\/schema\/person\/2bf02c24278f4ce807817c8f91add34d"},"breadcrumb":{"@id":"https:\/\/rubyskynews.com\/index.php\/2011\/03\/01\/revolutia-franceza-din-1830-2\/#breadcrumb"},"inLanguage":"en-US","potentialAction":[{"@type":"ReadAction","target":["https:\/\/rubyskynews.com\/index.php\/2011\/03\/01\/revolutia-franceza-din-1830-2\/"]}]},{"@type":"BreadcrumbList","@id":"https:\/\/rubyskynews.com\/index.php\/2011\/03\/01\/revolutia-franceza-din-1830-2\/#breadcrumb","itemListElement":[{"@type":"ListItem","position":1,"name":"Home","item":"https:\/\/rubyskynews.com\/"},{"@type":"ListItem","position":2,"name":"Revolu\u0163ia francez\u0103 din 1830."}]},{"@type":"WebSite","@id":"https:\/\/rubyskynews.com\/#website","url":"https:\/\/rubyskynews.com\/","name":"Jobs\/ Internships\/ Scholarships\/","description":"Internships\/ Scholarships\/  Grants","potentialAction":[{"@type":"SearchAction","target":{"@type":"EntryPoint","urlTemplate":"https:\/\/rubyskynews.com\/?s={search_term_string}"},"query-input":"required name=search_term_string"}],"inLanguage":"en-US"},{"@type":"Person","@id":"https:\/\/rubyskynews.com\/#\/schema\/person\/2bf02c24278f4ce807817c8f91add34d","name":"eurointern","image":{"@type":"ImageObject","inLanguage":"en-US","@id":"https:\/\/rubyskynews.com\/#\/schema\/person\/image\/","url":"https:\/\/secure.gravatar.com\/avatar\/4ba0ee69eda3e0c9ec9a3c49a6c7a82b?s=96&d=mm&r=g","contentUrl":"https:\/\/secure.gravatar.com\/avatar\/4ba0ee69eda3e0c9ec9a3c49a6c7a82b?s=96&d=mm&r=g","caption":"eurointern"},"sameAs":["http:\/\/rubyskynews.com"],"url":"https:\/\/rubyskynews.com\/index.php\/author\/eurointern28gmail-com\/"}]}},"_links":{"self":[{"href":"https:\/\/rubyskynews.com\/index.php\/wp-json\/wp\/v2\/posts\/27495"}],"collection":[{"href":"https:\/\/rubyskynews.com\/index.php\/wp-json\/wp\/v2\/posts"}],"about":[{"href":"https:\/\/rubyskynews.com\/index.php\/wp-json\/wp\/v2\/types\/post"}],"author":[{"embeddable":true,"href":"https:\/\/rubyskynews.com\/index.php\/wp-json\/wp\/v2\/users\/1"}],"replies":[{"embeddable":true,"href":"https:\/\/rubyskynews.com\/index.php\/wp-json\/wp\/v2\/comments?post=27495"}],"version-history":[{"count":0,"href":"https:\/\/rubyskynews.com\/index.php\/wp-json\/wp\/v2\/posts\/27495\/revisions"}],"wp:attachment":[{"href":"https:\/\/rubyskynews.com\/index.php\/wp-json\/wp\/v2\/media?parent=27495"}],"wp:term":[{"taxonomy":"category","embeddable":true,"href":"https:\/\/rubyskynews.com\/index.php\/wp-json\/wp\/v2\/categories?post=27495"},{"taxonomy":"post_tag","embeddable":true,"href":"https:\/\/rubyskynews.com\/index.php\/wp-json\/wp\/v2\/tags?post=27495"}],"curies":[{"name":"wp","href":"https:\/\/api.w.org\/{rel}","templated":true}]}}