{"id":27443,"date":"2011-03-01T11:34:00","date_gmt":"2011-03-01T11:34:00","guid":{"rendered":""},"modified":"2020-09-25T09:46:29","modified_gmt":"2020-09-25T09:46:29","slug":"periodizarea-istoriei-moderne","status":"publish","type":"post","link":"https:\/\/rubyskynews.com\/index.php\/2011\/03\/01\/periodizarea-istoriei-moderne\/","title":{"rendered":"Periodizarea istoriei moderne universale."},"content":{"rendered":"<div style=\"margin-top: 0px; margin-bottom: 0px;\" class=\"sharethis-inline-share-buttons\" ><\/div><div style=\"text-align: justify;\">P\/t prima dat\u0103 no\u0163iunea de istorie moderna a ap\u0103rut la umani\u015ftii din sec  XV-XVI  \u00een perioada rena\u015fterii. Ini\u0163ial ea a fost denumit\u0103 Historia  nova (ist nou\u0103) \u015fi propaga ideile: <strong>1.<\/strong>dezvoltarea spiritului laic <strong>2<\/strong>.intensificarea  luptei pt elberarea personal\u0103 dar \u015fi a sociat\u0103\u0163ii \u00een ansamblu de sub  domina\u0163ia bisericii. Biserica dominant\u0103 era cea catolic\u0103. <strong>3<\/strong>.dezv stiin\u0163ei \u015fi tehnicii <strong> 4<\/strong>.reanimarea  tradi\u0163iilor \u015fi obiceiurilor vechi. A aparut \u00een a 2 jum a sec 17 , autor  fiindui  un umanist german, Cristofor Cheler, (Celarius),care considera  c\u0103 ist universal\u0103 se divizeaz\u0103 \u00een 3 p\u0103r\u0163i: a)ist antica p\u00een\u0103 la c\u0103derea  imp Roman de vest 1476  b)ist medievala p\u00een\u0103 la c\u0103derea  Constantinopolului 1453  c)ist modern\u0103 dup\u0103 1453.  \u00cen sec XIX sa  \u00eencetenit punctul de vedere al literaturii americane \u015fi \u00een unele lucr\u0103ri  ale Europei <a href=\"\" name=\"more\"><\/a>epoca modern\u0103 este legat\u0103 de 1492  (descoperirea Americii) care are la baza criteriul geografic \u015fi  geopolitic. \u00cenceputul epocii moderne se crede a fi la mij sec XVII \u015fi  sf. acestei perioade odat\u0103 cu \u00eencheierea I RM\u015fi constituirea sistemului  de tratate interna\u0163ionale (de la Versailles \u015fi Washington 1918 \u015fi 1923).  Unii consider\u0103 aceast\u0103 perioad\u0103 atlantica fiindc\u0103 a parut initial \u00een  partea vestica a oceanului, \u00een \u0163\u0103rile europene \u015fi apoi pe continentul  American \u00een partea de est, unii ii g\u0103sesc puncte de tangen\u0163\u0103 cu  a)1453  b)apari\u0163ia umanismului \u015fi a reformei c)marile descoperiri geografice  d)r\u0103zb. \u0163\u0103r\u0103nesc din Germania etc.. \u00cens\u0103\u015fi epoca moderna cunoaste 3  perioade: <strong>1.perioada anilor<\/strong> 1640-1815, \u00een aceast\u0103  perioad\u0103 rela\u0163iile capitaliste s-au impus complet doar \u00eentr-o parte a  Europei \u015fi \u00eentr-o anumit\u0103 m\u0103sur\u0103 \u00een America de Nord. \u00cen SUA forma  principal\u0103 a industriei o constituiau manufacturile . Din anii 60 ai sec  XVIII, la \u00eenceput \u00een Anglia iar spre sf. sec XVIII \u00eencep sec XIX \u015fi \u00een  Fran\u0163a a \u00eenceput revolu\u0163ia industrial\u0103. A \u00eenceput procesul de formare a  proletariatului, antipodal burgheziei. \u00cen aceast\u0103 perioad\u0103 \u00een Fran\u0163a \u015fi  Anglia sau dezv. statele mononationale, centralizate iar \u00een Europa de  Est \u015fi de centru sau format state multina\u0163ionale (Imp \u0162arist ,Imp  Habsburgic). <strong>2 perioad\u0103<\/strong> de la 1815 pan\u0103 la sf. anilor  60-70 ai sec 19 ( unificarea Italiei, Germaniei, se extind rel.  capitaliste) au loc un \u015fir de revolu\u0163ii care deschid aceast\u0103 cale.  Infr\u00eengerea rev de la 1848-49 a reprezentat inceputul unei perioade de  reac\u0163iune in maj statelor europene. Cu toate acestea,\u201d<em>primavara popoarelor<\/em>  \u201d a lasat o amprent\u0103 ad\u00eenc\u0103 in cons\u015ftiin\u0163a societ\u0103\u0163ilor, si cu timpula  dus la triumful ideilor na\u0163\u015fionale \u015fi promovarea unor politici  liberale.Na\u0163ionalismul domin\u0103 opinia public\u0103 european\u0103, iar procesele de  unificare na\u0163ional\u0103 a Germaniei, Italiei \u015fi Principatelor Rom\u00eene sunt o  expresie practic\u0103 a acestei realit\u0103\u0163i.In economie, pozi\u0163ia dominant\u0103  este ocupat\u0103 de Anglia, supranumit\u0103 \u201catelierul lumii\u201d.Alte state intr\u0103  in faza final\u0103 a rev industriale si in scurt timp vor face o concuren\u0163\u0103  dur\u0103 britanicilor.Aceea\u015fi concuren\u0163\u0103p o au \u015fi SUA, care se vor confrunta  cu gravele prob \u015fi consecin\u0163e ale unui r\u0103zb civil.<strong>A 3 perioad\u0103<\/strong>  -de la inceputul anilor 70 ai sec XIX \u015fi anii 1918-1923.are trasaturi  specifice care o deosebesc de celelate perioade \u015fi o definesc ca o \u201e<em>tranzi\u0163ie spre contemporanietate.\u201d<\/em>  In domeniul evolu\u0163iei pol revolu\u0163iile \u015fi r\u0103zboaiele pt unificare  na\u0163ional\u0103 sunt succedate de o cale evolutiv\u0103 a dezvolt\u0103rii. Evolu\u0163ia  social-econmic\u0103 se caracterizeaz\u0103 prin consolidarea rel capitaliste in  Eur Occidental\u0103 \u015fi extinderea acestora pe intregul continent.   Indusrtrializarea \u015fi av\u00eentul economic determin\u0103 o explozie demografic\u0103  \u015fi modoficarea componen\u0163ei sociale ale statelor dezvoltate.Majoritatea  \u0163\u0103rilor au fost antrenate \u00een sistemul rela\u0163iilor capitaliste.<\/div>\n<div style=\"margin-top: 0px; margin-bottom: 0px;\" class=\"sharethis-inline-share-buttons\" ><\/div>","protected":false},"excerpt":{"rendered":"<p>P\/t prima dat\u0103 no\u0163iunea de istorie moderna a ap\u0103rut la umani\u015ftii din sec XV-XVI \u00een perioada rena\u015fterii. Ini\u0163ial ea a fost denumit\u0103 Historia nova (ist nou\u0103) \u015fi propaga ideile: 1.dezvoltarea spiritului laic 2.intensificarea luptei pt elberarea personal\u0103 dar \u015fi a sociat\u0103\u0163ii \u00een ansamblu de sub domina\u0163ia bisericii. Biserica dominant\u0103 era cea catolic\u0103. 3.dezv stiin\u0163ei \u015fi [&hellip;]<\/p>\n","protected":false},"author":1,"featured_media":0,"comment_status":"open","ping_status":"closed","sticky":false,"template":"","format":"standard","meta":{"_monsterinsights_skip_tracking":false,"_monsterinsights_sitenote_active":false,"_monsterinsights_sitenote_note":"","_monsterinsights_sitenote_category":0,"footnotes":""},"categories":[1],"tags":[],"aioseo_notices":[],"yoast_head":"<!-- This site is optimized with the Yoast SEO plugin v21.1 - https:\/\/yoast.com\/wordpress\/plugins\/seo\/ -->\n<title>Periodizarea istoriei moderne universale. - Jobs\/ Internships\/ Scholarships\/<\/title>\n<meta name=\"robots\" content=\"index, follow, max-snippet:-1, max-image-preview:large, max-video-preview:-1\" \/>\n<link rel=\"canonical\" href=\"https:\/\/rubyskynews.com\/index.php\/2011\/03\/01\/periodizarea-istoriei-moderne\/\" \/>\n<meta property=\"og:locale\" content=\"en_US\" \/>\n<meta property=\"og:type\" content=\"article\" \/>\n<meta property=\"og:title\" content=\"Periodizarea istoriei moderne universale. - Jobs\/ Internships\/ Scholarships\/\" \/>\n<meta property=\"og:description\" content=\"P\/t prima dat\u0103 no\u0163iunea de istorie moderna a ap\u0103rut la umani\u015ftii din sec XV-XVI \u00een perioada rena\u015fterii. Ini\u0163ial ea a fost denumit\u0103 Historia nova (ist nou\u0103) \u015fi propaga ideile: 1.dezvoltarea spiritului laic 2.intensificarea luptei pt elberarea personal\u0103 dar \u015fi a sociat\u0103\u0163ii \u00een ansamblu de sub domina\u0163ia bisericii. Biserica dominant\u0103 era cea catolic\u0103. 3.dezv stiin\u0163ei \u015fi [&hellip;]\" \/>\n<meta property=\"og:url\" content=\"https:\/\/rubyskynews.com\/index.php\/2011\/03\/01\/periodizarea-istoriei-moderne\/\" \/>\n<meta property=\"og:site_name\" content=\"Jobs\/ Internships\/ Scholarships\/\" \/>\n<meta property=\"article:published_time\" content=\"2011-03-01T11:34:00+00:00\" \/>\n<meta property=\"article:modified_time\" content=\"2020-09-25T09:46:29+00:00\" \/>\n<meta name=\"author\" content=\"eurointern\" \/>\n<meta name=\"twitter:card\" content=\"summary_large_image\" \/>\n<meta name=\"twitter:label1\" content=\"Written by\" \/>\n\t<meta name=\"twitter:data1\" content=\"eurointern\" \/>\n\t<meta name=\"twitter:label2\" content=\"Est. reading time\" \/>\n\t<meta name=\"twitter:data2\" content=\"3 minutes\" \/>\n<script type=\"application\/ld+json\" class=\"yoast-schema-graph\">{\"@context\":\"https:\/\/schema.org\",\"@graph\":[{\"@type\":\"WebPage\",\"@id\":\"https:\/\/rubyskynews.com\/index.php\/2011\/03\/01\/periodizarea-istoriei-moderne\/\",\"url\":\"https:\/\/rubyskynews.com\/index.php\/2011\/03\/01\/periodizarea-istoriei-moderne\/\",\"name\":\"Periodizarea istoriei moderne universale. - Jobs\/ Internships\/ Scholarships\/\",\"isPartOf\":{\"@id\":\"https:\/\/rubyskynews.com\/#website\"},\"datePublished\":\"2011-03-01T11:34:00+00:00\",\"dateModified\":\"2020-09-25T09:46:29+00:00\",\"author\":{\"@id\":\"https:\/\/rubyskynews.com\/#\/schema\/person\/2bf02c24278f4ce807817c8f91add34d\"},\"breadcrumb\":{\"@id\":\"https:\/\/rubyskynews.com\/index.php\/2011\/03\/01\/periodizarea-istoriei-moderne\/#breadcrumb\"},\"inLanguage\":\"en-US\",\"potentialAction\":[{\"@type\":\"ReadAction\",\"target\":[\"https:\/\/rubyskynews.com\/index.php\/2011\/03\/01\/periodizarea-istoriei-moderne\/\"]}]},{\"@type\":\"BreadcrumbList\",\"@id\":\"https:\/\/rubyskynews.com\/index.php\/2011\/03\/01\/periodizarea-istoriei-moderne\/#breadcrumb\",\"itemListElement\":[{\"@type\":\"ListItem\",\"position\":1,\"name\":\"Home\",\"item\":\"https:\/\/rubyskynews.com\/\"},{\"@type\":\"ListItem\",\"position\":2,\"name\":\"Periodizarea istoriei moderne universale.\"}]},{\"@type\":\"WebSite\",\"@id\":\"https:\/\/rubyskynews.com\/#website\",\"url\":\"https:\/\/rubyskynews.com\/\",\"name\":\"Jobs\/ Internships\/ Scholarships\/\",\"description\":\"Internships\/ Scholarships\/  Grants\",\"potentialAction\":[{\"@type\":\"SearchAction\",\"target\":{\"@type\":\"EntryPoint\",\"urlTemplate\":\"https:\/\/rubyskynews.com\/?s={search_term_string}\"},\"query-input\":\"required name=search_term_string\"}],\"inLanguage\":\"en-US\"},{\"@type\":\"Person\",\"@id\":\"https:\/\/rubyskynews.com\/#\/schema\/person\/2bf02c24278f4ce807817c8f91add34d\",\"name\":\"eurointern\",\"image\":{\"@type\":\"ImageObject\",\"inLanguage\":\"en-US\",\"@id\":\"https:\/\/rubyskynews.com\/#\/schema\/person\/image\/\",\"url\":\"https:\/\/secure.gravatar.com\/avatar\/4ba0ee69eda3e0c9ec9a3c49a6c7a82b?s=96&d=mm&r=g\",\"contentUrl\":\"https:\/\/secure.gravatar.com\/avatar\/4ba0ee69eda3e0c9ec9a3c49a6c7a82b?s=96&d=mm&r=g\",\"caption\":\"eurointern\"},\"sameAs\":[\"http:\/\/rubyskynews.com\"],\"url\":\"https:\/\/rubyskynews.com\/index.php\/author\/eurointern28gmail-com\/\"}]}<\/script>\n<!-- \/ Yoast SEO plugin. -->","yoast_head_json":{"title":"Periodizarea istoriei moderne universale. - Jobs\/ Internships\/ Scholarships\/","robots":{"index":"index","follow":"follow","max-snippet":"max-snippet:-1","max-image-preview":"max-image-preview:large","max-video-preview":"max-video-preview:-1"},"canonical":"https:\/\/rubyskynews.com\/index.php\/2011\/03\/01\/periodizarea-istoriei-moderne\/","og_locale":"en_US","og_type":"article","og_title":"Periodizarea istoriei moderne universale. - Jobs\/ Internships\/ Scholarships\/","og_description":"P\/t prima dat\u0103 no\u0163iunea de istorie moderna a ap\u0103rut la umani\u015ftii din sec XV-XVI \u00een perioada rena\u015fterii. Ini\u0163ial ea a fost denumit\u0103 Historia nova (ist nou\u0103) \u015fi propaga ideile: 1.dezvoltarea spiritului laic 2.intensificarea luptei pt elberarea personal\u0103 dar \u015fi a sociat\u0103\u0163ii \u00een ansamblu de sub domina\u0163ia bisericii. Biserica dominant\u0103 era cea catolic\u0103. 3.dezv stiin\u0163ei \u015fi [&hellip;]","og_url":"https:\/\/rubyskynews.com\/index.php\/2011\/03\/01\/periodizarea-istoriei-moderne\/","og_site_name":"Jobs\/ Internships\/ Scholarships\/","article_published_time":"2011-03-01T11:34:00+00:00","article_modified_time":"2020-09-25T09:46:29+00:00","author":"eurointern","twitter_card":"summary_large_image","twitter_misc":{"Written by":"eurointern","Est. reading time":"3 minutes"},"schema":{"@context":"https:\/\/schema.org","@graph":[{"@type":"WebPage","@id":"https:\/\/rubyskynews.com\/index.php\/2011\/03\/01\/periodizarea-istoriei-moderne\/","url":"https:\/\/rubyskynews.com\/index.php\/2011\/03\/01\/periodizarea-istoriei-moderne\/","name":"Periodizarea istoriei moderne universale. - Jobs\/ Internships\/ Scholarships\/","isPartOf":{"@id":"https:\/\/rubyskynews.com\/#website"},"datePublished":"2011-03-01T11:34:00+00:00","dateModified":"2020-09-25T09:46:29+00:00","author":{"@id":"https:\/\/rubyskynews.com\/#\/schema\/person\/2bf02c24278f4ce807817c8f91add34d"},"breadcrumb":{"@id":"https:\/\/rubyskynews.com\/index.php\/2011\/03\/01\/periodizarea-istoriei-moderne\/#breadcrumb"},"inLanguage":"en-US","potentialAction":[{"@type":"ReadAction","target":["https:\/\/rubyskynews.com\/index.php\/2011\/03\/01\/periodizarea-istoriei-moderne\/"]}]},{"@type":"BreadcrumbList","@id":"https:\/\/rubyskynews.com\/index.php\/2011\/03\/01\/periodizarea-istoriei-moderne\/#breadcrumb","itemListElement":[{"@type":"ListItem","position":1,"name":"Home","item":"https:\/\/rubyskynews.com\/"},{"@type":"ListItem","position":2,"name":"Periodizarea istoriei moderne universale."}]},{"@type":"WebSite","@id":"https:\/\/rubyskynews.com\/#website","url":"https:\/\/rubyskynews.com\/","name":"Jobs\/ Internships\/ Scholarships\/","description":"Internships\/ Scholarships\/  Grants","potentialAction":[{"@type":"SearchAction","target":{"@type":"EntryPoint","urlTemplate":"https:\/\/rubyskynews.com\/?s={search_term_string}"},"query-input":"required name=search_term_string"}],"inLanguage":"en-US"},{"@type":"Person","@id":"https:\/\/rubyskynews.com\/#\/schema\/person\/2bf02c24278f4ce807817c8f91add34d","name":"eurointern","image":{"@type":"ImageObject","inLanguage":"en-US","@id":"https:\/\/rubyskynews.com\/#\/schema\/person\/image\/","url":"https:\/\/secure.gravatar.com\/avatar\/4ba0ee69eda3e0c9ec9a3c49a6c7a82b?s=96&d=mm&r=g","contentUrl":"https:\/\/secure.gravatar.com\/avatar\/4ba0ee69eda3e0c9ec9a3c49a6c7a82b?s=96&d=mm&r=g","caption":"eurointern"},"sameAs":["http:\/\/rubyskynews.com"],"url":"https:\/\/rubyskynews.com\/index.php\/author\/eurointern28gmail-com\/"}]}},"_links":{"self":[{"href":"https:\/\/rubyskynews.com\/index.php\/wp-json\/wp\/v2\/posts\/27443"}],"collection":[{"href":"https:\/\/rubyskynews.com\/index.php\/wp-json\/wp\/v2\/posts"}],"about":[{"href":"https:\/\/rubyskynews.com\/index.php\/wp-json\/wp\/v2\/types\/post"}],"author":[{"embeddable":true,"href":"https:\/\/rubyskynews.com\/index.php\/wp-json\/wp\/v2\/users\/1"}],"replies":[{"embeddable":true,"href":"https:\/\/rubyskynews.com\/index.php\/wp-json\/wp\/v2\/comments?post=27443"}],"version-history":[{"count":0,"href":"https:\/\/rubyskynews.com\/index.php\/wp-json\/wp\/v2\/posts\/27443\/revisions"}],"wp:attachment":[{"href":"https:\/\/rubyskynews.com\/index.php\/wp-json\/wp\/v2\/media?parent=27443"}],"wp:term":[{"taxonomy":"category","embeddable":true,"href":"https:\/\/rubyskynews.com\/index.php\/wp-json\/wp\/v2\/categories?post=27443"},{"taxonomy":"post_tag","embeddable":true,"href":"https:\/\/rubyskynews.com\/index.php\/wp-json\/wp\/v2\/tags?post=27443"}],"curies":[{"name":"wp","href":"https:\/\/api.w.org\/{rel}","templated":true}]}}