{"id":27419,"date":"2011-03-01T11:48:00","date_gmt":"2011-03-01T11:48:00","guid":{"rendered":""},"modified":"2020-09-25T09:46:23","modified_gmt":"2020-09-25T09:46:23","slug":"statutul-teoretic-si-politic-al-2","status":"publish","type":"post","link":"https:\/\/rubyskynews.com\/index.php\/2011\/03\/01\/statutul-teoretic-si-politic-al-2\/","title":{"rendered":"Statutul teoretic \u015fi politic al individului ca actor interna\u0163ional."},"content":{"rendered":"<div style=\"margin-top: 0px; margin-bottom: 0px;\" class=\"sharethis-inline-share-buttons\" ><\/div><div style=\"color: black; text-align: justify;\">Un actor interna\u0163ional este orice structur\u0103 social\u0103, capabil\u0103 de a  ac\u0163iona \u015fi a influen\u0163a SI sau mondial. Pe l\u00e2ng\u0103 actorul statal \u015fi,  ONG-urile \u015fi OIG-urile ca actori non-statali, un rol aparte pe scena  interna\u0163ional\u0103 \u00eel ocup\u0103 individul. Individul ca actor interna\u0163ional are  deseori rol de mediator, dar evident nu to\u0163i indivizii pot de\u0163ine  calitate de actor al rela\u0163iilor interna\u0163ionale. Cel mai elocvent exemplu  de individ \u2013 actor interna\u0163ional este Secretarul General al ONU.  Calitatea sa de reprezentant al unei organiza\u0163ii universale \u00eei confer\u0103  legalitatea \u015fi legitimitatea de a interveni \u00eentr-un conflict sau \u00eentr-o  disput\u0103 interna\u0163ional\u0103 cu rol de mediator care \u00eencearc\u0103 s\u0103 ofere solu\u0163ii  sau s\u0103 conving\u0103 p\u0103r\u0163ile aflate \u00een conflict s\u0103 se a\u015feze la masa  negocierilor. Mai mult chiar, Secretarul General al ONU, ca actor  interna\u0163ional chiar are obliga\u0163ia \u015fi responsabilitatea de a-\u015fi oferi  bunele oficii pentru medierea diferendelor, iar opinia \u015fi recomand\u0103rile  acestuia urmeaz\u0103 a fi luate \u00een calcul din perspectiva lui de  reprezentant al ONU. Un actor al rela\u0163iilor interna\u0163ionale<a href=\"\" name=\"more\"><\/a>  poate deveni \u015fi un lider de opinie regional, care, prin activit\u0103\u0163ile  sale devine cunoscut \u00eentregii opinii publice interna\u0163ionale \u015fi este  legitimat cu puterea de mediere a unor conflicte sau de schimbarea  cursului unor evenimente. Exemplific\u00e2nd, trebuie s\u0103 men\u0163ion\u0103m aici pe  Ghandi, devenit lider de opinie regional \u015fi chiar interna\u0163ional datorit\u0103  promov\u0103rii intense a valorilor \u015fi ideilor sale, adoptate majoritatea  popula\u0163iei din regiune. Maica Teresa poate fi, de asemenea, considerat\u0103  ca actor al rela\u0163iilor interna\u0163ionale. Spre deosebide de Secretarul  General al ONU sau de Ghandi, Maica Teresa nu are interferen\u0163\u0103 politic\u0103,  statutul ei de actor interna\u0163ional deriv\u00e2nd exclusiv din activitatea  umanitar\u0103 fa\u0163\u0103 de care opinia public\u0103 interna\u0163ional\u0103 are un mare  ata\u015fament. <span style=\"text-decoration: underline;\">Prob<\/span>lema calit\u0103\u0163<span style=\"text-decoration: underline;\">ii de <\/span><span style=\"text-decoration: underline;\">su<\/span>biect de drep<span style=\"text-decoration: underline;\">t interna<\/span>\u0163i<span style=\"text-decoration: underline;\">onal a i<\/span>ndividului este o problem\u0103 destul de disp<span style=\"text-decoration: underline;\">utat\u0103 \u00een doctrina clasic\u0103,<\/span> ea constituind obiect<span style=\"text-decoration: underline;\">ul<\/span><span style=\"text-decoration: underline;\">nume<\/span>roase controverse \u00eentre a<span style=\"text-decoration: underline;\">utorii c<\/span>are recu<span style=\"text-decoration: underline;\">nosc in<\/span>dividului o asemenea <span style=\"text-decoration: underline;\">calit<\/span>ate \u015fi cei care \u00eei refuz\u0103 orice loc \u00een <span style=\"text-decoration: underline;\">ordinea juridi<\/span>c<span style=\"text-decoration: underline;\">\u0103 interna\u0163ional\u0103.<\/span> O defini\u0163ie foart<span style=\"text-decoration: underline;\">e cu<\/span>prinz\u0103toare  define\u015fte drept actor al rela\u0163iilor interna\u0163ionale \u201eorice entitate  organizat\u0103 compus\u0103 cel pu\u0163in indirect din fiin\u0163e umane, care nu este  subordonat\u0103 vreunui alt actor din sistemul mondial \u015fi care <span style=\"text-decoration: underline;\">particip\u0103 la rela\u0163ii de p<\/span>utere cu al\u0163i actori&#8221;, defini\u0163ie ce ar trata inclusiv indivizii ca <span style=\"text-decoration: underline;\">actori ai re<\/span>la\u0163iilor interna\u0163ionale. Defini\u0163ia \u00eens\u0103 poate fi contrapus\u0103 perspectivelor realiste asupra pro<span style=\"text-decoration: underline;\">blemei, care ex<\/span>tinde  calitatea de actor \u015fi spre alte entit\u0103\u0163i dec\u00eet statele na\u0163iune, \u00eens\u0103  pentru reali\u015ftii clasici, calitatea de actor etatic depinde de trei <span style=\"text-decoration: underline;\">criterii:<\/span> suveranitate, recunoa\u015fterea \u015fi controlul asura teritoriului \u015fi popula\u0163iei, statel<span style=\"text-decoration: underline;\">e preval\u00e2<\/span>nd <span style=\"text-decoration: underline;\">\u00eentotdeauna \u00een confrunt\u0103rile<\/span> cu act<span style=\"text-decoration: underline;\">orii nest<\/span>atali deoarece pot influen\u0163a \u00een mod ese<span style=\"text-decoration: underline;\">n\u0163ial termenii in<\/span>te<span style=\"text-decoration: underline;\">rac\u0163iunilor \u00een<\/span> rela\u0163iile interna\u0163ionale. <span style=\"text-decoration: underline;\">Dac\u0103<\/span> la \u00ee<span style=\"text-decoration: underline;\">nceputuri statul<\/span> s-a pretins ca unica legimitate (c\u0103ci antichitatea a echiv<span style=\"text-decoration: underline;\">alat no\u0163iu<\/span>nea de fiin\u0163\u0103 <span style=\"text-decoration: underline;\">uman\u0103<\/span> cu cea de cet\u0103\u0163ean, interesul cet\u0103\u0163ii <span style=\"text-decoration: underline;\">fiind<\/span> cel <span style=\"text-decoration: underline;\">care prima \u00een<\/span>\u0430\u0441este\u0430), \u043edat\u0103 \u0441u apari\u0163ia dre<span style=\"text-decoration: underline;\">ptului nat<\/span>ural &#8211; prin cre\u015ftinism, \u015fi a trezirii con\u015ftiin\u0163elor individuale &#8211; prin Reform\u0103, bala<span style=\"text-decoration: underline;\">n\u0163a<\/span> a <span style=\"text-decoration: underline;\">\u00eenceput s\u0103 \u00eencline \u00een fav<\/span>oarea  individului. Proclamarea \u00een 1776, la Philadelphia, a drepturilor  naturale ale omului la via\u0163\u0103, libertate \u015fi fericire, a dat un nou curs  acestor teorii. T<span style=\"text-decoration: underline;\">eoreticieni renumi\u0163i<\/span> ca <span style=\"text-decoration: underline;\">Georges<\/span> Scelle, Nicolas Poti\u015f si Leon Duguit au afirmat c\u0103 numa<span style=\"text-decoration: underline;\">i indivizii pot fi subiecte<\/span>  de drept, sus\u0163in\u00eend c\u0103 regula de drept &#8220;nu se poale adresa dec\u00e2t unei  inteligen\u0163e capabile de a o \u00een\u0163elege \u015fi a i se conforma&#8221;. Majoritatea  autorilor din perioada interbelic\u0103, resping aceast\u0103 teorie, \u00eens\u0103 ea  cap\u0103t\u0103 tot mai mult adep\u0163i \u00een literatura european\u0103 de dup\u0103 cel de-al  doilea r\u0103zboi mondial. Teorii<span style=\"text-decoration: underline;\">le solidariste<\/span> ale lui Georges Scelle apreciaz\u0103 c\u0103 statul, ca persoan\u0103 <span style=\"text-decoration: underline;\">este o fic\u0163iune,<\/span> singura realitate fiind persoana fizic\u0103 luat\u0103 individual \u015fi rela\u0163iile interindividuale bazate pe a\u015fa <span style=\"text-decoration: underline;\">zisa &#8220;so<\/span>lidaritate social\u0103&#8221;, astfel \u00eenc\u00eet rela\u0163iile <span style=\"text-decoration: underline;\">interna\u0163ionale devin<\/span> rela\u0163ii di<span style=\"text-decoration: underline;\">ntre<\/span> indivizi \u015fi grupuri de indivizi. a  raportul dintre <\/div>\n<div style=\"margin-top: 0px; margin-bottom: 0px;\" class=\"sharethis-inline-share-buttons\" ><\/div>","protected":false},"excerpt":{"rendered":"<p>Un actor interna\u0163ional este orice structur\u0103 social\u0103, capabil\u0103 de a ac\u0163iona \u015fi a influen\u0163a SI sau mondial. Pe l\u00e2ng\u0103 actorul statal \u015fi, ONG-urile \u015fi OIG-urile ca actori non-statali, un rol aparte pe scena interna\u0163ional\u0103 \u00eel ocup\u0103 individul. Individul ca actor interna\u0163ional are deseori rol de mediator, dar evident nu to\u0163i indivizii pot de\u0163ine calitate de [&hellip;]<\/p>\n","protected":false},"author":1,"featured_media":0,"comment_status":"open","ping_status":"closed","sticky":false,"template":"","format":"standard","meta":{"_monsterinsights_skip_tracking":false,"_monsterinsights_sitenote_active":false,"_monsterinsights_sitenote_note":"","_monsterinsights_sitenote_category":0,"footnotes":""},"categories":[1],"tags":[],"aioseo_notices":[],"yoast_head":"<!-- This site is optimized with the Yoast SEO plugin v21.1 - https:\/\/yoast.com\/wordpress\/plugins\/seo\/ -->\n<title>Statutul teoretic \u015fi politic al individului ca actor interna\u0163ional. - Jobs\/ Internships\/ Scholarships\/<\/title>\n<meta name=\"robots\" content=\"index, follow, max-snippet:-1, max-image-preview:large, max-video-preview:-1\" \/>\n<link rel=\"canonical\" href=\"https:\/\/rubyskynews.com\/index.php\/2011\/03\/01\/statutul-teoretic-si-politic-al-2\/\" \/>\n<meta property=\"og:locale\" content=\"en_US\" \/>\n<meta property=\"og:type\" content=\"article\" \/>\n<meta property=\"og:title\" content=\"Statutul teoretic \u015fi politic al individului ca actor interna\u0163ional. - Jobs\/ Internships\/ Scholarships\/\" \/>\n<meta property=\"og:description\" content=\"Un actor interna\u0163ional este orice structur\u0103 social\u0103, capabil\u0103 de a ac\u0163iona \u015fi a influen\u0163a SI sau mondial. Pe l\u00e2ng\u0103 actorul statal \u015fi, ONG-urile \u015fi OIG-urile ca actori non-statali, un rol aparte pe scena interna\u0163ional\u0103 \u00eel ocup\u0103 individul. Individul ca actor interna\u0163ional are deseori rol de mediator, dar evident nu to\u0163i indivizii pot de\u0163ine calitate de [&hellip;]\" \/>\n<meta property=\"og:url\" content=\"https:\/\/rubyskynews.com\/index.php\/2011\/03\/01\/statutul-teoretic-si-politic-al-2\/\" \/>\n<meta property=\"og:site_name\" content=\"Jobs\/ Internships\/ Scholarships\/\" \/>\n<meta property=\"article:published_time\" content=\"2011-03-01T11:48:00+00:00\" \/>\n<meta property=\"article:modified_time\" content=\"2020-09-25T09:46:23+00:00\" \/>\n<meta name=\"author\" content=\"eurointern\" \/>\n<meta name=\"twitter:card\" content=\"summary_large_image\" \/>\n<meta name=\"twitter:label1\" content=\"Written by\" \/>\n\t<meta name=\"twitter:data1\" content=\"eurointern\" \/>\n\t<meta name=\"twitter:label2\" content=\"Est. reading time\" \/>\n\t<meta name=\"twitter:data2\" content=\"4 minutes\" \/>\n<script type=\"application\/ld+json\" class=\"yoast-schema-graph\">{\"@context\":\"https:\/\/schema.org\",\"@graph\":[{\"@type\":\"WebPage\",\"@id\":\"https:\/\/rubyskynews.com\/index.php\/2011\/03\/01\/statutul-teoretic-si-politic-al-2\/\",\"url\":\"https:\/\/rubyskynews.com\/index.php\/2011\/03\/01\/statutul-teoretic-si-politic-al-2\/\",\"name\":\"Statutul teoretic \u015fi politic al individului ca actor interna\u0163ional. - Jobs\/ Internships\/ Scholarships\/\",\"isPartOf\":{\"@id\":\"https:\/\/rubyskynews.com\/#website\"},\"datePublished\":\"2011-03-01T11:48:00+00:00\",\"dateModified\":\"2020-09-25T09:46:23+00:00\",\"author\":{\"@id\":\"https:\/\/rubyskynews.com\/#\/schema\/person\/2bf02c24278f4ce807817c8f91add34d\"},\"breadcrumb\":{\"@id\":\"https:\/\/rubyskynews.com\/index.php\/2011\/03\/01\/statutul-teoretic-si-politic-al-2\/#breadcrumb\"},\"inLanguage\":\"en-US\",\"potentialAction\":[{\"@type\":\"ReadAction\",\"target\":[\"https:\/\/rubyskynews.com\/index.php\/2011\/03\/01\/statutul-teoretic-si-politic-al-2\/\"]}]},{\"@type\":\"BreadcrumbList\",\"@id\":\"https:\/\/rubyskynews.com\/index.php\/2011\/03\/01\/statutul-teoretic-si-politic-al-2\/#breadcrumb\",\"itemListElement\":[{\"@type\":\"ListItem\",\"position\":1,\"name\":\"Home\",\"item\":\"https:\/\/rubyskynews.com\/\"},{\"@type\":\"ListItem\",\"position\":2,\"name\":\"Statutul teoretic \u015fi politic al individului ca actor interna\u0163ional.\"}]},{\"@type\":\"WebSite\",\"@id\":\"https:\/\/rubyskynews.com\/#website\",\"url\":\"https:\/\/rubyskynews.com\/\",\"name\":\"Jobs\/ Internships\/ Scholarships\/\",\"description\":\"Internships\/ Scholarships\/  Grants\",\"potentialAction\":[{\"@type\":\"SearchAction\",\"target\":{\"@type\":\"EntryPoint\",\"urlTemplate\":\"https:\/\/rubyskynews.com\/?s={search_term_string}\"},\"query-input\":\"required name=search_term_string\"}],\"inLanguage\":\"en-US\"},{\"@type\":\"Person\",\"@id\":\"https:\/\/rubyskynews.com\/#\/schema\/person\/2bf02c24278f4ce807817c8f91add34d\",\"name\":\"eurointern\",\"image\":{\"@type\":\"ImageObject\",\"inLanguage\":\"en-US\",\"@id\":\"https:\/\/rubyskynews.com\/#\/schema\/person\/image\/\",\"url\":\"https:\/\/secure.gravatar.com\/avatar\/4ba0ee69eda3e0c9ec9a3c49a6c7a82b?s=96&d=mm&r=g\",\"contentUrl\":\"https:\/\/secure.gravatar.com\/avatar\/4ba0ee69eda3e0c9ec9a3c49a6c7a82b?s=96&d=mm&r=g\",\"caption\":\"eurointern\"},\"sameAs\":[\"http:\/\/rubyskynews.com\"],\"url\":\"https:\/\/rubyskynews.com\/index.php\/author\/eurointern28gmail-com\/\"}]}<\/script>\n<!-- \/ Yoast SEO plugin. -->","yoast_head_json":{"title":"Statutul teoretic \u015fi politic al individului ca actor interna\u0163ional. - Jobs\/ Internships\/ Scholarships\/","robots":{"index":"index","follow":"follow","max-snippet":"max-snippet:-1","max-image-preview":"max-image-preview:large","max-video-preview":"max-video-preview:-1"},"canonical":"https:\/\/rubyskynews.com\/index.php\/2011\/03\/01\/statutul-teoretic-si-politic-al-2\/","og_locale":"en_US","og_type":"article","og_title":"Statutul teoretic \u015fi politic al individului ca actor interna\u0163ional. - Jobs\/ Internships\/ Scholarships\/","og_description":"Un actor interna\u0163ional este orice structur\u0103 social\u0103, capabil\u0103 de a ac\u0163iona \u015fi a influen\u0163a SI sau mondial. Pe l\u00e2ng\u0103 actorul statal \u015fi, ONG-urile \u015fi OIG-urile ca actori non-statali, un rol aparte pe scena interna\u0163ional\u0103 \u00eel ocup\u0103 individul. Individul ca actor interna\u0163ional are deseori rol de mediator, dar evident nu to\u0163i indivizii pot de\u0163ine calitate de [&hellip;]","og_url":"https:\/\/rubyskynews.com\/index.php\/2011\/03\/01\/statutul-teoretic-si-politic-al-2\/","og_site_name":"Jobs\/ Internships\/ Scholarships\/","article_published_time":"2011-03-01T11:48:00+00:00","article_modified_time":"2020-09-25T09:46:23+00:00","author":"eurointern","twitter_card":"summary_large_image","twitter_misc":{"Written by":"eurointern","Est. reading time":"4 minutes"},"schema":{"@context":"https:\/\/schema.org","@graph":[{"@type":"WebPage","@id":"https:\/\/rubyskynews.com\/index.php\/2011\/03\/01\/statutul-teoretic-si-politic-al-2\/","url":"https:\/\/rubyskynews.com\/index.php\/2011\/03\/01\/statutul-teoretic-si-politic-al-2\/","name":"Statutul teoretic \u015fi politic al individului ca actor interna\u0163ional. - Jobs\/ Internships\/ Scholarships\/","isPartOf":{"@id":"https:\/\/rubyskynews.com\/#website"},"datePublished":"2011-03-01T11:48:00+00:00","dateModified":"2020-09-25T09:46:23+00:00","author":{"@id":"https:\/\/rubyskynews.com\/#\/schema\/person\/2bf02c24278f4ce807817c8f91add34d"},"breadcrumb":{"@id":"https:\/\/rubyskynews.com\/index.php\/2011\/03\/01\/statutul-teoretic-si-politic-al-2\/#breadcrumb"},"inLanguage":"en-US","potentialAction":[{"@type":"ReadAction","target":["https:\/\/rubyskynews.com\/index.php\/2011\/03\/01\/statutul-teoretic-si-politic-al-2\/"]}]},{"@type":"BreadcrumbList","@id":"https:\/\/rubyskynews.com\/index.php\/2011\/03\/01\/statutul-teoretic-si-politic-al-2\/#breadcrumb","itemListElement":[{"@type":"ListItem","position":1,"name":"Home","item":"https:\/\/rubyskynews.com\/"},{"@type":"ListItem","position":2,"name":"Statutul teoretic \u015fi politic al individului ca actor interna\u0163ional."}]},{"@type":"WebSite","@id":"https:\/\/rubyskynews.com\/#website","url":"https:\/\/rubyskynews.com\/","name":"Jobs\/ Internships\/ Scholarships\/","description":"Internships\/ Scholarships\/  Grants","potentialAction":[{"@type":"SearchAction","target":{"@type":"EntryPoint","urlTemplate":"https:\/\/rubyskynews.com\/?s={search_term_string}"},"query-input":"required name=search_term_string"}],"inLanguage":"en-US"},{"@type":"Person","@id":"https:\/\/rubyskynews.com\/#\/schema\/person\/2bf02c24278f4ce807817c8f91add34d","name":"eurointern","image":{"@type":"ImageObject","inLanguage":"en-US","@id":"https:\/\/rubyskynews.com\/#\/schema\/person\/image\/","url":"https:\/\/secure.gravatar.com\/avatar\/4ba0ee69eda3e0c9ec9a3c49a6c7a82b?s=96&d=mm&r=g","contentUrl":"https:\/\/secure.gravatar.com\/avatar\/4ba0ee69eda3e0c9ec9a3c49a6c7a82b?s=96&d=mm&r=g","caption":"eurointern"},"sameAs":["http:\/\/rubyskynews.com"],"url":"https:\/\/rubyskynews.com\/index.php\/author\/eurointern28gmail-com\/"}]}},"_links":{"self":[{"href":"https:\/\/rubyskynews.com\/index.php\/wp-json\/wp\/v2\/posts\/27419"}],"collection":[{"href":"https:\/\/rubyskynews.com\/index.php\/wp-json\/wp\/v2\/posts"}],"about":[{"href":"https:\/\/rubyskynews.com\/index.php\/wp-json\/wp\/v2\/types\/post"}],"author":[{"embeddable":true,"href":"https:\/\/rubyskynews.com\/index.php\/wp-json\/wp\/v2\/users\/1"}],"replies":[{"embeddable":true,"href":"https:\/\/rubyskynews.com\/index.php\/wp-json\/wp\/v2\/comments?post=27419"}],"version-history":[{"count":0,"href":"https:\/\/rubyskynews.com\/index.php\/wp-json\/wp\/v2\/posts\/27419\/revisions"}],"wp:attachment":[{"href":"https:\/\/rubyskynews.com\/index.php\/wp-json\/wp\/v2\/media?parent=27419"}],"wp:term":[{"taxonomy":"category","embeddable":true,"href":"https:\/\/rubyskynews.com\/index.php\/wp-json\/wp\/v2\/categories?post=27419"},{"taxonomy":"post_tag","embeddable":true,"href":"https:\/\/rubyskynews.com\/index.php\/wp-json\/wp\/v2\/tags?post=27419"}],"curies":[{"name":"wp","href":"https:\/\/api.w.org\/{rel}","templated":true}]}}