{"id":27077,"date":"2011-03-02T14:29:00","date_gmt":"2011-03-02T14:29:00","guid":{"rendered":""},"modified":"2020-09-25T09:44:50","modified_gmt":"2020-09-25T09:44:50","slug":"inregistrare-marca","status":"publish","type":"post","link":"https:\/\/rubyskynews.com\/index.php\/2011\/03\/02\/inregistrare-marca\/","title":{"rendered":"Inregistrare marca"},"content":{"rendered":"<div style=\"margin-top: 0px; margin-bottom: 0px;\" class=\"sharethis-inline-share-buttons\" ><\/div><div class=\"MsoNormal\">\n<\/div>\n<div class=\"MsoNormal\">\n<\/div>\n<div class=\"MsoNormal\">\n<\/div>\n<div align=\"center\" class=\"MsoNormal\" style=\"text-align: center;\"><span lang=\"RO\" style=\"color: black; font-family: Arial; font-size: 10pt;\">&nbsp;CERERE DE INREGISTRARE MARCA<\/span><\/div>\n<div class=\"MsoNormal\">\n<\/div>\n<div class=\"MsoNormal\" style=\"margin-left: 0.45pt;\">\n<\/div>\n<div class=\"MsoNormal\" style=\"margin-left: 0.45pt;\"><span lang=\"RO\" style=\"color: black; font-family: &quot;Indaco Monospace&quot;; font-size: 4pt;\">\u00da\u00c4\u00c4\u00c4\u00c4\u00c4\u00c4\u00c4\u00c4\u00c4\u00c4\u00c4\u00c4\u00c4\u00c4\u00c4\u00c4\u00c4\u00c4\u00c4\u00c4\u00c4\u00c4\u00c4\u00c4\u00c4\u00c4\u00c4\u00c4\u00c4\u00c4A\u00c4\u00c4\u00c4\u00c4\u00c4\u00c4\u00c4\u00c4\u00c4\u00c4\u00c4\u00c4\u00c4\u00c4\u00c4\u00c4\u00c4\u00c4\u00c4\u00c4\u00c4\u00c4\u00c4\u00c4\u00c4\u00c4\u00c4\u00c4\u00c4\u00c4\u00c4\u00c4\u00c4\u00c4\u00c4\u00c4\u00c4\u00c4\u00c4\u00c4A\u00c4\u00c4\u00c4\u00c4\u00c4\u00c4\u00c4\u00c4\u00c4\u00c4\u00c4\u00c4\u00c4\u00c4\u00c4\u00c4\u00c4\u00c4\u00c4\u00c4\u00c4\u00c4\u00c4\u00c4\u00c4\u00c4\u00c4\u00c4\u00c4\u00c4\u00c4\u00c4\u00c4\u00c4\u00c4\u00c4\u00c4\u00c4\u017c<\/span><\/div>\n<div class=\"MsoNormal\" style=\"margin-left: 0.45pt;\"><span lang=\"RO\" style=\"color: black; font-family: &quot;Indaco Monospace&quot;; font-size: 4pt;\">\u0142nr. de referin\u00f6\u0111 rezervat OSIM\u0142nr. de referin\u00f6\u0111 rezervat solicitantului\u0142nr. de referin\u00f6\u0111 rezervat mandatarului\u0142<\/span><\/div>\n<div class=\"MsoNormal\" style=\"margin-left: 0.45pt;\"><span lang=\"RO\" style=\"color: black; font-family: &quot;Indaco Monospace&quot;; font-size: 4pt;\">\u0142&nbsp;&nbsp;&nbsp;&nbsp;&nbsp;&nbsp;&nbsp;&nbsp;&nbsp;&nbsp;&nbsp;&nbsp;&nbsp;&nbsp;&nbsp;&nbsp;&nbsp;&nbsp;&nbsp;&nbsp;&nbsp;&nbsp;&nbsp;&nbsp;&nbsp;&nbsp;&nbsp;&nbsp;&nbsp; \u0142&nbsp;&nbsp;&nbsp;&nbsp;&nbsp;&nbsp;&nbsp;&nbsp;&nbsp;&nbsp;&nbsp;&nbsp;&nbsp;&nbsp;&nbsp;&nbsp;&nbsp;&nbsp;&nbsp;&nbsp;&nbsp;&nbsp;&nbsp;&nbsp;&nbsp;&nbsp;&nbsp;&nbsp;&nbsp;&nbsp;&nbsp;&nbsp;&nbsp;&nbsp;&nbsp;&nbsp;&nbsp;&nbsp;&nbsp; \u0142&nbsp;&nbsp;&nbsp;&nbsp;&nbsp;&nbsp;&nbsp;&nbsp;&nbsp;&nbsp;&nbsp;&nbsp;&nbsp;&nbsp;&nbsp;&nbsp;&nbsp;&nbsp;&nbsp;&nbsp;&nbsp;&nbsp;&nbsp;&nbsp;&nbsp;&nbsp;&nbsp;&nbsp;&nbsp;&nbsp;&nbsp;&nbsp;&nbsp;&nbsp;&nbsp;&nbsp;&nbsp; \u0142<\/span><\/div>\n<div class=\"MsoNormal\" style=\"margin-left: 0.45pt;\"><span lang=\"RO\" style=\"color: black; font-family: &quot;Indaco Monospace&quot;; font-size: 4pt;\">\u0154\u00c4\u00c4\u00c4\u00c4\u00c4\u00c4\u00c4\u00c4\u00c4\u00c4\u00c4\u00c4\u00c4\u00c4\u00c4\u00c4\u00c4\u00c4\u00c4\u00c4\u00c4\u00c4\u00c4\u00c4\u00c4\u00c4\u00c4\u00c4\u00c4\u00c4\u00c1\u00c4\u00c4\u00c4\u00c4\u00c4\u00c4\u00c4\u00c4\u00c4\u00c4\u00c4\u00c4\u00c4\u00c4\u00c4\u00c4\u00c4\u00c4\u00c4\u00c4\u00c4\u00c4\u00c4\u00c4\u00c4\u00c4\u00c4\u00c4\u00c4\u00c4\u00c4\u00c4\u00c4\u00c4\u00c4\u00c4\u00c4\u00c4\u00c4\u00c4\u00c1\u00c4\u00c4\u00c4\u00c4\u00c4\u00c4\u00c4\u00c4\u00c4\u00c4\u00c4\u00c4\u00c4\u00c4\u00c4\u00c4\u00c4\u00c4\u00c4\u00c4\u00c4\u00c4\u00c4\u00c4\u00c4\u00c4\u00c4\u00c4\u00c4\u00c4\u00c4\u00c4\u00c4\u00c4\u00c4\u00c4\u00c4\u00c4\u016e<\/span><\/div>\n<div class=\"MsoNormal\" style=\"margin-left: 0.45pt;\">\n<\/div>\n<div class=\"MsoNormal\"><span lang=\"RO\" style=\"color: black; font-family: Arial; font-size: 10pt;\">&nbsp;&nbsp; <b>1. <\/b>SOLICITAREA DE INREGISTRARE.<\/span><\/div>\n<div class=\"MsoNormal\">\n<\/div>\n<div class=\"MsoNormal\"><span lang=\"RO\" style=\"color: black; font-family: Arial; font-size: 10pt;\">&nbsp;&nbsp; <b>1.1. <\/b>[ ] prezenta cerere de inregistrare se refera la marca reprodusa in continuare, care este:<\/span><\/div>\n<div class=\"MsoNormal\">\n<\/div>\n<div class=\"MsoNormal\"><span lang=\"RO\" style=\"color: black; font-family: Arial; font-size: 10pt;\">&nbsp;&nbsp; <b>1.1.1. <\/b>[ ] verbala<\/span><\/div>\n<div class=\"MsoNormal\"><span lang=\"RO\" style=\"color: black; font-family: Arial; font-size: 10pt;\">&nbsp;&nbsp; <b>1.1.2. <\/b>[ ] figurativa<\/span><\/div>\n<div class=\"MsoNormal\"><span lang=\"RO\" style=\"color: black; font-family: Arial; font-size: 10pt;\">&nbsp;&nbsp; <b>1.1.3. <\/b>[ ] combinata<\/span><\/div>\n<div class=\"MsoNormal\"><span lang=\"RO\" style=\"color: black; font-family: Arial; font-size: 10pt;\">&nbsp;&nbsp; <b>1.1.4. <\/b>[ ] tridimensionala<\/span><\/div>\n<div class=\"MsoNormal\">\n<\/div>\n<div class=\"MsoNormal\"><span lang=\"RO\" style=\"color: black; font-family: Arial; font-size: 10pt;\">&nbsp;&nbsp; <b>1.<\/b>2 Felul marcii:<\/span><\/div>\n<div class=\"MsoNormal\">\n<\/div>\n<div class=\"MsoNormal\"><span lang=\"RO\" style=\"color: black; font-family: Arial; font-size: 10pt;\">&nbsp;&nbsp; <b>1.2.1. <\/b>[ ] Individuala<\/span><\/div>\n<div class=\"MsoNormal\"><span lang=\"RO\" style=\"color: black; font-family: Arial; font-size: 10pt;\">&nbsp;&nbsp; <b>1.2.2. <\/b>[ ] Colectiva<\/span><\/div>\n<div class=\"MsoNormal\"><span lang=\"RO\" style=\"color: black; font-family: Arial; font-size: 10pt;\">&nbsp;&nbsp; <b>1.2.3. <\/b>[ ] De certificare<\/span><\/div>\n<div class=\"MsoNormal\">\n<\/div>\n<div class=\"MsoNormal\"><span lang=\"RO\" style=\"color: black; font-family: Arial; font-size: 10pt;\">&nbsp;&nbsp; <b>2. <\/b>SOLICITANTUL\/SOLICITANTII:<\/span><\/div>\n<div class=\"MsoNormal\">\n<\/div>\n<div class=\"MsoNormal\"><span lang=\"RO\" style=\"color: black; font-family: Arial; font-size: 10pt;\">&nbsp;&nbsp; <b>2.1. <\/b>[ ] Daca solicitantul este o persoana fizica,<\/span><\/div>\n<div class=\"MsoNormal\"><span lang=\"RO\" style=\"color: black; font-family: Arial; font-size: 10pt;\">&nbsp;&nbsp; <b>a) <\/b>numele:<\/span><\/div>\n<div class=\"MsoNormal\"><span lang=\"RO\" style=\"color: black; font-family: Arial; font-size: 10pt;\">&nbsp;&nbsp; <b>b) <\/b>prenumele:<\/span><\/div>\n<div class=\"MsoNormal\">\n<\/div>\n<div class=\"MsoNormal\"><span lang=\"RO\" style=\"color: black; font-family: Arial; font-size: 10pt;\">&nbsp;&nbsp; <b>2.2. <\/b>[ ] Daca solicitantul este o persoana juridica, denumirea completa a acestei persoane:<\/span><\/div>\n<div class=\"MsoNormal\">\n<\/div>\n<div class=\"MsoNormal\"><span lang=\"RO\" style=\"color: black; font-family: Arial; font-size: 10pt;\">&nbsp;&nbsp; <b>2.3. <\/b>Adresa inclusiv codul postal si tara:<\/span><\/div>\n<div class=\"MsoNormal\">\n<\/div>\n<div class=\"MsoNormal\"><span lang=\"RO\" style=\"color: black; font-family: Arial; font-size: 10pt;\">&nbsp;&nbsp; [ ] Numar de telefon<\/span><\/div>\n<div class=\"MsoNormal\"><span lang=\"RO\" style=\"color: black; font-family: Arial; font-size: 10pt;\">&nbsp;&nbsp; [ ] Cu prefixul zonei<\/span><\/div>\n<div class=\"MsoNormal\"><span lang=\"RO\" style=\"color: black; font-family: Arial; font-size: 10pt;\">&nbsp;&nbsp; [ ] Numar de fax<\/span><\/div>\n<div class=\"MsoNormal\"><span lang=\"RO\" style=\"color: black; font-family: Arial; font-size: 10pt;\">&nbsp;&nbsp; [ ] Cu prefixul zonei<\/span><\/div>\n<div class=\"MsoNormal\">\n<\/div>\n<div class=\"MsoNormal\"><span lang=\"RO\" style=\"color: black; font-family: Arial; font-size: 10pt;\">&nbsp;&nbsp; <b>2.4. <\/b>Statul caruia solicitantul ii apartine:<\/span><\/div>\n<div class=\"MsoNormal\"><span lang=\"RO\" style=\"color: black; font-family: Arial; font-size: 10pt;\">&nbsp;&nbsp; Statul in care solicitantul isi are domiciliul:<\/span><\/div>\n<div class=\"MsoNormal\"><span lang=\"RO\" style=\"color: black; font-family: Arial; font-size: 10pt;\">&nbsp;&nbsp; Statul in care solicitantul are o intreprindere industriala sau comerciala efectiva si serioasa:<\/span><\/div>\n<div class=\"MsoNormal\">\n<\/div>\n<div class=\"MsoNormal\"><span lang=\"RO\" style=\"color: black; font-family: Arial; font-size: 10pt;\">&nbsp;&nbsp; <b>2.5. <\/b>[ ] Daca solicitantul este o persoana juridica se indica:<\/span><\/div>\n<div class=\"MsoNormal\">\n<\/div>\n<div class=\"MsoNormal\"><span lang=\"RO\" style=\"color: black; font-family: Arial; font-size: 10pt;\">&nbsp;&nbsp; &#8211; forma de constituire a acesteia:<\/span><\/div>\n<div class=\"MsoNormal\"><span lang=\"RO\" style=\"color: black; font-family: Arial; font-size: 10pt;\">&nbsp;&nbsp; &#8211; Statul a carei legislatie a servit drept cadru pentru constituirea persoanei juridice:<\/span><\/div>\n<div class=\"MsoNormal\">\n<\/div>\n<div class=\"MsoNormal\"><span lang=\"RO\" style=\"color: black; font-family: Arial; font-size: 10pt;\">&nbsp;&nbsp; <b>2.6. <\/b>[ ] Se bifeaza in cazul pluralitatii solicitantilor. Daca solicitantii nu sunt reprezentati prin mandatar se va sublinia numele solicitantului cu care se doreste ca OSIM sa poarte corespondenta.<\/span><\/div>\n<div class=\"MsoNormal\">\n<\/div>\n<div class=\"MsoNormal\"><span lang=\"RO\" style=\"color: black; font-family: Arial; font-size: 10pt;\">&nbsp;&nbsp; <b>3. <\/b>MANDATAR<\/span><\/div>\n<div class=\"MsoNormal\">\n<\/div>\n<div class=\"MsoNormal\"><span lang=\"RO\" style=\"color: black; font-family: Arial; font-size: 10pt;\">&nbsp;&nbsp; <b>3.1. <\/b>[ ] Solicitantul nu are mandatar<\/span><\/div>\n<div class=\"MsoNormal\"><span lang=\"RO\" style=\"color: black; font-family: Arial; font-size: 10pt;\">&nbsp;&nbsp; <b>3.2. <\/b>[ ] Solicitantul are un mandatar<\/span><\/div>\n<div class=\"MsoNormal\"><span lang=\"RO\" style=\"color: black; font-family: Arial; font-size: 10pt;\">&nbsp;&nbsp; <b>3.2.1. <\/b>Identitatea mandatarului<\/span><\/div>\n<div class=\"MsoNormal\">\n<\/div>\n<div class=\"MsoNormal\"><span lang=\"RO\" style=\"color: black; font-family: Arial; font-size: 10pt;\">&nbsp;&nbsp; <b>3.2.1.1. <\/b>Numele\/Denumirea:<\/span><\/div>\n<div class=\"MsoNormal\">\n<\/div>\n<div class=\"MsoNormal\"><span lang=\"RO\" style=\"color: black; font-family: Arial; font-size: 10pt;\">&nbsp;&nbsp; <b>3.2.1.2. <\/b>Adresa (inclusiv codul postal si tara)<\/span><\/div>\n<div class=\"MsoNormal\">\n<\/div>\n<div class=\"MsoNormal\"><span lang=\"RO\" style=\"color: black; font-family: Arial; font-size: 10pt;\">&nbsp;&nbsp; [ ] Numar de telefon<\/span><\/div>\n<div class=\"MsoNormal\"><span lang=\"RO\" style=\"color: black; font-family: Arial; font-size: 10pt;\">&nbsp;&nbsp; [ ] Cu prefixul zonei<\/span><\/div>\n<div class=\"MsoNormal\"><span lang=\"RO\" style=\"color: black; font-family: Arial; font-size: 10pt;\">&nbsp;&nbsp; [ ] Numar de fax<\/span><\/div>\n<div class=\"MsoNormal\"><span lang=\"RO\" style=\"color: black; font-family: Arial; font-size: 10pt;\">&nbsp;&nbsp; [ ] Cu prefixul zonei<\/span><\/div>\n<div class=\"MsoNormal\">\n<\/div>\n<div class=\"MsoNormal\"><span lang=\"RO\" style=\"color: black; font-family: Arial; font-size: 10pt;\">&nbsp;&nbsp; <b>3.2.2. <\/b>[ ] Procura a fost transmisa deja la Oficiu (numarul de inregistrare, daca se cunoaste).<\/span><\/div>\n<div class=\"MsoNormal\"><span lang=\"RO\" style=\"color: black; font-family: Arial; font-size: 10pt;\">&nbsp;&nbsp; <b>3.2.3. <\/b>[ ] Procura este anexata cererii.<\/span><\/div>\n<div class=\"MsoNormal\"><span lang=\"RO\" style=\"color: black; font-family: Arial; font-size: 10pt;\">&nbsp;&nbsp; <b>3.2.4. <\/b>[ ] Procura va fi depusa ulterior.<\/span><\/div>\n<div class=\"MsoNormal\">\n<\/div>\n<div class=\"MsoNormal\"><span lang=\"RO\" style=\"color: black; font-family: Arial; font-size: 10pt;\">&nbsp;&nbsp; <b>4. <\/b>REVENDICAREA PRIORITATII:<\/span><\/div>\n<div class=\"MsoNormal\">\n<\/div>\n<div class=\"MsoNormal\"><span lang=\"RO\" style=\"color: black; font-family: Arial; font-size: 10pt;\">&nbsp;&nbsp; [ ] Solicitantul revendica urmatoarea prioritate:<\/span><\/div>\n<div class=\"MsoNormal\">\n<\/div>\n<div class=\"MsoNormal\"><span lang=\"RO\" style=\"color: black; font-family: Arial; font-size: 10pt;\">&nbsp;&nbsp; <b>4.1. <\/b>Tara (Oficiul primului depozit):<\/span><\/div>\n<div class=\"MsoNormal\"><span lang=\"RO\" style=\"color: black; font-family: Arial; font-size: 10pt;\">&nbsp;&nbsp; <b>4.2. <\/b>Data primului depozit:<\/span><\/div>\n<div class=\"MsoNormal\"><span lang=\"RO\" style=\"color: black; font-family: Arial; font-size: 10pt;\">&nbsp;&nbsp; <b>4.3. <\/b>Numarul primului depozit:<\/span><\/div>\n<div class=\"MsoNormal\"><span lang=\"RO\" style=\"color: black; font-family: Arial; font-size: 10pt;\">&nbsp;&nbsp; <b>4.4. <\/b>Copia certificata a cererii a carei prioritate este revendicata<\/span><\/div>\n<div class=\"MsoNormal\"><span lang=\"RO\" style=\"color: black; font-family: Arial; font-size: 10pt;\">&nbsp;&nbsp; [ ] &#8211; este anexata<\/span><\/div>\n<div class=\"MsoNormal\"><span lang=\"RO\" style=\"color: black; font-family: Arial; font-size: 10pt;\">&nbsp;&nbsp; [ ] &#8211; va fi depusa in termen de trei luni incepand de la data depunerii cererii.<\/span><\/div>\n<div class=\"MsoNormal\"><span lang=\"RO\" style=\"color: black; font-family: Arial; font-size: 10pt;\">&nbsp;&nbsp; <b>4.5. <\/b>Traducerea in limba romana a copiei certificata pentru conformitate<\/span><\/div>\n<div class=\"MsoNormal\"><span lang=\"RO\" style=\"color: black; font-family: Arial; font-size: 10pt;\">&nbsp;&nbsp; <b>4.5.1. <\/b>[ ] este anexata<\/span><\/div>\n<div class=\"MsoNormal\"><span lang=\"RO\" style=\"color: black; font-family: Arial; font-size: 10pt;\">&nbsp;&nbsp; <b>4.5.2. <\/b>[ ] va fi anexata in termen de trei luni incepand de la data depunerii cererii.<\/span><\/div>\n<div class=\"MsoNormal\"><span lang=\"RO\" style=\"color: black; font-family: Arial; font-size: 10pt;\">&nbsp;&nbsp; <b>4.6. <\/b>Se bifeaza in cazul prioritatilor multiple, cu precizarea produselor\/ serviciilor la care se refera.<\/span><\/div>\n<div class=\"MsoNormal\">\n<\/div>\n<div class=\"MsoNormal\"><span lang=\"RO\" style=\"color: black; font-family: Arial; font-size: 10pt;\">&nbsp;&nbsp; <b>5. <\/b>REVENDICAREA PRIORITATII DE EXPOZITIE.<\/span><\/div>\n<div class=\"MsoNormal\">\n<\/div>\n<div class=\"MsoNormal\"><span lang=\"RO\" style=\"color: black; font-family: Arial; font-size: 10pt;\">&nbsp;&nbsp; [ ] se bifeaza in cazul in care solicitantul doreste sa beneficieze de o protectie temporara rezultata din prezentarea produselor si serviciilor intr-o expozitie cu indicarea locului, datei si denumirii expozitiei. Documentul care atesta ca marcile au fost aplicate la produsele\/serviciile prezentate in expozitie, data introducerii acestora in expozitie, eliberat de organizatorul expozitiei.<\/span><\/div>\n<div class=\"MsoNormal\"><span lang=\"RO\" style=\"color: black; font-family: Arial; font-size: 10pt;\">&nbsp;&nbsp; Documentul va fi insotit de traducerea in limba romana.<\/span><\/div>\n<div class=\"MsoNormal\">\n<\/div>\n<div class=\"MsoNormal\"><span lang=\"RO\" style=\"color: black; font-family: Arial; font-size: 10pt;\">&nbsp;&nbsp; <b>6. <\/b>REPRODUCEREA MARCII:<\/span><\/div>\n<div class=\"MsoNormal\" style=\"margin-left: 64.35pt;\">\n<\/div>\n<div class=\"MsoNormal\" style=\"margin-left: 64.35pt;\"><span lang=\"RO\" style=\"color: black; font-family: &quot;Indaco Monospace&quot;; font-size: 10pt;\">&nbsp;&nbsp;&nbsp;&nbsp;&nbsp; 6X6 cm<\/span><\/div>\n<div class=\"MsoNormal\" style=\"margin-left: 64.35pt;\"><span lang=\"RO\" style=\"color: black; font-family: &quot;Indaco Monospace&quot;; font-size: 10pt;\">\u00da\u00c4\u00c4\u00c4\u00c4\u00c4\u00c4\u00c4\u00c4\u00c4\u00c4\u00c4\u00c4\u00c4\u00c4\u00c4\u017c<\/span><\/div>\n<div class=\"MsoNormal\" style=\"margin-left: 64.35pt;\"><span lang=\"RO\" style=\"color: black; font-family: &quot;Indaco Monospace&quot;; font-size: 10pt;\">\u0142&nbsp;&nbsp;&nbsp;&nbsp;&nbsp;&nbsp;&nbsp;&nbsp;&nbsp;&nbsp;&nbsp;&nbsp;&nbsp;&nbsp; \u0142<\/span><\/div>\n<div class=\"MsoNormal\" style=\"margin-left: 64.35pt;\"><span lang=\"RO\" style=\"color: black; font-family: &quot;Indaco Monospace&quot;; font-size: 10pt;\">\u0142&nbsp;&nbsp;&nbsp;&nbsp;&nbsp;&nbsp;&nbsp;&nbsp;&nbsp;&nbsp;&nbsp;&nbsp;&nbsp;&nbsp; \u0142<\/span><\/div>\n<div class=\"MsoNormal\" style=\"margin-left: 64.35pt;\"><span lang=\"RO\" style=\"color: black; font-family: &quot;Indaco Monospace&quot;; font-size: 10pt;\">\u0142&nbsp;&nbsp;&nbsp;&nbsp;&nbsp;&nbsp;&nbsp;&nbsp;&nbsp;&nbsp;&nbsp;&nbsp;&nbsp;&nbsp; \u0142<\/span><\/div>\n<div class=\"MsoNormal\" style=\"margin-left: 64.35pt;\"><span lang=\"RO\" style=\"color: black; font-family: &quot;Indaco Monospace&quot;; font-size: 10pt;\">\u0142&nbsp;&nbsp;&nbsp;&nbsp;&nbsp;&nbsp;&nbsp;&nbsp;&nbsp;&nbsp;&nbsp;&nbsp;&nbsp;&nbsp; \u0142<\/span><\/div>\n<div class=\"MsoNormal\" style=\"margin-left: 64.35pt;\"><span lang=\"RO\" style=\"color: black; font-family: &quot;Indaco Monospace&quot;; font-size: 10pt;\">\u0142&nbsp;&nbsp;&nbsp;&nbsp;&nbsp;&nbsp;&nbsp;&nbsp;&nbsp;&nbsp;&nbsp;&nbsp;&nbsp;&nbsp; \u0142<\/span><\/div>\n<div class=\"MsoNormal\" style=\"margin-left: 64.35pt;\"><span lang=\"RO\" style=\"color: black; font-family: &quot;Indaco Monospace&quot;; font-size: 10pt;\">\u0154\u00c4\u00c4\u00c4\u00c4\u00c4\u00c4\u00c4\u00c4\u00c4\u00c4\u00c4\u00c4\u00c4\u00c4\u00c4\u016e<\/span><\/div>\n<div class=\"MsoNormal\" style=\"margin-left: 64.35pt;\">\n<\/div>\n<div class=\"MsoNormal\"><span lang=\"RO\" style=\"color: black; font-family: Arial; font-size: 10pt;\">&nbsp;&nbsp; <b>7.1. <\/b>[ ] Culoarea revendicata ca element distinctiv al marcii:<\/span><\/div>\n<div class=\"MsoNormal\">\n<\/div>\n<div class=\"MsoNormal\"><span lang=\"RO\" style=\"color: black; font-family: Arial; font-size: 10pt;\">&nbsp;&nbsp; <b>7.1.1. <\/b>Denumirea culorilor revendicate<\/span><\/div>\n<div class=\"MsoNormal\">\n<\/div>\n<div class=\"MsoNormal\"><span lang=\"RO\" style=\"color: black; font-family: Arial; font-size: 10pt;\">&nbsp;&nbsp; <b>7.1.2. <\/b>Principalele parti ale marcii care sunt in culori.<\/span><\/div>\n<div class=\"MsoNormal\">\n<\/div>\n<div class=\"MsoNormal\"><span lang=\"RO\" style=\"color: black; font-family: Arial; font-size: 10pt;\">&nbsp;&nbsp; <b>7.2. <\/b>Daca marca este tridimensionala<\/span><\/div>\n<div class=\"MsoNormal\"><span lang=\"RO\" style=\"color: black; font-family: Arial; font-size: 10pt;\">&nbsp;&nbsp; [ ] se ataseaza 6 vederi diferite ale marcii<\/span><\/div>\n<div class=\"MsoNormal\">\n<\/div>\n<div class=\"MsoNormal\"><span lang=\"RO\" style=\"color: black; font-family: Arial; font-size: 10pt;\">&nbsp;&nbsp; <b>8. <\/b>TRANSLITERAREA MARCII:<\/span><\/div>\n<div class=\"MsoNormal\"><span lang=\"RO\" style=\"color: black; font-family: Arial; font-size: 10pt;\">&nbsp;&nbsp; Marca sau parti din ea sunt transliterate precum urmeaza:<\/span><\/div>\n<div class=\"MsoNormal\">\n<\/div>\n<div class=\"MsoNormal\"><span lang=\"RO\" style=\"color: black; font-family: Arial; font-size: 10pt;\">&nbsp;&nbsp; <b>9. <\/b>TRADUCEREA MARCII:<\/span><\/div>\n<div class=\"MsoNormal\"><span lang=\"RO\" style=\"color: black; font-family: Arial; font-size: 10pt;\">&nbsp;&nbsp; Marca sau parti din ea sunt traduse in limba romana precum urmeaza:<\/span><\/div>\n<div class=\"MsoNormal\">\n<\/div>\n<div class=\"MsoNormal\"><span lang=\"RO\" style=\"color: black; font-family: Arial; font-size: 10pt;\">&nbsp;&nbsp; <b>10. <\/b>LISTA PRODUSELOR SAU\/SI SERVICIILOR<\/span><\/div>\n<div class=\"MsoNormal\">\n<\/div>\n<div class=\"MsoNormal\"><span lang=\"RO\" style=\"color: black; font-family: Arial; font-size: 10pt;\">&nbsp;&nbsp; (Clasificate conform &#8220;Clasificarii de la Nisa&#8221; si\/sau &#8220;Clasificarii de la Viena&#8221;).<\/span><\/div>\n<div class=\"MsoNormal\"><span lang=\"RO\" style=\"color: black; font-family: Arial; font-size: 10pt;\">&nbsp;&nbsp; Daca spatiul este insuficient se continua pe o pagina suplimentara.<\/span><\/div>\n<div class=\"MsoNormal\">\n<\/div>\n<div class=\"MsoNormal\"><span lang=\"RO\" style=\"color: black; font-family: Arial; font-size: 10pt;\">&nbsp;&nbsp; <b>11. <\/b>SEMNATURA SI STAMPILA<\/span><\/div>\n<div class=\"MsoNormal\"><span lang=\"RO\" style=\"color: black; font-family: Arial; font-size: 10pt;\">&nbsp;&nbsp; <b>11.1. <\/b>Se bifeaza casuta adecvata dupa cum semnatura si stampila apartin:<\/span><\/div>\n<div class=\"MsoNormal\"><span lang=\"RO\" style=\"color: black; font-family: Arial; font-size: 10pt;\">&nbsp;&nbsp; <b>11.1.1. <\/b>[ ] solicitantului<\/span><\/div>\n<div class=\"MsoNormal\"><span lang=\"RO\" style=\"color: black; font-family: Arial; font-size: 10pt;\">&nbsp;&nbsp; <b>11.1.2. <\/b>[ ] mandatarului<\/span><\/div>\n<div class=\"MsoNormal\">\n<\/div>\n<div class=\"MsoNormal\"><span lang=\"RO\" style=\"color: black; font-family: Arial; font-size: 10pt;\">&nbsp;&nbsp; <b>11.2. <\/b>Data semnaturii si aplicarii stampilei<\/span><\/div>\n<div class=\"MsoNormal\">\n<\/div>\n<div class=\"MsoNormal\"><span lang=\"RO\" style=\"color: black; font-family: Arial; font-size: 10pt;\">&nbsp;&nbsp; <b>11.3. <\/b>Semnatura si stampila<\/span><\/div>\n<div class=\"MsoNormal\">\n<\/div>\n<div class=\"MsoNormal\"><span lang=\"RO\" style=\"color: black; font-family: Arial; font-size: 10pt;\">&nbsp;&nbsp; <b>12. <\/b>TAXE<\/span><\/div>\n<div class=\"MsoNormal\"><span lang=\"RO\" style=\"color: black; font-family: Arial; font-size: 10pt;\">&nbsp;&nbsp; <b>12.1. <\/b>Valoarea taxelor corespunzatoare cererii.<\/span><\/div>\n<div class=\"MsoNormal\"><span lang=\"RO\" style=\"color: black; font-family: Arial; font-size: 10pt;\">&nbsp;&nbsp; <b>12.2. <\/b>Modul de plata.<\/span><\/div>\n<div class=\"MsoNormal\">\n<\/div>\n<div class=\"MsoNormal\"><span lang=\"RO\" style=\"color: black; font-family: Arial; font-size: 10pt;\">&nbsp;&nbsp; <b>13. <\/b>PAGINI SUPLIMENTARE SI DOCUMENTE ATASATE<\/span><\/div>\n<div class=\"MsoNormal\"><span lang=\"RO\" style=\"color: black; font-family: Arial; font-size: 10pt;\">&nbsp;&nbsp; [ ] se bifeaza aceasta casuta daca exista pagini suplimentare sau documente anexate si se indica numarul acestora<\/span><\/div>\n<div class=\"MsoNormal\">\n<\/div>\n<div style=\"margin-top: 0px; margin-bottom: 0px;\" class=\"sharethis-inline-share-buttons\" ><\/div>","protected":false},"excerpt":{"rendered":"<p>&nbsp;CERERE DE INREGISTRARE MARCA \u00da\u00c4\u00c4\u00c4\u00c4\u00c4\u00c4\u00c4\u00c4\u00c4\u00c4\u00c4\u00c4\u00c4\u00c4\u00c4\u00c4\u00c4\u00c4\u00c4\u00c4\u00c4\u00c4\u00c4\u00c4\u00c4\u00c4\u00c4\u00c4\u00c4\u00c4A\u00c4\u00c4\u00c4\u00c4\u00c4\u00c4\u00c4\u00c4\u00c4\u00c4\u00c4\u00c4\u00c4\u00c4\u00c4\u00c4\u00c4\u00c4\u00c4\u00c4\u00c4\u00c4\u00c4\u00c4\u00c4\u00c4\u00c4\u00c4\u00c4\u00c4\u00c4\u00c4\u00c4\u00c4\u00c4\u00c4\u00c4\u00c4\u00c4\u00c4A\u00c4\u00c4\u00c4\u00c4\u00c4\u00c4\u00c4\u00c4\u00c4\u00c4\u00c4\u00c4\u00c4\u00c4\u00c4\u00c4\u00c4\u00c4\u00c4\u00c4\u00c4\u00c4\u00c4\u00c4\u00c4\u00c4\u00c4\u00c4\u00c4\u00c4\u00c4\u00c4\u00c4\u00c4\u00c4\u00c4\u00c4\u00c4\u017c \u0142nr. de referin\u00f6\u0111 rezervat OSIM\u0142nr. de referin\u00f6\u0111 rezervat solicitantului\u0142nr. de referin\u00f6\u0111 rezervat mandatarului\u0142 \u0142&nbsp;&nbsp;&nbsp;&nbsp;&nbsp;&nbsp;&nbsp;&nbsp;&nbsp;&nbsp;&nbsp;&nbsp;&nbsp;&nbsp;&nbsp;&nbsp;&nbsp;&nbsp;&nbsp;&nbsp;&nbsp;&nbsp;&nbsp;&nbsp;&nbsp;&nbsp;&nbsp;&nbsp;&nbsp; \u0142&nbsp;&nbsp;&nbsp;&nbsp;&nbsp;&nbsp;&nbsp;&nbsp;&nbsp;&nbsp;&nbsp;&nbsp;&nbsp;&nbsp;&nbsp;&nbsp;&nbsp;&nbsp;&nbsp;&nbsp;&nbsp;&nbsp;&nbsp;&nbsp;&nbsp;&nbsp;&nbsp;&nbsp;&nbsp;&nbsp;&nbsp;&nbsp;&nbsp;&nbsp;&nbsp;&nbsp;&nbsp;&nbsp;&nbsp; \u0142&nbsp;&nbsp;&nbsp;&nbsp;&nbsp;&nbsp;&nbsp;&nbsp;&nbsp;&nbsp;&nbsp;&nbsp;&nbsp;&nbsp;&nbsp;&nbsp;&nbsp;&nbsp;&nbsp;&nbsp;&nbsp;&nbsp;&nbsp;&nbsp;&nbsp;&nbsp;&nbsp;&nbsp;&nbsp;&nbsp;&nbsp;&nbsp;&nbsp;&nbsp;&nbsp;&nbsp;&nbsp; \u0142 \u0154\u00c4\u00c4\u00c4\u00c4\u00c4\u00c4\u00c4\u00c4\u00c4\u00c4\u00c4\u00c4\u00c4\u00c4\u00c4\u00c4\u00c4\u00c4\u00c4\u00c4\u00c4\u00c4\u00c4\u00c4\u00c4\u00c4\u00c4\u00c4\u00c4\u00c4\u00c1\u00c4\u00c4\u00c4\u00c4\u00c4\u00c4\u00c4\u00c4\u00c4\u00c4\u00c4\u00c4\u00c4\u00c4\u00c4\u00c4\u00c4\u00c4\u00c4\u00c4\u00c4\u00c4\u00c4\u00c4\u00c4\u00c4\u00c4\u00c4\u00c4\u00c4\u00c4\u00c4\u00c4\u00c4\u00c4\u00c4\u00c4\u00c4\u00c4\u00c4\u00c1\u00c4\u00c4\u00c4\u00c4\u00c4\u00c4\u00c4\u00c4\u00c4\u00c4\u00c4\u00c4\u00c4\u00c4\u00c4\u00c4\u00c4\u00c4\u00c4\u00c4\u00c4\u00c4\u00c4\u00c4\u00c4\u00c4\u00c4\u00c4\u00c4\u00c4\u00c4\u00c4\u00c4\u00c4\u00c4\u00c4\u00c4\u00c4\u016e &nbsp;&nbsp; 1. SOLICITAREA DE INREGISTRARE. &nbsp;&nbsp; 1.1. [ ] prezenta cerere de inregistrare se refera la marca reprodusa in continuare, care este: &nbsp;&nbsp; 1.1.1. [ ] verbala &nbsp;&nbsp; 1.1.2. [ ] figurativa [&hellip;]<\/p>\n","protected":false},"author":1,"featured_media":0,"comment_status":"open","ping_status":"closed","sticky":false,"template":"","format":"standard","meta":{"_monsterinsights_skip_tracking":false,"_monsterinsights_sitenote_active":false,"_monsterinsights_sitenote_note":"","_monsterinsights_sitenote_category":0,"footnotes":""},"categories":[1],"tags":[],"aioseo_notices":[],"yoast_head":"<!-- This site is optimized with the Yoast SEO plugin v21.1 - https:\/\/yoast.com\/wordpress\/plugins\/seo\/ -->\n<title>Inregistrare marca - Jobs\/ Internships\/ Scholarships\/<\/title>\n<meta name=\"robots\" content=\"index, follow, max-snippet:-1, max-image-preview:large, max-video-preview:-1\" \/>\n<link rel=\"canonical\" href=\"https:\/\/rubyskynews.com\/index.php\/2011\/03\/02\/inregistrare-marca\/\" \/>\n<meta property=\"og:locale\" content=\"en_US\" \/>\n<meta property=\"og:type\" content=\"article\" \/>\n<meta property=\"og:title\" content=\"Inregistrare marca - Jobs\/ Internships\/ Scholarships\/\" \/>\n<meta property=\"og:description\" content=\"&nbsp;CERERE DE INREGISTRARE MARCA \u00da\u00c4\u00c4\u00c4\u00c4\u00c4\u00c4\u00c4\u00c4\u00c4\u00c4\u00c4\u00c4\u00c4\u00c4\u00c4\u00c4\u00c4\u00c4\u00c4\u00c4\u00c4\u00c4\u00c4\u00c4\u00c4\u00c4\u00c4\u00c4\u00c4\u00c4A\u00c4\u00c4\u00c4\u00c4\u00c4\u00c4\u00c4\u00c4\u00c4\u00c4\u00c4\u00c4\u00c4\u00c4\u00c4\u00c4\u00c4\u00c4\u00c4\u00c4\u00c4\u00c4\u00c4\u00c4\u00c4\u00c4\u00c4\u00c4\u00c4\u00c4\u00c4\u00c4\u00c4\u00c4\u00c4\u00c4\u00c4\u00c4\u00c4\u00c4A\u00c4\u00c4\u00c4\u00c4\u00c4\u00c4\u00c4\u00c4\u00c4\u00c4\u00c4\u00c4\u00c4\u00c4\u00c4\u00c4\u00c4\u00c4\u00c4\u00c4\u00c4\u00c4\u00c4\u00c4\u00c4\u00c4\u00c4\u00c4\u00c4\u00c4\u00c4\u00c4\u00c4\u00c4\u00c4\u00c4\u00c4\u00c4\u017c \u0142nr. de referin\u00f6\u0111 rezervat OSIM\u0142nr. de referin\u00f6\u0111 rezervat solicitantului\u0142nr. de referin\u00f6\u0111 rezervat mandatarului\u0142 \u0142&nbsp;&nbsp;&nbsp;&nbsp;&nbsp;&nbsp;&nbsp;&nbsp;&nbsp;&nbsp;&nbsp;&nbsp;&nbsp;&nbsp;&nbsp;&nbsp;&nbsp;&nbsp;&nbsp;&nbsp;&nbsp;&nbsp;&nbsp;&nbsp;&nbsp;&nbsp;&nbsp;&nbsp;&nbsp; \u0142&nbsp;&nbsp;&nbsp;&nbsp;&nbsp;&nbsp;&nbsp;&nbsp;&nbsp;&nbsp;&nbsp;&nbsp;&nbsp;&nbsp;&nbsp;&nbsp;&nbsp;&nbsp;&nbsp;&nbsp;&nbsp;&nbsp;&nbsp;&nbsp;&nbsp;&nbsp;&nbsp;&nbsp;&nbsp;&nbsp;&nbsp;&nbsp;&nbsp;&nbsp;&nbsp;&nbsp;&nbsp;&nbsp;&nbsp; \u0142&nbsp;&nbsp;&nbsp;&nbsp;&nbsp;&nbsp;&nbsp;&nbsp;&nbsp;&nbsp;&nbsp;&nbsp;&nbsp;&nbsp;&nbsp;&nbsp;&nbsp;&nbsp;&nbsp;&nbsp;&nbsp;&nbsp;&nbsp;&nbsp;&nbsp;&nbsp;&nbsp;&nbsp;&nbsp;&nbsp;&nbsp;&nbsp;&nbsp;&nbsp;&nbsp;&nbsp;&nbsp; \u0142 \u0154\u00c4\u00c4\u00c4\u00c4\u00c4\u00c4\u00c4\u00c4\u00c4\u00c4\u00c4\u00c4\u00c4\u00c4\u00c4\u00c4\u00c4\u00c4\u00c4\u00c4\u00c4\u00c4\u00c4\u00c4\u00c4\u00c4\u00c4\u00c4\u00c4\u00c4\u00c1\u00c4\u00c4\u00c4\u00c4\u00c4\u00c4\u00c4\u00c4\u00c4\u00c4\u00c4\u00c4\u00c4\u00c4\u00c4\u00c4\u00c4\u00c4\u00c4\u00c4\u00c4\u00c4\u00c4\u00c4\u00c4\u00c4\u00c4\u00c4\u00c4\u00c4\u00c4\u00c4\u00c4\u00c4\u00c4\u00c4\u00c4\u00c4\u00c4\u00c4\u00c1\u00c4\u00c4\u00c4\u00c4\u00c4\u00c4\u00c4\u00c4\u00c4\u00c4\u00c4\u00c4\u00c4\u00c4\u00c4\u00c4\u00c4\u00c4\u00c4\u00c4\u00c4\u00c4\u00c4\u00c4\u00c4\u00c4\u00c4\u00c4\u00c4\u00c4\u00c4\u00c4\u00c4\u00c4\u00c4\u00c4\u00c4\u00c4\u016e &nbsp;&nbsp; 1. SOLICITAREA DE INREGISTRARE. &nbsp;&nbsp; 1.1. [ ] prezenta cerere de inregistrare se refera la marca reprodusa in continuare, care este: &nbsp;&nbsp; 1.1.1. [ ] verbala &nbsp;&nbsp; 1.1.2. [ ] figurativa [&hellip;]\" \/>\n<meta property=\"og:url\" content=\"https:\/\/rubyskynews.com\/index.php\/2011\/03\/02\/inregistrare-marca\/\" \/>\n<meta property=\"og:site_name\" content=\"Jobs\/ Internships\/ Scholarships\/\" \/>\n<meta property=\"article:published_time\" content=\"2011-03-02T14:29:00+00:00\" \/>\n<meta property=\"article:modified_time\" content=\"2020-09-25T09:44:50+00:00\" \/>\n<meta name=\"author\" content=\"eurointern\" \/>\n<meta name=\"twitter:card\" content=\"summary_large_image\" \/>\n<meta name=\"twitter:label1\" content=\"Written by\" \/>\n\t<meta name=\"twitter:data1\" content=\"eurointern\" \/>\n\t<meta name=\"twitter:label2\" content=\"Est. reading time\" \/>\n\t<meta name=\"twitter:data2\" content=\"4 minutes\" \/>\n<script type=\"application\/ld+json\" class=\"yoast-schema-graph\">{\"@context\":\"https:\/\/schema.org\",\"@graph\":[{\"@type\":\"WebPage\",\"@id\":\"https:\/\/rubyskynews.com\/index.php\/2011\/03\/02\/inregistrare-marca\/\",\"url\":\"https:\/\/rubyskynews.com\/index.php\/2011\/03\/02\/inregistrare-marca\/\",\"name\":\"Inregistrare marca - Jobs\/ Internships\/ Scholarships\/\",\"isPartOf\":{\"@id\":\"https:\/\/rubyskynews.com\/#website\"},\"datePublished\":\"2011-03-02T14:29:00+00:00\",\"dateModified\":\"2020-09-25T09:44:50+00:00\",\"author\":{\"@id\":\"https:\/\/rubyskynews.com\/#\/schema\/person\/2bf02c24278f4ce807817c8f91add34d\"},\"breadcrumb\":{\"@id\":\"https:\/\/rubyskynews.com\/index.php\/2011\/03\/02\/inregistrare-marca\/#breadcrumb\"},\"inLanguage\":\"en-US\",\"potentialAction\":[{\"@type\":\"ReadAction\",\"target\":[\"https:\/\/rubyskynews.com\/index.php\/2011\/03\/02\/inregistrare-marca\/\"]}]},{\"@type\":\"BreadcrumbList\",\"@id\":\"https:\/\/rubyskynews.com\/index.php\/2011\/03\/02\/inregistrare-marca\/#breadcrumb\",\"itemListElement\":[{\"@type\":\"ListItem\",\"position\":1,\"name\":\"Home\",\"item\":\"https:\/\/rubyskynews.com\/\"},{\"@type\":\"ListItem\",\"position\":2,\"name\":\"Inregistrare marca\"}]},{\"@type\":\"WebSite\",\"@id\":\"https:\/\/rubyskynews.com\/#website\",\"url\":\"https:\/\/rubyskynews.com\/\",\"name\":\"Jobs\/ Internships\/ Scholarships\/\",\"description\":\"Internships\/ Scholarships\/  Grants\",\"potentialAction\":[{\"@type\":\"SearchAction\",\"target\":{\"@type\":\"EntryPoint\",\"urlTemplate\":\"https:\/\/rubyskynews.com\/?s={search_term_string}\"},\"query-input\":\"required name=search_term_string\"}],\"inLanguage\":\"en-US\"},{\"@type\":\"Person\",\"@id\":\"https:\/\/rubyskynews.com\/#\/schema\/person\/2bf02c24278f4ce807817c8f91add34d\",\"name\":\"eurointern\",\"image\":{\"@type\":\"ImageObject\",\"inLanguage\":\"en-US\",\"@id\":\"https:\/\/rubyskynews.com\/#\/schema\/person\/image\/\",\"url\":\"https:\/\/secure.gravatar.com\/avatar\/4ba0ee69eda3e0c9ec9a3c49a6c7a82b?s=96&d=mm&r=g\",\"contentUrl\":\"https:\/\/secure.gravatar.com\/avatar\/4ba0ee69eda3e0c9ec9a3c49a6c7a82b?s=96&d=mm&r=g\",\"caption\":\"eurointern\"},\"sameAs\":[\"http:\/\/rubyskynews.com\"],\"url\":\"https:\/\/rubyskynews.com\/index.php\/author\/eurointern28gmail-com\/\"}]}<\/script>\n<!-- \/ Yoast SEO plugin. -->","yoast_head_json":{"title":"Inregistrare marca - Jobs\/ Internships\/ Scholarships\/","robots":{"index":"index","follow":"follow","max-snippet":"max-snippet:-1","max-image-preview":"max-image-preview:large","max-video-preview":"max-video-preview:-1"},"canonical":"https:\/\/rubyskynews.com\/index.php\/2011\/03\/02\/inregistrare-marca\/","og_locale":"en_US","og_type":"article","og_title":"Inregistrare marca - Jobs\/ Internships\/ Scholarships\/","og_description":"&nbsp;CERERE DE INREGISTRARE MARCA \u00da\u00c4\u00c4\u00c4\u00c4\u00c4\u00c4\u00c4\u00c4\u00c4\u00c4\u00c4\u00c4\u00c4\u00c4\u00c4\u00c4\u00c4\u00c4\u00c4\u00c4\u00c4\u00c4\u00c4\u00c4\u00c4\u00c4\u00c4\u00c4\u00c4\u00c4A\u00c4\u00c4\u00c4\u00c4\u00c4\u00c4\u00c4\u00c4\u00c4\u00c4\u00c4\u00c4\u00c4\u00c4\u00c4\u00c4\u00c4\u00c4\u00c4\u00c4\u00c4\u00c4\u00c4\u00c4\u00c4\u00c4\u00c4\u00c4\u00c4\u00c4\u00c4\u00c4\u00c4\u00c4\u00c4\u00c4\u00c4\u00c4\u00c4\u00c4A\u00c4\u00c4\u00c4\u00c4\u00c4\u00c4\u00c4\u00c4\u00c4\u00c4\u00c4\u00c4\u00c4\u00c4\u00c4\u00c4\u00c4\u00c4\u00c4\u00c4\u00c4\u00c4\u00c4\u00c4\u00c4\u00c4\u00c4\u00c4\u00c4\u00c4\u00c4\u00c4\u00c4\u00c4\u00c4\u00c4\u00c4\u00c4\u017c \u0142nr. de referin\u00f6\u0111 rezervat OSIM\u0142nr. de referin\u00f6\u0111 rezervat solicitantului\u0142nr. de referin\u00f6\u0111 rezervat mandatarului\u0142 \u0142&nbsp;&nbsp;&nbsp;&nbsp;&nbsp;&nbsp;&nbsp;&nbsp;&nbsp;&nbsp;&nbsp;&nbsp;&nbsp;&nbsp;&nbsp;&nbsp;&nbsp;&nbsp;&nbsp;&nbsp;&nbsp;&nbsp;&nbsp;&nbsp;&nbsp;&nbsp;&nbsp;&nbsp;&nbsp; \u0142&nbsp;&nbsp;&nbsp;&nbsp;&nbsp;&nbsp;&nbsp;&nbsp;&nbsp;&nbsp;&nbsp;&nbsp;&nbsp;&nbsp;&nbsp;&nbsp;&nbsp;&nbsp;&nbsp;&nbsp;&nbsp;&nbsp;&nbsp;&nbsp;&nbsp;&nbsp;&nbsp;&nbsp;&nbsp;&nbsp;&nbsp;&nbsp;&nbsp;&nbsp;&nbsp;&nbsp;&nbsp;&nbsp;&nbsp; \u0142&nbsp;&nbsp;&nbsp;&nbsp;&nbsp;&nbsp;&nbsp;&nbsp;&nbsp;&nbsp;&nbsp;&nbsp;&nbsp;&nbsp;&nbsp;&nbsp;&nbsp;&nbsp;&nbsp;&nbsp;&nbsp;&nbsp;&nbsp;&nbsp;&nbsp;&nbsp;&nbsp;&nbsp;&nbsp;&nbsp;&nbsp;&nbsp;&nbsp;&nbsp;&nbsp;&nbsp;&nbsp; \u0142 \u0154\u00c4\u00c4\u00c4\u00c4\u00c4\u00c4\u00c4\u00c4\u00c4\u00c4\u00c4\u00c4\u00c4\u00c4\u00c4\u00c4\u00c4\u00c4\u00c4\u00c4\u00c4\u00c4\u00c4\u00c4\u00c4\u00c4\u00c4\u00c4\u00c4\u00c4\u00c1\u00c4\u00c4\u00c4\u00c4\u00c4\u00c4\u00c4\u00c4\u00c4\u00c4\u00c4\u00c4\u00c4\u00c4\u00c4\u00c4\u00c4\u00c4\u00c4\u00c4\u00c4\u00c4\u00c4\u00c4\u00c4\u00c4\u00c4\u00c4\u00c4\u00c4\u00c4\u00c4\u00c4\u00c4\u00c4\u00c4\u00c4\u00c4\u00c4\u00c4\u00c1\u00c4\u00c4\u00c4\u00c4\u00c4\u00c4\u00c4\u00c4\u00c4\u00c4\u00c4\u00c4\u00c4\u00c4\u00c4\u00c4\u00c4\u00c4\u00c4\u00c4\u00c4\u00c4\u00c4\u00c4\u00c4\u00c4\u00c4\u00c4\u00c4\u00c4\u00c4\u00c4\u00c4\u00c4\u00c4\u00c4\u00c4\u00c4\u016e &nbsp;&nbsp; 1. SOLICITAREA DE INREGISTRARE. &nbsp;&nbsp; 1.1. [ ] prezenta cerere de inregistrare se refera la marca reprodusa in continuare, care este: &nbsp;&nbsp; 1.1.1. [ ] verbala &nbsp;&nbsp; 1.1.2. [ ] figurativa [&hellip;]","og_url":"https:\/\/rubyskynews.com\/index.php\/2011\/03\/02\/inregistrare-marca\/","og_site_name":"Jobs\/ Internships\/ Scholarships\/","article_published_time":"2011-03-02T14:29:00+00:00","article_modified_time":"2020-09-25T09:44:50+00:00","author":"eurointern","twitter_card":"summary_large_image","twitter_misc":{"Written by":"eurointern","Est. reading time":"4 minutes"},"schema":{"@context":"https:\/\/schema.org","@graph":[{"@type":"WebPage","@id":"https:\/\/rubyskynews.com\/index.php\/2011\/03\/02\/inregistrare-marca\/","url":"https:\/\/rubyskynews.com\/index.php\/2011\/03\/02\/inregistrare-marca\/","name":"Inregistrare marca - Jobs\/ Internships\/ Scholarships\/","isPartOf":{"@id":"https:\/\/rubyskynews.com\/#website"},"datePublished":"2011-03-02T14:29:00+00:00","dateModified":"2020-09-25T09:44:50+00:00","author":{"@id":"https:\/\/rubyskynews.com\/#\/schema\/person\/2bf02c24278f4ce807817c8f91add34d"},"breadcrumb":{"@id":"https:\/\/rubyskynews.com\/index.php\/2011\/03\/02\/inregistrare-marca\/#breadcrumb"},"inLanguage":"en-US","potentialAction":[{"@type":"ReadAction","target":["https:\/\/rubyskynews.com\/index.php\/2011\/03\/02\/inregistrare-marca\/"]}]},{"@type":"BreadcrumbList","@id":"https:\/\/rubyskynews.com\/index.php\/2011\/03\/02\/inregistrare-marca\/#breadcrumb","itemListElement":[{"@type":"ListItem","position":1,"name":"Home","item":"https:\/\/rubyskynews.com\/"},{"@type":"ListItem","position":2,"name":"Inregistrare marca"}]},{"@type":"WebSite","@id":"https:\/\/rubyskynews.com\/#website","url":"https:\/\/rubyskynews.com\/","name":"Jobs\/ Internships\/ Scholarships\/","description":"Internships\/ Scholarships\/  Grants","potentialAction":[{"@type":"SearchAction","target":{"@type":"EntryPoint","urlTemplate":"https:\/\/rubyskynews.com\/?s={search_term_string}"},"query-input":"required name=search_term_string"}],"inLanguage":"en-US"},{"@type":"Person","@id":"https:\/\/rubyskynews.com\/#\/schema\/person\/2bf02c24278f4ce807817c8f91add34d","name":"eurointern","image":{"@type":"ImageObject","inLanguage":"en-US","@id":"https:\/\/rubyskynews.com\/#\/schema\/person\/image\/","url":"https:\/\/secure.gravatar.com\/avatar\/4ba0ee69eda3e0c9ec9a3c49a6c7a82b?s=96&d=mm&r=g","contentUrl":"https:\/\/secure.gravatar.com\/avatar\/4ba0ee69eda3e0c9ec9a3c49a6c7a82b?s=96&d=mm&r=g","caption":"eurointern"},"sameAs":["http:\/\/rubyskynews.com"],"url":"https:\/\/rubyskynews.com\/index.php\/author\/eurointern28gmail-com\/"}]}},"_links":{"self":[{"href":"https:\/\/rubyskynews.com\/index.php\/wp-json\/wp\/v2\/posts\/27077"}],"collection":[{"href":"https:\/\/rubyskynews.com\/index.php\/wp-json\/wp\/v2\/posts"}],"about":[{"href":"https:\/\/rubyskynews.com\/index.php\/wp-json\/wp\/v2\/types\/post"}],"author":[{"embeddable":true,"href":"https:\/\/rubyskynews.com\/index.php\/wp-json\/wp\/v2\/users\/1"}],"replies":[{"embeddable":true,"href":"https:\/\/rubyskynews.com\/index.php\/wp-json\/wp\/v2\/comments?post=27077"}],"version-history":[{"count":0,"href":"https:\/\/rubyskynews.com\/index.php\/wp-json\/wp\/v2\/posts\/27077\/revisions"}],"wp:attachment":[{"href":"https:\/\/rubyskynews.com\/index.php\/wp-json\/wp\/v2\/media?parent=27077"}],"wp:term":[{"taxonomy":"category","embeddable":true,"href":"https:\/\/rubyskynews.com\/index.php\/wp-json\/wp\/v2\/categories?post=27077"},{"taxonomy":"post_tag","embeddable":true,"href":"https:\/\/rubyskynews.com\/index.php\/wp-json\/wp\/v2\/tags?post=27077"}],"curies":[{"name":"wp","href":"https:\/\/api.w.org\/{rel}","templated":true}]}}