{"id":26825,"date":"2011-03-02T16:00:00","date_gmt":"2011-03-02T16:00:00","guid":{"rendered":""},"modified":"2020-09-25T09:43:43","modified_gmt":"2020-09-25T09:43:43","slug":"voluntariatul-la-caritas-o-practica-de","status":"publish","type":"post","link":"https:\/\/rubyskynews.com\/index.php\/2011\/03\/02\/voluntariatul-la-caritas-o-practica-de\/","title":{"rendered":"Voluntariatul la Caritas \u2013 o practic\u0103 de succes!"},"content":{"rendered":"<div style=\"margin-top: 0px; margin-bottom: 0px;\" class=\"sharethis-inline-share-buttons\" ><\/div><p style=\"text-align:justify;\"><a rel=\"attachment wp-att-588\" href=\"http:\/\/plopandrei.wordpress.com\/2011\/03\/02\/voluntariatul-la-caritas-%e2%80%93-o-practica-de-succes\/caritas\/\"><img loading=\"lazy\" decoding=\"async\" class=\"alignleft size-thumbnail wp-image-588\" title=\"caritas\" src=\"http:\/\/plopandrei.files.wordpress.com\/2011\/03\/caritas.gif?w=150\" alt=\"\" width=\"150\" height=\"144\" \/><\/a>Anul 2011 este dedicat celor 100 de milioane de cet\u0103\u0163eni ai Uniunii Europene implica\u0163i \u00een activit\u0103\u0163i de voluntariat \u015fi celor care doresc s\u0103 li se al\u0103ture, care \u00eei sprijin\u0103 \u015fi celor care beneficiaz\u0103 de implicarea, energia \u015fi entuziasmul acestora. <a rel=\"attachment wp-att-601\" href=\"http:\/\/plopandrei.wordpress.com\/2011\/03\/02\/voluntariatul-la-caritas-%e2%80%93-o-practica-de-succes\/varsovia-plop-andrei-5\/\"><img loading=\"lazy\" decoding=\"async\" class=\"alignright size-medium wp-image-601\" title=\"varsovia plop andrei\" src=\"http:\/\/plopandrei.files.wordpress.com\/2011\/03\/varsovia-plop-andrei4.jpg?w=225\" alt=\"\" width=\"225\" height=\"300\" \/><\/a>Anul europeanal voluntarului, prilej de a aduce \u00een aten\u0163ie activitatea de voluntariat care pune \u00een practic\u0103 valorile europene ale solidarit\u0103\u0163ii, toleran\u0163ei \u015fi diversit\u0103\u0163ii, aduc\u00e2nd beneficii\u00a0 persoanelor care se implic\u0103 ca voluntar. Penrtu mine cel mai important este s\u0103 fiu fericit, nu este un secret pentru nimeni c\u0103 \u00eemi place s\u0103\u00a0 glumesc, s\u0103 z\u00e2mbesc, am un r\u00ees molipsitor, iubesc s\u0103 c\u0103l\u0103toresc \u015fi doresc s\u0103 acumulez cuno\u015ftin\u0163e \u015fi experien\u0163e noi, astfel prin voluntariatul la  Confedera\u0163ia Caritas din Polonia \u00eembin utilul cu pl\u0103cutul. Nu te sim\u0163i niciodat\u0103 mai \u00eemplinit dec\u00e2t atunci c\u00e2nd \u00eempar\u0163i bucurii.\u00a0 Confedera\u0163ia Caritas Polonia este o organiza\u0163ie umanitar\u0103 a bisericii catolice, exits\u0103 162 de organiza\u0163ii membre care \u00ee\u015fi desf\u0103\u015foar\u0103 activitatea \u00een peste 200 de \u0163\u0103ri \u015fi teritorii. Organiza\u0163iile Caritas din Polonia ofer\u0103 servicii sociale \u015fi programe umanitare \u00een mod\u00a0 nediscriminatoriu pentru toate persoanele care au nevoie de sprjin. Voluntarii<!-- more --> reprezint\u0103 principalul pilon al realiz\u0103rilor Caritas, fiind principala for\u0163\u0103 penrtu toate activit\u0103\u0163ile la nivel de parohie: de la planificare, gestionare \u015fi furnizarea de programe de asisten\u0163\u0103.<a rel=\"attachment wp-att-606\" href=\"http:\/\/plopandrei.wordpress.com\/2011\/03\/02\/voluntariatul-la-caritas-%e2%80%93-o-practica-de-succes\/voluntariat-caritas-antrenament-taekwon-do-cu-copii-2\/\"><img loading=\"lazy\" decoding=\"async\" class=\"size-medium wp-image-606 alignleft\" title=\"voluntariat-caritas-antrenament-taekwon-do-cu-copii\" src=\"http:\/\/plopandrei.files.wordpress.com\/2011\/03\/voluntariat-caritas-antrenament-taekwon-do-cu-copii1.jpg?w=300\" alt=\"\" width=\"300\" height=\"225\" \/><\/a> Munca voluntar\u0103 este din ce \u00een ce mai recunoscut\u0103 ca o valoare comun\u0103 \u00een cadrul societ\u0103\u0163ii, chiar dac\u0103 exist\u0103 anumite probleme legate de promovarea \u015fi organizarea acesteia. \u00a0Confedera\u0163ia Caritas din Polonia este implicat\u0103 \u00een mai multe programe,\u00a0 \u00eens\u0103 eu sunt implicat ca voluntar \u00een departamentul cu refugia\u0163i. Departamentul cu refugia\u0163i are ca scop \u00a0promovarea intereselor refugia\u0163ilor prin colaborarea cu institu\u0163iile guvernamentale \u015fi neguvernamentale, \u00a0ofera consultan\u0163\u0103 juridic\u0103 \u015fi medical\u0103, toate aceste servicii sunt oferite \u00een mod gratuit. \u00cen fiecare zi la fontiera\u00a0 Poloniei sunt persoane care solicit\u0103 azil, \u00een cazul \u00een care li se acord\u0103 azil primesc un\u00a0 document valabil pe \u015fase luni care trebuie apoi re\u00eennoit, iar dac\u0103 nu li se acord\u0103 au la dispozi\u0163ie 14 \u00a0zile\u00a0 pentru a p\u0103r\u0103si \u0163ara.\u00a0 Migra\u0163ia a ap\u0103rut odat\u0103 cu statul \u00eens\u0103 globalizarea este cea care a accentuato.<a rel=\"attachment wp-att-593\" href=\"http:\/\/plopandrei.wordpress.com\/2011\/03\/02\/voluntariatul-la-caritas-%e2%80%93-o-practica-de-succes\/voluntariat-caritas-polonia-taekwon-do-7\/\"><img loading=\"lazy\" decoding=\"async\" class=\"alignright size-medium wp-image-593\" title=\"voluntariat-caritas-polonia-taekwon-do\" src=\"http:\/\/plopandrei.files.wordpress.com\/2011\/03\/voluntariat-caritas-polonia-taekwon-do1.jpg?w=300\" alt=\"\" width=\"300\" height=\"225\" \/><\/a> Migra\u0163ia ridic\u0103 probleme sociale importante \u00eentre popula\u0163ia rezident\u0103 \u015fi imigran\u0163ii dintr-o \u0163ar\u0103 datorit\u0103 diferen\u0163elor dintre cultur\u0103, religie, dezvoltare economic\u0103. Aceste probleme pot fi reduse numai prin interven\u0163ia eficient\u0103 a guvernului \u015fi organiza\u0163ii precum Caritas pentru sporirea gradului de toleran\u0163\u0103. Pe perioada r\u0103zboiului rece migra\u0163ia era foarte bine controlat\u0103 \u00eens\u0103 dup\u0103 c\u0103derea comunismului au fost deschise grani\u0163ele \u015fi a crescut num\u0103rul celor care migreaz\u0103, \u00een mare parte migra\u0163ia este rezultatul manifest\u0103rilor anumitor amenin\u0163\u0103ri la adresa securit\u0103\u0163ii indivizilor umani precum violarea drepturilor omului, conflictul etnic, r\u0103zboi civil. Azilan\u0163ii \u015fi refugia\u0163ii sunt\u00a0 proteja\u0163i de legisla\u0163ia interna\u0163ional\u0103. Cu to\u0163ii avem cel pu\u0163in un lucru la care ne pricepem suficient de bine; a\u015fadar, cu to\u0163ii avem cel pu\u0163in o abilitate, pricepere sau un talent pe care s\u0103 \u00eel putem pune \u00een folosul societ\u0103\u0163ii. Voluntariatul implic\u0103 timp, energie \u015fi d\u0103rurire, \u00ee\u0163i dezvolt\u0103 calit\u0103\u0163ile de organizatorice de leader, abilit\u0103\u0163ile de comunicare, \u00ee\u0163i faci contacte care \u00ee\u0163i vor fi utile \u00een viitor \u015fi nu \u00een ultimul r\u00e2nd, \u00ee\u0163i faci \u00a0prieteni noi.<\/p>\n<p><\/p>\n<p style=\"text-align:justify;\">Atunci c\u00e2nd lup\u0163i pentru ceea ce crezi cu adev\u0103rat e bine s\u0103 lup\u0163i p\u00e2n\u0103 la cap\u0103t, cel pu\u0163in eu asta fac!<\/p>\n<p><\/p>\n<p style=\"text-align:justify;\">&nbsp;<\/p>\n<p><\/p>\n<p style=\"text-align:justify;\">&nbsp;<\/p>\n<p><\/p>\n<p style=\"text-align:justify;\">&nbsp;<\/p>\n<div style=\"margin-top: 0px; margin-bottom: 0px;\" class=\"sharethis-inline-share-buttons\" ><\/div>","protected":false},"excerpt":{"rendered":"<p>Anul 2011 este dedicat celor 100 de milioane de cet\u0103\u0163eni ai Uniunii Europene implica\u0163i \u00een activit\u0103\u0163i de voluntariat \u015fi celor care doresc s\u0103 li se al\u0103ture, care \u00eei sprijin\u0103 \u015fi celor care beneficiaz\u0103 de implicarea, energia \u015fi entuziasmul acestora. Anul europeanal voluntarului, prilej de a aduce \u00een aten\u0163ie activitatea de voluntariat care pune \u00een practic\u0103 [&hellip;]<\/p>\n","protected":false},"author":1,"featured_media":0,"comment_status":"open","ping_status":"closed","sticky":false,"template":"","format":"standard","meta":{"_monsterinsights_skip_tracking":false,"_monsterinsights_sitenote_active":false,"_monsterinsights_sitenote_note":"","_monsterinsights_sitenote_category":0,"footnotes":""},"categories":[1],"tags":[15],"aioseo_notices":[],"yoast_head":"<!-- This site is optimized with the Yoast SEO plugin v21.1 - https:\/\/yoast.com\/wordpress\/plugins\/seo\/ -->\n<title>Voluntariatul la Caritas \u2013 o practic\u0103 de succes! - Jobs\/ Internships\/ Scholarships\/<\/title>\n<meta name=\"robots\" content=\"index, follow, max-snippet:-1, max-image-preview:large, max-video-preview:-1\" \/>\n<link rel=\"canonical\" href=\"https:\/\/rubyskynews.com\/index.php\/2011\/03\/02\/voluntariatul-la-caritas-o-practica-de\/\" \/>\n<meta property=\"og:locale\" content=\"en_US\" \/>\n<meta property=\"og:type\" content=\"article\" \/>\n<meta property=\"og:title\" content=\"Voluntariatul la Caritas \u2013 o practic\u0103 de succes! - Jobs\/ Internships\/ Scholarships\/\" \/>\n<meta property=\"og:description\" content=\"Anul 2011 este dedicat celor 100 de milioane de cet\u0103\u0163eni ai Uniunii Europene implica\u0163i \u00een activit\u0103\u0163i de voluntariat \u015fi celor care doresc s\u0103 li se al\u0103ture, care \u00eei sprijin\u0103 \u015fi celor care beneficiaz\u0103 de implicarea, energia \u015fi entuziasmul acestora. Anul europeanal voluntarului, prilej de a aduce \u00een aten\u0163ie activitatea de voluntariat care pune \u00een practic\u0103 [&hellip;]\" \/>\n<meta property=\"og:url\" content=\"https:\/\/rubyskynews.com\/index.php\/2011\/03\/02\/voluntariatul-la-caritas-o-practica-de\/\" \/>\n<meta property=\"og:site_name\" content=\"Jobs\/ Internships\/ Scholarships\/\" \/>\n<meta property=\"article:published_time\" content=\"2011-03-02T16:00:00+00:00\" \/>\n<meta property=\"article:modified_time\" content=\"2020-09-25T09:43:43+00:00\" \/>\n<meta property=\"og:image\" content=\"http:\/\/plopandrei.files.wordpress.com\/2011\/03\/caritas.gif?w=150\" \/>\n<meta name=\"author\" content=\"eurointern\" \/>\n<meta name=\"twitter:card\" content=\"summary_large_image\" \/>\n<meta name=\"twitter:label1\" content=\"Written by\" \/>\n\t<meta name=\"twitter:data1\" content=\"eurointern\" \/>\n\t<meta name=\"twitter:label2\" content=\"Est. reading time\" \/>\n\t<meta name=\"twitter:data2\" content=\"3 minutes\" \/>\n<script type=\"application\/ld+json\" class=\"yoast-schema-graph\">{\"@context\":\"https:\/\/schema.org\",\"@graph\":[{\"@type\":\"WebPage\",\"@id\":\"https:\/\/rubyskynews.com\/index.php\/2011\/03\/02\/voluntariatul-la-caritas-o-practica-de\/\",\"url\":\"https:\/\/rubyskynews.com\/index.php\/2011\/03\/02\/voluntariatul-la-caritas-o-practica-de\/\",\"name\":\"Voluntariatul la Caritas \u2013 o practic\u0103 de succes! - Jobs\/ Internships\/ Scholarships\/\",\"isPartOf\":{\"@id\":\"https:\/\/rubyskynews.com\/#website\"},\"datePublished\":\"2011-03-02T16:00:00+00:00\",\"dateModified\":\"2020-09-25T09:43:43+00:00\",\"author\":{\"@id\":\"https:\/\/rubyskynews.com\/#\/schema\/person\/2bf02c24278f4ce807817c8f91add34d\"},\"breadcrumb\":{\"@id\":\"https:\/\/rubyskynews.com\/index.php\/2011\/03\/02\/voluntariatul-la-caritas-o-practica-de\/#breadcrumb\"},\"inLanguage\":\"en-US\",\"potentialAction\":[{\"@type\":\"ReadAction\",\"target\":[\"https:\/\/rubyskynews.com\/index.php\/2011\/03\/02\/voluntariatul-la-caritas-o-practica-de\/\"]}]},{\"@type\":\"BreadcrumbList\",\"@id\":\"https:\/\/rubyskynews.com\/index.php\/2011\/03\/02\/voluntariatul-la-caritas-o-practica-de\/#breadcrumb\",\"itemListElement\":[{\"@type\":\"ListItem\",\"position\":1,\"name\":\"Home\",\"item\":\"https:\/\/rubyskynews.com\/\"},{\"@type\":\"ListItem\",\"position\":2,\"name\":\"Voluntariatul la Caritas \u2013 o practic\u0103 de succes!\"}]},{\"@type\":\"WebSite\",\"@id\":\"https:\/\/rubyskynews.com\/#website\",\"url\":\"https:\/\/rubyskynews.com\/\",\"name\":\"Jobs\/ Internships\/ Scholarships\/\",\"description\":\"Internships\/ Scholarships\/  Grants\",\"potentialAction\":[{\"@type\":\"SearchAction\",\"target\":{\"@type\":\"EntryPoint\",\"urlTemplate\":\"https:\/\/rubyskynews.com\/?s={search_term_string}\"},\"query-input\":\"required name=search_term_string\"}],\"inLanguage\":\"en-US\"},{\"@type\":\"Person\",\"@id\":\"https:\/\/rubyskynews.com\/#\/schema\/person\/2bf02c24278f4ce807817c8f91add34d\",\"name\":\"eurointern\",\"image\":{\"@type\":\"ImageObject\",\"inLanguage\":\"en-US\",\"@id\":\"https:\/\/rubyskynews.com\/#\/schema\/person\/image\/\",\"url\":\"https:\/\/secure.gravatar.com\/avatar\/4ba0ee69eda3e0c9ec9a3c49a6c7a82b?s=96&d=mm&r=g\",\"contentUrl\":\"https:\/\/secure.gravatar.com\/avatar\/4ba0ee69eda3e0c9ec9a3c49a6c7a82b?s=96&d=mm&r=g\",\"caption\":\"eurointern\"},\"sameAs\":[\"http:\/\/rubyskynews.com\"],\"url\":\"https:\/\/rubyskynews.com\/index.php\/author\/eurointern28gmail-com\/\"}]}<\/script>\n<!-- \/ Yoast SEO plugin. -->","yoast_head_json":{"title":"Voluntariatul la Caritas \u2013 o practic\u0103 de succes! - Jobs\/ Internships\/ Scholarships\/","robots":{"index":"index","follow":"follow","max-snippet":"max-snippet:-1","max-image-preview":"max-image-preview:large","max-video-preview":"max-video-preview:-1"},"canonical":"https:\/\/rubyskynews.com\/index.php\/2011\/03\/02\/voluntariatul-la-caritas-o-practica-de\/","og_locale":"en_US","og_type":"article","og_title":"Voluntariatul la Caritas \u2013 o practic\u0103 de succes! - Jobs\/ Internships\/ Scholarships\/","og_description":"Anul 2011 este dedicat celor 100 de milioane de cet\u0103\u0163eni ai Uniunii Europene implica\u0163i \u00een activit\u0103\u0163i de voluntariat \u015fi celor care doresc s\u0103 li se al\u0103ture, care \u00eei sprijin\u0103 \u015fi celor care beneficiaz\u0103 de implicarea, energia \u015fi entuziasmul acestora. Anul europeanal voluntarului, prilej de a aduce \u00een aten\u0163ie activitatea de voluntariat care pune \u00een practic\u0103 [&hellip;]","og_url":"https:\/\/rubyskynews.com\/index.php\/2011\/03\/02\/voluntariatul-la-caritas-o-practica-de\/","og_site_name":"Jobs\/ Internships\/ Scholarships\/","article_published_time":"2011-03-02T16:00:00+00:00","article_modified_time":"2020-09-25T09:43:43+00:00","og_image":[{"url":"http:\/\/plopandrei.files.wordpress.com\/2011\/03\/caritas.gif?w=150"}],"author":"eurointern","twitter_card":"summary_large_image","twitter_misc":{"Written by":"eurointern","Est. reading time":"3 minutes"},"schema":{"@context":"https:\/\/schema.org","@graph":[{"@type":"WebPage","@id":"https:\/\/rubyskynews.com\/index.php\/2011\/03\/02\/voluntariatul-la-caritas-o-practica-de\/","url":"https:\/\/rubyskynews.com\/index.php\/2011\/03\/02\/voluntariatul-la-caritas-o-practica-de\/","name":"Voluntariatul la Caritas \u2013 o practic\u0103 de succes! - Jobs\/ Internships\/ Scholarships\/","isPartOf":{"@id":"https:\/\/rubyskynews.com\/#website"},"datePublished":"2011-03-02T16:00:00+00:00","dateModified":"2020-09-25T09:43:43+00:00","author":{"@id":"https:\/\/rubyskynews.com\/#\/schema\/person\/2bf02c24278f4ce807817c8f91add34d"},"breadcrumb":{"@id":"https:\/\/rubyskynews.com\/index.php\/2011\/03\/02\/voluntariatul-la-caritas-o-practica-de\/#breadcrumb"},"inLanguage":"en-US","potentialAction":[{"@type":"ReadAction","target":["https:\/\/rubyskynews.com\/index.php\/2011\/03\/02\/voluntariatul-la-caritas-o-practica-de\/"]}]},{"@type":"BreadcrumbList","@id":"https:\/\/rubyskynews.com\/index.php\/2011\/03\/02\/voluntariatul-la-caritas-o-practica-de\/#breadcrumb","itemListElement":[{"@type":"ListItem","position":1,"name":"Home","item":"https:\/\/rubyskynews.com\/"},{"@type":"ListItem","position":2,"name":"Voluntariatul la Caritas \u2013 o practic\u0103 de succes!"}]},{"@type":"WebSite","@id":"https:\/\/rubyskynews.com\/#website","url":"https:\/\/rubyskynews.com\/","name":"Jobs\/ Internships\/ Scholarships\/","description":"Internships\/ Scholarships\/  Grants","potentialAction":[{"@type":"SearchAction","target":{"@type":"EntryPoint","urlTemplate":"https:\/\/rubyskynews.com\/?s={search_term_string}"},"query-input":"required name=search_term_string"}],"inLanguage":"en-US"},{"@type":"Person","@id":"https:\/\/rubyskynews.com\/#\/schema\/person\/2bf02c24278f4ce807817c8f91add34d","name":"eurointern","image":{"@type":"ImageObject","inLanguage":"en-US","@id":"https:\/\/rubyskynews.com\/#\/schema\/person\/image\/","url":"https:\/\/secure.gravatar.com\/avatar\/4ba0ee69eda3e0c9ec9a3c49a6c7a82b?s=96&d=mm&r=g","contentUrl":"https:\/\/secure.gravatar.com\/avatar\/4ba0ee69eda3e0c9ec9a3c49a6c7a82b?s=96&d=mm&r=g","caption":"eurointern"},"sameAs":["http:\/\/rubyskynews.com"],"url":"https:\/\/rubyskynews.com\/index.php\/author\/eurointern28gmail-com\/"}]}},"_links":{"self":[{"href":"https:\/\/rubyskynews.com\/index.php\/wp-json\/wp\/v2\/posts\/26825"}],"collection":[{"href":"https:\/\/rubyskynews.com\/index.php\/wp-json\/wp\/v2\/posts"}],"about":[{"href":"https:\/\/rubyskynews.com\/index.php\/wp-json\/wp\/v2\/types\/post"}],"author":[{"embeddable":true,"href":"https:\/\/rubyskynews.com\/index.php\/wp-json\/wp\/v2\/users\/1"}],"replies":[{"embeddable":true,"href":"https:\/\/rubyskynews.com\/index.php\/wp-json\/wp\/v2\/comments?post=26825"}],"version-history":[{"count":0,"href":"https:\/\/rubyskynews.com\/index.php\/wp-json\/wp\/v2\/posts\/26825\/revisions"}],"wp:attachment":[{"href":"https:\/\/rubyskynews.com\/index.php\/wp-json\/wp\/v2\/media?parent=26825"}],"wp:term":[{"taxonomy":"category","embeddable":true,"href":"https:\/\/rubyskynews.com\/index.php\/wp-json\/wp\/v2\/categories?post=26825"},{"taxonomy":"post_tag","embeddable":true,"href":"https:\/\/rubyskynews.com\/index.php\/wp-json\/wp\/v2\/tags?post=26825"}],"curies":[{"name":"wp","href":"https:\/\/api.w.org\/{rel}","templated":true}]}}