{"id":26485,"date":"2011-03-04T14:09:00","date_gmt":"2011-03-04T14:09:00","guid":{"rendered":""},"modified":"2020-09-25T09:42:05","modified_gmt":"2020-09-25T09:42:05","slug":"interesele-nationale-ale-republicii-2","status":"publish","type":"post","link":"https:\/\/rubyskynews.com\/index.php\/2011\/03\/04\/interesele-nationale-ale-republicii-2\/","title":{"rendered":"Interesele na\u0163ionale ale Republicii Moldova."},"content":{"rendered":"<div style=\"margin-top: 0px; margin-bottom: 0px;\" class=\"sharethis-inline-share-buttons\" ><\/div><div style=\"text-align: justify;\">Din a\u015fa acte ca Concep\u0163is politicii na\u0163ionale \u015fi Concep\u0163ia securit\u0103\u0163ii na\u0163ionale a Republicii Moldova reese c\u0103 <strong>politica na\u0163ional\u0103 trebuie s\u0103 fie orientat\u0103 spre: <\/strong>&#8211;  asigurarea concordiei civice;  &#8211; dezvoltarea tuturor comunit\u0103\u0163ilor  etnice \u015fi lingvistice; &#8211; dezvoltarea rela\u0163iilor interetnice, tradi\u0163ional  corecte; &#8211; dep\u0103\u015firea consecin\u0163elor conflictului civil de la sf\u00eer\u015fitul  anilor 80 \u2013 \u00eenceputul anilor 90 ai secolului XX, care a deformat  rela\u0163iile interetnice \u00een Moldova; &#8211; neutralizarea, \u00een conformitate cu  legisla\u0163ia privind drepturile omului \u015fi cerin\u0163ele constitu\u0163ionale, a  necontenitelor tentative de demoldovenizare, de negare a existen\u0163ei  na\u0163iunii moldovene\u015fti \u015fi a statalit\u0103\u0163ii moldovene\u015fti, de discreditare a  istoriei Moldovei, de ignorare a etnonimului \u201cmoldoveni\u201d \u015fi glotonimului  \u201climba moldoveneasc\u0103\u201d; &#8211; solu\u0163ionarea c\u00eet mai grabnic\u0103 a problemei  integrit\u0103\u0163ii teritoriale a \u0163\u0103rii; &#8211; crearea ne\u00eent\u00eerziat\u0103 a condi\u0163iilor  necesare pentru \u00eensu\u015firea limbii moldovene\u015fti de c\u0103tre alolingvi; &#8211;  neadmiterea restr\u00eengerii sferei de folosire a limbii ruse \u00een diverse  domenii ale vie\u0163ii statului \u015fi societ\u0103\u0163ii. <strong>Principalele principii ale politicii na\u0163ionale s\u00eent: <\/strong><strong>&#8211; <\/strong>prioritatea  m\u0103surilor orientate spre consolidarea suveranit\u0103\u0163ii, independen\u0163ei,  integrit\u0103\u0163ii teritoriale \u015fi democra\u0163iei \u00een Republica Moldova; &#8211;  egalitatea drepturilor \u015fi libert\u0103\u0163ilor omului, indiferent de originea  etnic\u0103, limb\u0103 \u015fi religie; &#8211; respectul, recunoa\u015fterea \u015fi garantarea  drepturilor tuturor cet\u0103\u0163enilor republicii la p\u0103strarea, dezvoltarea \u015fi  exprimarea specificului lor etnic, cultural, lingvistic \u015fi religios; &#8211;  inadmisibilitatea manifest\u0103rilor de discriminare pe criterii etnice,  lingvistice \u015fi religioase, precum \u015fi a restr\u00eengerii drepturilor  cet\u0103\u0163enilor la folosirea limbilor materne, la alegerea limbii de educare  \u015fi instruire; &#8211; inadmisibilitatea oric\u0103ror ac\u0163iuni orientate spre  asimilare \u015fi dezna\u0163ionalizare; &#8211; ocrotirea limbii moldovene\u015fti \u015fi  dezvoltarea culturii moldovene\u015fti, \u0163in\u00eend seama de caracterul lor  est-romanic, respectarea istoriei, culturii \u015fi particularit\u0103\u0163ilor  popula\u0163iei din raioanele de est ale Republicii Moldova; &#8211; consolidarea  p\u0103cii interetnice, \u00eenf\u0103ptuirea construc\u0163iei na\u0163ional-culturale \u015fi  lingvistice pe baza \u00eensu\u015firii limbii moldovene\u015fti, p\u0103strarea \u015fi  dezvoltarea limbilor altor etnii care locuiesc pe teritoriul Republicii  Moldova. <strong>Principalele scopuri ale politicii na\u0163ionale s\u00eent: <\/strong>&#8211;  consolidarea poporului Republicii Moldova, \u0163in\u00eend cont de specificul  polietnic, multicultural, multilingvistic \u015fi regional, prin \u00eent\u0103rirea  \u00eencrederii cet\u0103\u0163enilor \u00een patria lor comun\u0103 \u2013 Republica Moldova; &#8211;  \u00eent\u0103rirea bazelor politico-juridice \u015fi istorico-culturale ale  integrit\u0103\u0163ii teritoriale a Republicii Moldova; &#8211; p\u0103strarea memoriei  istorice a poporului moldovenesc, afirmarea \u015fi dezvoltarea \u00een continuare  a specificului s\u0103u na\u0163ional-cultural;  &#8211; p\u0103strarea \u015fi dezvoltarea  culturilor \u015fi limbilor tuturor comunit\u0103\u0163ilor etnice din Moldova.<\/div>\n<div style=\"margin-top: 0px; margin-bottom: 0px;\" class=\"sharethis-inline-share-buttons\" ><\/div>","protected":false},"excerpt":{"rendered":"<p>Din a\u015fa acte ca Concep\u0163is politicii na\u0163ionale \u015fi Concep\u0163ia securit\u0103\u0163ii na\u0163ionale a Republicii Moldova reese c\u0103 politica na\u0163ional\u0103 trebuie s\u0103 fie orientat\u0103 spre: &#8211; asigurarea concordiei civice; &#8211; dezvoltarea tuturor comunit\u0103\u0163ilor etnice \u015fi lingvistice; &#8211; dezvoltarea rela\u0163iilor interetnice, tradi\u0163ional corecte; &#8211; dep\u0103\u015firea consecin\u0163elor conflictului civil de la sf\u00eer\u015fitul anilor 80 \u2013 \u00eenceputul anilor 90 ai [&hellip;]<\/p>\n","protected":false},"author":1,"featured_media":0,"comment_status":"open","ping_status":"closed","sticky":false,"template":"","format":"standard","meta":{"_monsterinsights_skip_tracking":false,"_monsterinsights_sitenote_active":false,"_monsterinsights_sitenote_note":"","_monsterinsights_sitenote_category":0,"footnotes":""},"categories":[1],"tags":[],"aioseo_notices":[],"yoast_head":"<!-- This site is optimized with the Yoast SEO plugin v21.1 - https:\/\/yoast.com\/wordpress\/plugins\/seo\/ -->\n<title>Interesele na\u0163ionale ale Republicii Moldova. - Jobs\/ Internships\/ Scholarships\/<\/title>\n<meta name=\"robots\" content=\"index, follow, max-snippet:-1, max-image-preview:large, max-video-preview:-1\" \/>\n<link rel=\"canonical\" href=\"https:\/\/rubyskynews.com\/index.php\/2011\/03\/04\/interesele-nationale-ale-republicii-2\/\" \/>\n<meta property=\"og:locale\" content=\"en_US\" \/>\n<meta property=\"og:type\" content=\"article\" \/>\n<meta property=\"og:title\" content=\"Interesele na\u0163ionale ale Republicii Moldova. - Jobs\/ Internships\/ Scholarships\/\" \/>\n<meta property=\"og:description\" content=\"Din a\u015fa acte ca Concep\u0163is politicii na\u0163ionale \u015fi Concep\u0163ia securit\u0103\u0163ii na\u0163ionale a Republicii Moldova reese c\u0103 politica na\u0163ional\u0103 trebuie s\u0103 fie orientat\u0103 spre: &#8211; asigurarea concordiei civice; &#8211; dezvoltarea tuturor comunit\u0103\u0163ilor etnice \u015fi lingvistice; &#8211; dezvoltarea rela\u0163iilor interetnice, tradi\u0163ional corecte; &#8211; dep\u0103\u015firea consecin\u0163elor conflictului civil de la sf\u00eer\u015fitul anilor 80 \u2013 \u00eenceputul anilor 90 ai [&hellip;]\" \/>\n<meta property=\"og:url\" content=\"https:\/\/rubyskynews.com\/index.php\/2011\/03\/04\/interesele-nationale-ale-republicii-2\/\" \/>\n<meta property=\"og:site_name\" content=\"Jobs\/ Internships\/ Scholarships\/\" \/>\n<meta property=\"article:published_time\" content=\"2011-03-04T14:09:00+00:00\" \/>\n<meta property=\"article:modified_time\" content=\"2020-09-25T09:42:05+00:00\" \/>\n<meta name=\"author\" content=\"eurointern\" \/>\n<meta name=\"twitter:card\" content=\"summary_large_image\" \/>\n<meta name=\"twitter:label1\" content=\"Written by\" \/>\n\t<meta name=\"twitter:data1\" content=\"eurointern\" \/>\n\t<meta name=\"twitter:label2\" content=\"Est. reading time\" \/>\n\t<meta name=\"twitter:data2\" content=\"2 minutes\" \/>\n<script type=\"application\/ld+json\" class=\"yoast-schema-graph\">{\"@context\":\"https:\/\/schema.org\",\"@graph\":[{\"@type\":\"WebPage\",\"@id\":\"https:\/\/rubyskynews.com\/index.php\/2011\/03\/04\/interesele-nationale-ale-republicii-2\/\",\"url\":\"https:\/\/rubyskynews.com\/index.php\/2011\/03\/04\/interesele-nationale-ale-republicii-2\/\",\"name\":\"Interesele na\u0163ionale ale Republicii Moldova. - Jobs\/ Internships\/ Scholarships\/\",\"isPartOf\":{\"@id\":\"https:\/\/rubyskynews.com\/#website\"},\"datePublished\":\"2011-03-04T14:09:00+00:00\",\"dateModified\":\"2020-09-25T09:42:05+00:00\",\"author\":{\"@id\":\"https:\/\/rubyskynews.com\/#\/schema\/person\/2bf02c24278f4ce807817c8f91add34d\"},\"breadcrumb\":{\"@id\":\"https:\/\/rubyskynews.com\/index.php\/2011\/03\/04\/interesele-nationale-ale-republicii-2\/#breadcrumb\"},\"inLanguage\":\"en-US\",\"potentialAction\":[{\"@type\":\"ReadAction\",\"target\":[\"https:\/\/rubyskynews.com\/index.php\/2011\/03\/04\/interesele-nationale-ale-republicii-2\/\"]}]},{\"@type\":\"BreadcrumbList\",\"@id\":\"https:\/\/rubyskynews.com\/index.php\/2011\/03\/04\/interesele-nationale-ale-republicii-2\/#breadcrumb\",\"itemListElement\":[{\"@type\":\"ListItem\",\"position\":1,\"name\":\"Home\",\"item\":\"https:\/\/rubyskynews.com\/\"},{\"@type\":\"ListItem\",\"position\":2,\"name\":\"Interesele na\u0163ionale ale Republicii Moldova.\"}]},{\"@type\":\"WebSite\",\"@id\":\"https:\/\/rubyskynews.com\/#website\",\"url\":\"https:\/\/rubyskynews.com\/\",\"name\":\"Jobs\/ Internships\/ Scholarships\/\",\"description\":\"Internships\/ Scholarships\/  Grants\",\"potentialAction\":[{\"@type\":\"SearchAction\",\"target\":{\"@type\":\"EntryPoint\",\"urlTemplate\":\"https:\/\/rubyskynews.com\/?s={search_term_string}\"},\"query-input\":\"required name=search_term_string\"}],\"inLanguage\":\"en-US\"},{\"@type\":\"Person\",\"@id\":\"https:\/\/rubyskynews.com\/#\/schema\/person\/2bf02c24278f4ce807817c8f91add34d\",\"name\":\"eurointern\",\"image\":{\"@type\":\"ImageObject\",\"inLanguage\":\"en-US\",\"@id\":\"https:\/\/rubyskynews.com\/#\/schema\/person\/image\/\",\"url\":\"https:\/\/secure.gravatar.com\/avatar\/4ba0ee69eda3e0c9ec9a3c49a6c7a82b?s=96&d=mm&r=g\",\"contentUrl\":\"https:\/\/secure.gravatar.com\/avatar\/4ba0ee69eda3e0c9ec9a3c49a6c7a82b?s=96&d=mm&r=g\",\"caption\":\"eurointern\"},\"sameAs\":[\"http:\/\/rubyskynews.com\"],\"url\":\"https:\/\/rubyskynews.com\/index.php\/author\/eurointern28gmail-com\/\"}]}<\/script>\n<!-- \/ Yoast SEO plugin. -->","yoast_head_json":{"title":"Interesele na\u0163ionale ale Republicii Moldova. - Jobs\/ Internships\/ Scholarships\/","robots":{"index":"index","follow":"follow","max-snippet":"max-snippet:-1","max-image-preview":"max-image-preview:large","max-video-preview":"max-video-preview:-1"},"canonical":"https:\/\/rubyskynews.com\/index.php\/2011\/03\/04\/interesele-nationale-ale-republicii-2\/","og_locale":"en_US","og_type":"article","og_title":"Interesele na\u0163ionale ale Republicii Moldova. - Jobs\/ Internships\/ Scholarships\/","og_description":"Din a\u015fa acte ca Concep\u0163is politicii na\u0163ionale \u015fi Concep\u0163ia securit\u0103\u0163ii na\u0163ionale a Republicii Moldova reese c\u0103 politica na\u0163ional\u0103 trebuie s\u0103 fie orientat\u0103 spre: &#8211; asigurarea concordiei civice; &#8211; dezvoltarea tuturor comunit\u0103\u0163ilor etnice \u015fi lingvistice; &#8211; dezvoltarea rela\u0163iilor interetnice, tradi\u0163ional corecte; &#8211; dep\u0103\u015firea consecin\u0163elor conflictului civil de la sf\u00eer\u015fitul anilor 80 \u2013 \u00eenceputul anilor 90 ai [&hellip;]","og_url":"https:\/\/rubyskynews.com\/index.php\/2011\/03\/04\/interesele-nationale-ale-republicii-2\/","og_site_name":"Jobs\/ Internships\/ Scholarships\/","article_published_time":"2011-03-04T14:09:00+00:00","article_modified_time":"2020-09-25T09:42:05+00:00","author":"eurointern","twitter_card":"summary_large_image","twitter_misc":{"Written by":"eurointern","Est. reading time":"2 minutes"},"schema":{"@context":"https:\/\/schema.org","@graph":[{"@type":"WebPage","@id":"https:\/\/rubyskynews.com\/index.php\/2011\/03\/04\/interesele-nationale-ale-republicii-2\/","url":"https:\/\/rubyskynews.com\/index.php\/2011\/03\/04\/interesele-nationale-ale-republicii-2\/","name":"Interesele na\u0163ionale ale Republicii Moldova. - Jobs\/ Internships\/ Scholarships\/","isPartOf":{"@id":"https:\/\/rubyskynews.com\/#website"},"datePublished":"2011-03-04T14:09:00+00:00","dateModified":"2020-09-25T09:42:05+00:00","author":{"@id":"https:\/\/rubyskynews.com\/#\/schema\/person\/2bf02c24278f4ce807817c8f91add34d"},"breadcrumb":{"@id":"https:\/\/rubyskynews.com\/index.php\/2011\/03\/04\/interesele-nationale-ale-republicii-2\/#breadcrumb"},"inLanguage":"en-US","potentialAction":[{"@type":"ReadAction","target":["https:\/\/rubyskynews.com\/index.php\/2011\/03\/04\/interesele-nationale-ale-republicii-2\/"]}]},{"@type":"BreadcrumbList","@id":"https:\/\/rubyskynews.com\/index.php\/2011\/03\/04\/interesele-nationale-ale-republicii-2\/#breadcrumb","itemListElement":[{"@type":"ListItem","position":1,"name":"Home","item":"https:\/\/rubyskynews.com\/"},{"@type":"ListItem","position":2,"name":"Interesele na\u0163ionale ale Republicii Moldova."}]},{"@type":"WebSite","@id":"https:\/\/rubyskynews.com\/#website","url":"https:\/\/rubyskynews.com\/","name":"Jobs\/ Internships\/ Scholarships\/","description":"Internships\/ Scholarships\/  Grants","potentialAction":[{"@type":"SearchAction","target":{"@type":"EntryPoint","urlTemplate":"https:\/\/rubyskynews.com\/?s={search_term_string}"},"query-input":"required name=search_term_string"}],"inLanguage":"en-US"},{"@type":"Person","@id":"https:\/\/rubyskynews.com\/#\/schema\/person\/2bf02c24278f4ce807817c8f91add34d","name":"eurointern","image":{"@type":"ImageObject","inLanguage":"en-US","@id":"https:\/\/rubyskynews.com\/#\/schema\/person\/image\/","url":"https:\/\/secure.gravatar.com\/avatar\/4ba0ee69eda3e0c9ec9a3c49a6c7a82b?s=96&d=mm&r=g","contentUrl":"https:\/\/secure.gravatar.com\/avatar\/4ba0ee69eda3e0c9ec9a3c49a6c7a82b?s=96&d=mm&r=g","caption":"eurointern"},"sameAs":["http:\/\/rubyskynews.com"],"url":"https:\/\/rubyskynews.com\/index.php\/author\/eurointern28gmail-com\/"}]}},"_links":{"self":[{"href":"https:\/\/rubyskynews.com\/index.php\/wp-json\/wp\/v2\/posts\/26485"}],"collection":[{"href":"https:\/\/rubyskynews.com\/index.php\/wp-json\/wp\/v2\/posts"}],"about":[{"href":"https:\/\/rubyskynews.com\/index.php\/wp-json\/wp\/v2\/types\/post"}],"author":[{"embeddable":true,"href":"https:\/\/rubyskynews.com\/index.php\/wp-json\/wp\/v2\/users\/1"}],"replies":[{"embeddable":true,"href":"https:\/\/rubyskynews.com\/index.php\/wp-json\/wp\/v2\/comments?post=26485"}],"version-history":[{"count":0,"href":"https:\/\/rubyskynews.com\/index.php\/wp-json\/wp\/v2\/posts\/26485\/revisions"}],"wp:attachment":[{"href":"https:\/\/rubyskynews.com\/index.php\/wp-json\/wp\/v2\/media?parent=26485"}],"wp:term":[{"taxonomy":"category","embeddable":true,"href":"https:\/\/rubyskynews.com\/index.php\/wp-json\/wp\/v2\/categories?post=26485"},{"taxonomy":"post_tag","embeddable":true,"href":"https:\/\/rubyskynews.com\/index.php\/wp-json\/wp\/v2\/tags?post=26485"}],"curies":[{"name":"wp","href":"https:\/\/api.w.org\/{rel}","templated":true}]}}