{"id":26315,"date":"2011-03-07T12:26:00","date_gmt":"2011-03-07T12:26:00","guid":{"rendered":""},"modified":"2020-09-25T09:41:13","modified_gmt":"2020-09-25T09:41:13","slug":"apararea-dreptului-de-proprietate-prin-2","status":"publish","type":"post","link":"https:\/\/rubyskynews.com\/index.php\/2011\/03\/07\/apararea-dreptului-de-proprietate-prin-2\/","title":{"rendered":"AP\u0102RAREA DREPTULUI DE PROPRIETATE PRIN AC\u0162IUNEA \u00ceN REVENDICARE"},"content":{"rendered":"<div style=\"margin-top: 0px; margin-bottom: 0px;\" class=\"sharethis-inline-share-buttons\" ><\/div><div class=\"MsoNormal\" style=\"text-align: justify;\"><span lang=\"EN-US\" style=\"font-size: 14pt;\">Prin ac\u0163iunea \u00een revendicare, proprietarul care a pierdut posesia lucrului, poate cere restituirea acesteia de la cel la care se g\u0103se\u015fte; proprietarul neposesor cere posesorului neproprietar recunoa\u015fterea dreptului s\u0103u de proprietate \u015fi restituirea lucrului.<\/span><\/div>\n<div class=\"MsoNormal\" style=\"text-align: justify;\"><span lang=\"EN-US\" style=\"font-size: 14pt;\">&nbsp;Obiectul ac\u0163iunii \u00een revendicare \u00eel constituie numai bunurile imobile si cele mobile determinate individual \u015fi de care reclamantul a fost deposedat; obiectul revendic\u0103rii nu poate fi \u00eenlocuit cu alte bunuri de valoare egal\u0103 ori prin compensa\u0163ie b\u0103neasc\u0103.<\/span><\/div>\n<div class=\"MsoNormal\" style=\"text-align: justify;\"><span lang=\"EN-US\" style=\"font-size: 14pt;\"><\/span><\/div>\n<div class=\"MsoNormal\" style=\"text-align: justify;\"><span lang=\"EN-US\" style=\"font-size: 14pt;\">Prin aceast\u0103 ac\u0163iune se pot cere \u015fi desp\u0103gubiri pentru repararea prejudiciilor cauzate, cap\u0103t de cerere subsidiar revendic\u0103rii, instan\u0163a av\u00e2nd obliga\u0163ia s\u0103 se pronun\u0163e asupra ambelor capete de cereri.<\/span><\/div>\n<div class=\"MsoNormal\" style=\"text-align: justify;\"><span lang=\"EN-US\" style=\"font-size: 14pt;\"><\/span><\/div>\n<div class=\"MsoNormal\" style=\"text-align: justify;\"><span lang=\"EN-US\" style=\"font-size: 14pt;\">Temeiul juridic al revendic\u0103rii \u00eel constituie dreptul de proprietate asupra lucrului respectiv.<\/span><\/div>\n<div class=\"MsoNormal\" style=\"text-align: justify;\"><b><i><span lang=\"EN-US\" style=\"font-size: 14pt;\">&nbsp;Ac\u0163iunea \u00een revendicare a mobilelor<\/span><\/i><\/b><\/div>\n<div class=\"MsoNormal\" style=\"text-align: justify;\">\n<\/div>\n<div class=\"MsoNormal\" style=\"text-align: justify;\"><span lang=\"EN-US\" style=\"font-size: 14pt;\"><\/span><\/div>\n<div class=\"MsoNormal\" style=\"text-align: justify;\"><span lang=\"EN-US\" style=\"font-size: 14pt;\">Art.1909 Cod civil prevede c\u0103 lucr\u0103rile mi\u015fc\u0103toare se prescriu prin faptul posesiei lor, f\u0103r\u0103 a fi trebuin\u0163\u0103 de vreo curgere de timp, redactare necorespunz\u0103toare, deoarece prescrip\u0163ia presupune curgere de timp, \u00eens\u0103 textul spune c\u0103 nu este nevoie de scurgere de timp.<\/span><\/div>\n<div class=\"MsoNormal\" style=\"text-align: justify;\"><span lang=\"EN-US\" style=\"font-size: 14pt;\"><\/span><\/div>\n<div class=\"MsoNormal\" style=\"text-align: justify;\"><span lang=\"EN-US\" style=\"font-size: 14pt;\">Condi\u0163ii<\/span><\/div>\n<div class=\"MsoNormal\" style=\"text-align: justify;\"><span lang=\"EN-US\" style=\"font-size: 14pt;\"><\/span><\/div>\n<div class=\"MsoNormal\" style=\"text-align: justify;\"><span lang=\"EN-US\" style=\"font-size: 14pt;\">1. se aplic\u0103 bunurilor mobile corporale, \u00eentruc\u00e2t ele pot fi posedate; alin.1 art.1909 prevede c\u0103 \u015fi bunurile necorporale pot face obiectul posesiei \u015fi anume titlurile de purt\u0103tor a c\u0103ror valoare este \u00eencorporat\u0103 \u00een titlu, ex:ac\u0163iunile societ\u0103\u0163ilor, certificate de proprietate, obliga\u0163iile emise de stat si societ\u0103\u0163i; nu se aplic\u0103 unei universalit\u0103\u0163i (succesiunea mobiliar\u0103 \u015fi fondului de comer\u0163 ca universalitate ori valoarea incorporal\u0103).<\/span><\/div>\n<div class=\"MsoNormal\" style=\"text-align: justify;\"><span lang=\"EN-US\" style=\"font-size: 14pt;\"><\/span><\/div>\n<div class=\"MsoNormal\" style=\"text-align: justify;\"><span lang=\"EN-US\" style=\"font-size: 14pt;\">Textul art.1909 Cod civil nu se aplic\u0103:<\/span><\/div>\n<div class=\"MsoNormal\" style=\"text-align: justify;\"><span lang=\"EN-US\" style=\"font-size: 14pt;\"><\/span><\/div>\n<div class=\"MsoNormal\" style=\"text-align: justify;\"><span lang=\"EN-US\" style=\"font-size: 14pt;\">a. fac parte din domeniul public;<\/span><\/div>\n<div class=\"MsoNormal\" style=\"text-align: justify;\"><span lang=\"EN-US\" style=\"font-size: 14pt;\"><\/span><\/div>\n<div class=\"MsoNormal\" style=\"text-align: justify;\"><span lang=\"EN-US\" style=\"font-size: 14pt;\">b. sunt accesorii ale unui imobil: mobilier din apartament, ce nu devin mobile prin destina\u0163ie, ci \u00ee\u015fi p\u0103streaz\u0103 caracterul lor de bunuri mobile; deci nu ar fi posibil sa se re\u0163in\u0103 mobilierul pretinz\u00e2nd c\u0103 se aplic\u0103 art.1909 alin.1 Cod civil.<\/span><\/div>\n<div class=\"MsoNormal\" style=\"text-align: justify;\">\n<\/div>\n<div class=\"MsoNormal\" style=\"text-align: justify;\">\n<\/div>\n<div style=\"margin-top: 0px; margin-bottom: 0px;\" class=\"sharethis-inline-share-buttons\" ><\/div>","protected":false},"excerpt":{"rendered":"<p>Prin ac\u0163iunea \u00een revendicare, proprietarul care a pierdut posesia lucrului, poate cere restituirea acesteia de la cel la care se g\u0103se\u015fte; proprietarul neposesor cere posesorului neproprietar recunoa\u015fterea dreptului s\u0103u de proprietate \u015fi restituirea lucrului. &nbsp;Obiectul ac\u0163iunii \u00een revendicare \u00eel constituie numai bunurile imobile si cele mobile determinate individual \u015fi de care reclamantul a fost deposedat; [&hellip;]<\/p>\n","protected":false},"author":1,"featured_media":0,"comment_status":"open","ping_status":"closed","sticky":false,"template":"","format":"standard","meta":{"_monsterinsights_skip_tracking":false,"_monsterinsights_sitenote_active":false,"_monsterinsights_sitenote_note":"","_monsterinsights_sitenote_category":0,"footnotes":""},"categories":[1],"tags":[],"aioseo_notices":[],"yoast_head":"<!-- This site is optimized with the Yoast SEO plugin v21.1 - https:\/\/yoast.com\/wordpress\/plugins\/seo\/ -->\n<title>AP\u0102RAREA DREPTULUI DE PROPRIETATE PRIN AC\u0162IUNEA \u00ceN REVENDICARE - Jobs\/ Internships\/ Scholarships\/<\/title>\n<meta name=\"robots\" content=\"index, follow, max-snippet:-1, max-image-preview:large, max-video-preview:-1\" \/>\n<link rel=\"canonical\" href=\"https:\/\/rubyskynews.com\/index.php\/2011\/03\/07\/apararea-dreptului-de-proprietate-prin-2\/\" \/>\n<meta property=\"og:locale\" content=\"en_US\" \/>\n<meta property=\"og:type\" content=\"article\" \/>\n<meta property=\"og:title\" content=\"AP\u0102RAREA DREPTULUI DE PROPRIETATE PRIN AC\u0162IUNEA \u00ceN REVENDICARE - Jobs\/ Internships\/ Scholarships\/\" \/>\n<meta property=\"og:description\" content=\"Prin ac\u0163iunea \u00een revendicare, proprietarul care a pierdut posesia lucrului, poate cere restituirea acesteia de la cel la care se g\u0103se\u015fte; proprietarul neposesor cere posesorului neproprietar recunoa\u015fterea dreptului s\u0103u de proprietate \u015fi restituirea lucrului. &nbsp;Obiectul ac\u0163iunii \u00een revendicare \u00eel constituie numai bunurile imobile si cele mobile determinate individual \u015fi de care reclamantul a fost deposedat; [&hellip;]\" \/>\n<meta property=\"og:url\" content=\"https:\/\/rubyskynews.com\/index.php\/2011\/03\/07\/apararea-dreptului-de-proprietate-prin-2\/\" \/>\n<meta property=\"og:site_name\" content=\"Jobs\/ Internships\/ Scholarships\/\" \/>\n<meta property=\"article:published_time\" content=\"2011-03-07T12:26:00+00:00\" \/>\n<meta property=\"article:modified_time\" content=\"2020-09-25T09:41:13+00:00\" \/>\n<meta name=\"author\" content=\"eurointern\" \/>\n<meta name=\"twitter:card\" content=\"summary_large_image\" \/>\n<meta name=\"twitter:label1\" content=\"Written by\" \/>\n\t<meta name=\"twitter:data1\" content=\"eurointern\" \/>\n\t<meta name=\"twitter:label2\" content=\"Est. reading time\" \/>\n\t<meta name=\"twitter:data2\" content=\"2 minutes\" \/>\n<script type=\"application\/ld+json\" class=\"yoast-schema-graph\">{\"@context\":\"https:\/\/schema.org\",\"@graph\":[{\"@type\":\"WebPage\",\"@id\":\"https:\/\/rubyskynews.com\/index.php\/2011\/03\/07\/apararea-dreptului-de-proprietate-prin-2\/\",\"url\":\"https:\/\/rubyskynews.com\/index.php\/2011\/03\/07\/apararea-dreptului-de-proprietate-prin-2\/\",\"name\":\"AP\u0102RAREA DREPTULUI DE PROPRIETATE PRIN AC\u0162IUNEA \u00ceN REVENDICARE - Jobs\/ Internships\/ Scholarships\/\",\"isPartOf\":{\"@id\":\"https:\/\/rubyskynews.com\/#website\"},\"datePublished\":\"2011-03-07T12:26:00+00:00\",\"dateModified\":\"2020-09-25T09:41:13+00:00\",\"author\":{\"@id\":\"https:\/\/rubyskynews.com\/#\/schema\/person\/2bf02c24278f4ce807817c8f91add34d\"},\"breadcrumb\":{\"@id\":\"https:\/\/rubyskynews.com\/index.php\/2011\/03\/07\/apararea-dreptului-de-proprietate-prin-2\/#breadcrumb\"},\"inLanguage\":\"en-US\",\"potentialAction\":[{\"@type\":\"ReadAction\",\"target\":[\"https:\/\/rubyskynews.com\/index.php\/2011\/03\/07\/apararea-dreptului-de-proprietate-prin-2\/\"]}]},{\"@type\":\"BreadcrumbList\",\"@id\":\"https:\/\/rubyskynews.com\/index.php\/2011\/03\/07\/apararea-dreptului-de-proprietate-prin-2\/#breadcrumb\",\"itemListElement\":[{\"@type\":\"ListItem\",\"position\":1,\"name\":\"Home\",\"item\":\"https:\/\/rubyskynews.com\/\"},{\"@type\":\"ListItem\",\"position\":2,\"name\":\"AP\u0102RAREA DREPTULUI DE PROPRIETATE PRIN AC\u0162IUNEA \u00ceN REVENDICARE\"}]},{\"@type\":\"WebSite\",\"@id\":\"https:\/\/rubyskynews.com\/#website\",\"url\":\"https:\/\/rubyskynews.com\/\",\"name\":\"Jobs\/ Internships\/ Scholarships\/\",\"description\":\"Internships\/ Scholarships\/  Grants\",\"potentialAction\":[{\"@type\":\"SearchAction\",\"target\":{\"@type\":\"EntryPoint\",\"urlTemplate\":\"https:\/\/rubyskynews.com\/?s={search_term_string}\"},\"query-input\":\"required name=search_term_string\"}],\"inLanguage\":\"en-US\"},{\"@type\":\"Person\",\"@id\":\"https:\/\/rubyskynews.com\/#\/schema\/person\/2bf02c24278f4ce807817c8f91add34d\",\"name\":\"eurointern\",\"image\":{\"@type\":\"ImageObject\",\"inLanguage\":\"en-US\",\"@id\":\"https:\/\/rubyskynews.com\/#\/schema\/person\/image\/\",\"url\":\"https:\/\/secure.gravatar.com\/avatar\/4ba0ee69eda3e0c9ec9a3c49a6c7a82b?s=96&d=mm&r=g\",\"contentUrl\":\"https:\/\/secure.gravatar.com\/avatar\/4ba0ee69eda3e0c9ec9a3c49a6c7a82b?s=96&d=mm&r=g\",\"caption\":\"eurointern\"},\"sameAs\":[\"http:\/\/rubyskynews.com\"],\"url\":\"https:\/\/rubyskynews.com\/index.php\/author\/eurointern28gmail-com\/\"}]}<\/script>\n<!-- \/ Yoast SEO plugin. -->","yoast_head_json":{"title":"AP\u0102RAREA DREPTULUI DE PROPRIETATE PRIN AC\u0162IUNEA \u00ceN REVENDICARE - Jobs\/ Internships\/ Scholarships\/","robots":{"index":"index","follow":"follow","max-snippet":"max-snippet:-1","max-image-preview":"max-image-preview:large","max-video-preview":"max-video-preview:-1"},"canonical":"https:\/\/rubyskynews.com\/index.php\/2011\/03\/07\/apararea-dreptului-de-proprietate-prin-2\/","og_locale":"en_US","og_type":"article","og_title":"AP\u0102RAREA DREPTULUI DE PROPRIETATE PRIN AC\u0162IUNEA \u00ceN REVENDICARE - Jobs\/ Internships\/ Scholarships\/","og_description":"Prin ac\u0163iunea \u00een revendicare, proprietarul care a pierdut posesia lucrului, poate cere restituirea acesteia de la cel la care se g\u0103se\u015fte; proprietarul neposesor cere posesorului neproprietar recunoa\u015fterea dreptului s\u0103u de proprietate \u015fi restituirea lucrului. &nbsp;Obiectul ac\u0163iunii \u00een revendicare \u00eel constituie numai bunurile imobile si cele mobile determinate individual \u015fi de care reclamantul a fost deposedat; [&hellip;]","og_url":"https:\/\/rubyskynews.com\/index.php\/2011\/03\/07\/apararea-dreptului-de-proprietate-prin-2\/","og_site_name":"Jobs\/ Internships\/ Scholarships\/","article_published_time":"2011-03-07T12:26:00+00:00","article_modified_time":"2020-09-25T09:41:13+00:00","author":"eurointern","twitter_card":"summary_large_image","twitter_misc":{"Written by":"eurointern","Est. reading time":"2 minutes"},"schema":{"@context":"https:\/\/schema.org","@graph":[{"@type":"WebPage","@id":"https:\/\/rubyskynews.com\/index.php\/2011\/03\/07\/apararea-dreptului-de-proprietate-prin-2\/","url":"https:\/\/rubyskynews.com\/index.php\/2011\/03\/07\/apararea-dreptului-de-proprietate-prin-2\/","name":"AP\u0102RAREA DREPTULUI DE PROPRIETATE PRIN AC\u0162IUNEA \u00ceN REVENDICARE - Jobs\/ Internships\/ Scholarships\/","isPartOf":{"@id":"https:\/\/rubyskynews.com\/#website"},"datePublished":"2011-03-07T12:26:00+00:00","dateModified":"2020-09-25T09:41:13+00:00","author":{"@id":"https:\/\/rubyskynews.com\/#\/schema\/person\/2bf02c24278f4ce807817c8f91add34d"},"breadcrumb":{"@id":"https:\/\/rubyskynews.com\/index.php\/2011\/03\/07\/apararea-dreptului-de-proprietate-prin-2\/#breadcrumb"},"inLanguage":"en-US","potentialAction":[{"@type":"ReadAction","target":["https:\/\/rubyskynews.com\/index.php\/2011\/03\/07\/apararea-dreptului-de-proprietate-prin-2\/"]}]},{"@type":"BreadcrumbList","@id":"https:\/\/rubyskynews.com\/index.php\/2011\/03\/07\/apararea-dreptului-de-proprietate-prin-2\/#breadcrumb","itemListElement":[{"@type":"ListItem","position":1,"name":"Home","item":"https:\/\/rubyskynews.com\/"},{"@type":"ListItem","position":2,"name":"AP\u0102RAREA DREPTULUI DE PROPRIETATE PRIN AC\u0162IUNEA \u00ceN REVENDICARE"}]},{"@type":"WebSite","@id":"https:\/\/rubyskynews.com\/#website","url":"https:\/\/rubyskynews.com\/","name":"Jobs\/ Internships\/ Scholarships\/","description":"Internships\/ Scholarships\/  Grants","potentialAction":[{"@type":"SearchAction","target":{"@type":"EntryPoint","urlTemplate":"https:\/\/rubyskynews.com\/?s={search_term_string}"},"query-input":"required name=search_term_string"}],"inLanguage":"en-US"},{"@type":"Person","@id":"https:\/\/rubyskynews.com\/#\/schema\/person\/2bf02c24278f4ce807817c8f91add34d","name":"eurointern","image":{"@type":"ImageObject","inLanguage":"en-US","@id":"https:\/\/rubyskynews.com\/#\/schema\/person\/image\/","url":"https:\/\/secure.gravatar.com\/avatar\/4ba0ee69eda3e0c9ec9a3c49a6c7a82b?s=96&d=mm&r=g","contentUrl":"https:\/\/secure.gravatar.com\/avatar\/4ba0ee69eda3e0c9ec9a3c49a6c7a82b?s=96&d=mm&r=g","caption":"eurointern"},"sameAs":["http:\/\/rubyskynews.com"],"url":"https:\/\/rubyskynews.com\/index.php\/author\/eurointern28gmail-com\/"}]}},"_links":{"self":[{"href":"https:\/\/rubyskynews.com\/index.php\/wp-json\/wp\/v2\/posts\/26315"}],"collection":[{"href":"https:\/\/rubyskynews.com\/index.php\/wp-json\/wp\/v2\/posts"}],"about":[{"href":"https:\/\/rubyskynews.com\/index.php\/wp-json\/wp\/v2\/types\/post"}],"author":[{"embeddable":true,"href":"https:\/\/rubyskynews.com\/index.php\/wp-json\/wp\/v2\/users\/1"}],"replies":[{"embeddable":true,"href":"https:\/\/rubyskynews.com\/index.php\/wp-json\/wp\/v2\/comments?post=26315"}],"version-history":[{"count":0,"href":"https:\/\/rubyskynews.com\/index.php\/wp-json\/wp\/v2\/posts\/26315\/revisions"}],"wp:attachment":[{"href":"https:\/\/rubyskynews.com\/index.php\/wp-json\/wp\/v2\/media?parent=26315"}],"wp:term":[{"taxonomy":"category","embeddable":true,"href":"https:\/\/rubyskynews.com\/index.php\/wp-json\/wp\/v2\/categories?post=26315"},{"taxonomy":"post_tag","embeddable":true,"href":"https:\/\/rubyskynews.com\/index.php\/wp-json\/wp\/v2\/tags?post=26315"}],"curies":[{"name":"wp","href":"https:\/\/api.w.org\/{rel}","templated":true}]}}