{"id":26171,"date":"2011-03-26T20:40:00","date_gmt":"2011-03-26T20:40:00","guid":{"rendered":""},"modified":"2020-09-25T09:40:33","modified_gmt":"2020-09-25T09:40:33","slug":"arhitectura-sistemului-european-al-2","status":"publish","type":"post","link":"https:\/\/rubyskynews.com\/index.php\/2011\/03\/26\/arhitectura-sistemului-european-al-2\/","title":{"rendered":"Arhitectura Sistemului European al B\u0103ncii Centrale (SEBC)"},"content":{"rendered":"<div style=\"margin-top: 0px; margin-bottom: 0px;\" class=\"sharethis-inline-share-buttons\" ><\/div><div class=\"MsoNormal\"><span lang=\"RO\" style=\"font-family: &quot;Times New Roman&quot;; font-size: 14pt;\">Sistemul European al B\u0103ncii Centrale este cuprins din:&nbsp;<span style=\"font: 7pt &quot;Times New Roman&quot;;\"> <\/span><\/span><span lang=\"RO\" style=\"font-family: &quot;Times New Roman&quot;; font-size: 14pt;\">Banca Central\u0103 Euroepan\u0103 (BCE) si&nbsp;<span style=\"font: 7pt &quot;Times New Roman&quot;;\"> <\/span><\/span><span lang=\"RO\" style=\"color: black; font-family: &quot;Times New Roman&quot;; font-size: 14pt;\">B\u0103ncile Centrale Na\u0163ionale (BCN) ale tuturor statelor membre Uniunii Europene chiar dac\u0103 apar\u0163in sau nu zonei euro. S-au creat dou\u0103 zone:a) Eurosistemul \u2192 cuprinde statele \u00een care circul\u0103 euro (11 state ale UE).b) SEBC ce cuprinde Eurosistemul \u015fi se extinde pe teritoriul acestuia, 15 state membre ale Uniunii Euroepene<\/span><\/div>\n<div class=\"MsoNormal\"><span lang=\"RO\" style=\"color: black; font-family: &quot;Times New Roman&quot;; font-size: 14pt;\">1.<u> Principii generale:<\/u><\/span><b><span lang=\"RO\" style=\"color: black; font-family: &quot;Times New Roman&quot;; font-size: 14pt;\"> a)<span style=\"font: 7pt &quot;Times New Roman&quot;;\">&nbsp; <\/span><\/span><\/b><span lang=\"RO\" style=\"color: black; font-family: &quot;Times New Roman&quot;; font-size: 14pt;\">Federalismul reprezint\u0103 sistemul SEBC \u015fi este un sistem de tip federal unde deciziile sunt luate \u00een mod colegial \u015fi central \u00een cadrul B\u0103ncii Centrale Europene;<\/span><\/div>\n<div class=\"MsoNormal\" style=\"margin-left: 0in; text-indent: 0in;\"><b><span lang=\"RO\" style=\"color: black; font-family: &quot;Times New Roman&quot;; font-size: 14pt;\">b)<span style=\"font: 7pt &quot;Times New Roman&quot;;\">&nbsp;&nbsp;&nbsp;&nbsp;&nbsp;&nbsp;&nbsp;&nbsp;&nbsp;&nbsp;&nbsp;&nbsp;&nbsp;&nbsp;&nbsp; <\/span><\/span><\/b><span lang=\"RO\" style=\"color: black; font-family: &quot;Times New Roman&quot;; font-size: 14pt;\">Independen\u0163a; de aici rezult\u0103 c\u0103 SEBC este independent fa\u0163\u0103 de puterea politic\u0103 \u015fi anume:<\/span><\/div>\n<div class=\"MsoNormal\" style=\"margin-left: 0in; text-indent: 0in;\"><span lang=\"RO\" style=\"font-family: &quot;Times New Roman&quot;; font-size: 14pt;\">&#8211;<span style=\"font: 7pt &quot;Times New Roman&quot;;\">&nbsp;&nbsp;&nbsp;&nbsp;&nbsp;&nbsp;&nbsp;&nbsp;&nbsp;&nbsp;&nbsp;&nbsp;&nbsp;&nbsp;&nbsp;&nbsp;&nbsp;&nbsp;&nbsp;&nbsp; <\/span><\/span><i><span lang=\"RO\" style=\"color: black; font-family: &quot;Times New Roman&quot;; font-size: 14pt;\">Independen\u0163a institu\u0163ional\u0103<\/span><\/i><span lang=\"RO\" style=\"color: black; font-family: &quot;Times New Roman&quot;; font-size: 14pt;\"> care interzice acceptarea de in-struc\u0163iuni ce nu apar\u0163in sferei SEBC<\/span><\/div>\n<div class=\"MsoNormal\" style=\"margin-left: 0in; text-indent: 0in;\"><span lang=\"RO\" style=\"font-family: &quot;Times New Roman&quot;; font-size: 14pt;\">&#8211;<span style=\"font: 7pt &quot;Times New Roman&quot;;\">&nbsp;&nbsp;&nbsp;&nbsp;&nbsp;&nbsp;&nbsp;&nbsp;&nbsp;&nbsp;&nbsp;&nbsp;&nbsp;&nbsp;&nbsp;&nbsp;&nbsp;&nbsp;&nbsp;&nbsp; <\/span><\/span><i><span lang=\"RO\" style=\"color: black; font-family: &quot;Times New Roman&quot;; font-size: 14pt;\">Independen\u0163a personal\u0103<\/span><\/i><span lang=\"RO\" style=\"color: black; font-family: &quot;Times New Roman&quot;; font-size: 14pt;\"> ce decurge din statutul deciden\u0163ilor<\/span><\/div>\n<div class=\"MsoNormal\" style=\"margin-left: 0in; text-indent: 0in;\"><span lang=\"RO\" style=\"font-family: &quot;Times New Roman&quot;; font-size: 14pt;\">&#8211;<span style=\"font: 7pt &quot;Times New Roman&quot;;\">&nbsp;&nbsp;&nbsp;&nbsp;&nbsp;&nbsp;&nbsp;&nbsp;&nbsp;&nbsp;&nbsp;&nbsp;&nbsp;&nbsp;&nbsp;&nbsp;&nbsp;&nbsp;&nbsp;&nbsp; <\/span><\/span><i><span lang=\"RO\" style=\"color: black; font-family: &quot;Times New Roman&quot;; font-size: 14pt;\">Independen\u0163a func\u0163ional\u0103<\/span><\/i><span lang=\"RO\" style=\"color: black; font-family: &quot;Times New Roman&quot;; font-size: 14pt;\"> de unde rezult\u0103 obliga\u0163ie de a stap\u00e2ni infla\u0163ia<\/span><\/div>\n<div class=\"MsoNormal\" style=\"margin-left: 0in; text-indent: 0in;\"><span lang=\"RO\" style=\"font-family: &quot;Times New Roman&quot;; font-size: 14pt;\">&#8211;<span style=\"font: 7pt &quot;Times New Roman&quot;;\">&nbsp;&nbsp;&nbsp;&nbsp;&nbsp;&nbsp;&nbsp;&nbsp;&nbsp;&nbsp;&nbsp;&nbsp;&nbsp;&nbsp;&nbsp;&nbsp;&nbsp;&nbsp;&nbsp;&nbsp; <\/span><\/span><i><span lang=\"RO\" style=\"color: black; font-family: &quot;Times New Roman&quot;; font-size: 14pt;\">Independen\u0163a financiar\u0103<\/span><\/i><span lang=\"RO\" style=\"color: black; font-family: &quot;Times New Roman&quot;; font-size: 14pt;\"> provine din capitalul \u015fi din resursele priprii ale SEBC-ului;<\/span><\/div>\n<div class=\"MsoNormal\" style=\"margin-left: 0in; text-indent: 0in;\"><b><span lang=\"RO\" style=\"color: black; font-family: &quot;Times New Roman&quot;; font-size: 14pt;\">c)<span style=\"font: 7pt &quot;Times New Roman&quot;;\">&nbsp;&nbsp;&nbsp;&nbsp;&nbsp;&nbsp;&nbsp;&nbsp;&nbsp;&nbsp;&nbsp;&nbsp;&nbsp;&nbsp;&nbsp;&nbsp; <\/span><\/span><\/b><span lang=\"RO\" style=\"color: black; font-family: &quot;Times New Roman&quot;; font-size: 14pt;\">Obiectivul de stabilitate a pre\u0163urilor;<\/span><\/div>\n<div class=\"MsoNormal\" style=\"margin-left: 0in; text-indent: 0in;\"><b><span lang=\"RO\" style=\"color: black; font-family: &quot;Times New Roman&quot;; font-size: 14pt;\">d)<span style=\"font: 7pt &quot;Times New Roman&quot;;\">&nbsp;&nbsp;&nbsp;&nbsp;&nbsp;&nbsp;&nbsp;&nbsp;&nbsp;&nbsp;&nbsp;&nbsp;&nbsp;&nbsp;&nbsp; <\/span><\/span><\/b><span lang=\"RO\" style=\"color: black; font-family: &quot;Times New Roman&quot;; font-size: 14pt;\">Subsidiaritatea de unde rezult\u0103 metoda de reparti\u0163ie a competen\u0163elor \u00eentre Uniunea Euroepan\u0103 \u015fi statele membre;<\/span><\/div>\n<div class=\"MsoNormal\" style=\"margin-left: 0in; text-indent: 0in;\"><b><span lang=\"RO\" style=\"color: black; font-family: &quot;Times New Roman&quot;; font-size: 14pt;\">e)<span style=\"font: 7pt &quot;Times New Roman&quot;;\">&nbsp;&nbsp;&nbsp;&nbsp;&nbsp;&nbsp;&nbsp;&nbsp;&nbsp;&nbsp;&nbsp;&nbsp;&nbsp;&nbsp;&nbsp;&nbsp; <\/span><\/span><\/b><span lang=\"RO\" style=\"color: black; font-family: &quot;Times New Roman&quot;; font-size: 14pt;\">Transparen\u0163a ce arat\u0103 independen\u0163a Sistemului European al B\u0103ncii Centrale \u00cei confer\u0103 o obliga\u0163ie de transparen\u0163\u0103 vis-a-vis de statele membre;<\/span><\/div>\n<div class=\"MsoNormal\" style=\"margin-left: 0in; text-indent: 0in;\"><b><span lang=\"RO\" style=\"color: black; font-family: &quot;Times New Roman&quot;; font-size: 14pt;\">f)<span style=\"font: 7pt &quot;Times New Roman&quot;;\">&nbsp;&nbsp;&nbsp;&nbsp;&nbsp;&nbsp;&nbsp;&nbsp;&nbsp;&nbsp;&nbsp;&nbsp;&nbsp;&nbsp;&nbsp;&nbsp;&nbsp; <\/span><\/span><\/b><span lang=\"RO\" style=\"color: black; font-family: &quot;Times New Roman&quot;; font-size: 14pt;\">Responsabilitatea \u00een a atinge obiectivele de stabilitate a pre\u0163urilor pe care Tratatul le-a fixat; <\/span><\/div>\n<div class=\"MsoNormal\" style=\"margin-left: 0in; text-indent: 0in;\"><b><span lang=\"RO\" style=\"color: black; font-family: &quot;Times New Roman&quot;; font-size: 14pt;\">g)<span style=\"font: 7pt &quot;Times New Roman&quot;;\">&nbsp;&nbsp;&nbsp;&nbsp;&nbsp;&nbsp;&nbsp;&nbsp;&nbsp;&nbsp;&nbsp;&nbsp;&nbsp;&nbsp;&nbsp; <\/span><\/span><\/b><span lang=\"RO\" style=\"color: black; font-family: &quot;Times New Roman&quot;; font-size: 14pt;\">Cooperarea \u00een s\u00e2nul Uniunii Europene<\/span><\/div>\n<div class=\"MsoNormal\" style=\"margin-left: 0in; text-indent: 0in;\"><b><span lang=\"RO\" style=\"color: black; font-family: &quot;Times New Roman&quot;; font-size: 14pt;\">h)<span style=\"font: 7pt &quot;Times New Roman&quot;;\">&nbsp;&nbsp;&nbsp;&nbsp;&nbsp;&nbsp;&nbsp;&nbsp;&nbsp;&nbsp;&nbsp;&nbsp;&nbsp;&nbsp;&nbsp; <\/span><\/span><\/b><span lang=\"RO\" style=\"color: black; font-family: &quot;Times New Roman&quot;; font-size: 14pt;\">Comunicarea spre exterior a B\u0103ncii Centrale Europene<\/span><\/div>\n<div class=\"MsoNormal\">\n<\/div>\n<div class=\"MsoNormal\">\n<\/div>\n<div class=\"MsoNormal\"><span lang=\"RO\" style=\"color: black; font-family: &quot;Times New Roman&quot;; font-size: 14pt;\">2. <u>Organismele oficiale ale BCE<\/u><\/span><\/div>\n<div class=\"MsoNormal\">\n<\/div>\n<div class=\"MsoNormal\"><span lang=\"RO\" style=\"color: black; font-family: &quot;Times New Roman&quot;; font-size: 14pt;\">Banca Central\u0103 European\u0103, \u00een fiin\u0163a\u0163\u0103 la 1 iunie 1998 \u015fi devenit\u0103 opera\u0163ional\u0103 la 1 ianuarie 1999 cu sediul la Frankfurt are urm\u0103toarele structuri:<\/span><\/div>\n<div class=\"MsoNormal\">\n<\/div>\n<div class=\"MsoNormal\" style=\"margin-left: 0in; text-indent: 0in;\"><span lang=\"RO\" style=\"font-family: Symbol; font-size: 14pt;\">\u00b7<span style=\"font: 7pt &quot;Times New Roman&quot;;\">&nbsp;&nbsp;&nbsp;&nbsp;&nbsp;&nbsp;&nbsp;&nbsp;&nbsp;&nbsp;&nbsp;&nbsp;&nbsp;&nbsp;&nbsp;&nbsp;&nbsp;&nbsp;&nbsp; <\/span><\/span><span lang=\"RO\" style=\"color: black; font-family: &quot;Times New Roman&quot;; font-size: 14pt;\">Consiliul guvernatorilor reprezint\u0103 organ de decizie suprem, \u015fi are \u00een alc\u0103tuirea sa \u015fase membrii ai B\u0103ncilor Centrale Na\u0163ionale care apar\u0163in Eurosistemului iar \u00een anul 1999 num\u0103rul membrilor s-a m\u0103rit, ajung\u00e2nd la 17.<\/span><\/div>\n<div class=\"MsoNormal\">\n<\/div>\n<div class=\"MsoNormal\"><span lang=\"RO\" style=\"color: black; font-family: &quot;Times New Roman&quot;; font-size: 14pt;\">&nbsp;<u>Responabilit\u0103\u0163i:<\/u><\/span><\/div>\n<div class=\"MsoNormal\" style=\"margin-left: 0in; text-indent: 0in;\"><span lang=\"RO\" style=\"font-family: &quot;Times New Roman&quot;; font-size: 14pt;\">&#8211;<span style=\"font: 7pt &quot;Times New Roman&quot;;\">&nbsp;&nbsp;&nbsp;&nbsp;&nbsp;&nbsp;&nbsp;&nbsp;&nbsp;&nbsp;&nbsp;&nbsp;&nbsp;&nbsp;&nbsp;&nbsp;&nbsp;&nbsp;&nbsp;&nbsp; <\/span><\/span><span lang=\"RO\" style=\"color: black; font-family: &quot;Times New Roman&quot;; font-size: 14pt;\">define\u015fte politica monetar\u0103 a Eurosistemului <\/span><\/div>\n<div class=\"MsoNormal\" style=\"margin-left: 0in; text-indent: 0in;\"><span lang=\"RO\" style=\"font-family: &quot;Times New Roman&quot;; font-size: 14pt;\">&#8211;<span style=\"font: 7pt &quot;Times New Roman&quot;;\">&nbsp;&nbsp;&nbsp;&nbsp;&nbsp;&nbsp;&nbsp;&nbsp;&nbsp;&nbsp;&nbsp;&nbsp;&nbsp;&nbsp;&nbsp;&nbsp;&nbsp;&nbsp;&nbsp;&nbsp; <\/span><\/span><span lang=\"RO\" style=\"color: black; font-family: &quot;Times New Roman&quot;; font-size: 14pt;\">ia deciziile privind obiectivele monetare intermediare \u015fi a aprovi-zion\u0103rilor \u0103n rezerve a Eurosistemului<\/span><\/div>\n<div class=\"MsoNormal\" style=\"margin-left: 0in; text-indent: 0in;\"><span lang=\"RO\" style=\"font-family: &quot;Times New Roman&quot;; font-size: 14pt;\">&#8211;<span style=\"font: 7pt &quot;Times New Roman&quot;;\">&nbsp;&nbsp;&nbsp;&nbsp;&nbsp;&nbsp;&nbsp;&nbsp;&nbsp;&nbsp;&nbsp;&nbsp;&nbsp;&nbsp;&nbsp;&nbsp;&nbsp;&nbsp;&nbsp;&nbsp; <\/span><\/span><span lang=\"RO\" style=\"color: black; font-family: &quot;Times New Roman&quot;; font-size: 14pt;\">decide recursul la alte metode opera\u0163ionale de control monetar<\/span><\/div>\n<div class=\"MsoNormal\" style=\"margin-left: 0in; text-indent: 0in;\"><span lang=\"RO\" style=\"font-family: &quot;Times New Roman&quot;; font-size: 14pt;\">&#8211;<span style=\"font: 7pt &quot;Times New Roman&quot;;\">&nbsp;&nbsp;&nbsp;&nbsp;&nbsp;&nbsp;&nbsp;&nbsp;&nbsp;&nbsp;&nbsp;&nbsp;&nbsp;&nbsp;&nbsp;&nbsp;&nbsp;&nbsp;&nbsp;&nbsp; <\/span><\/span><span lang=\"RO\" style=\"color: black; font-family: &quot;Times New Roman&quot;; font-size: 14pt;\">reglementeaz\u0103 limita rezervelor obligatorii<\/span><\/div>\n<div class=\"MsoNormal\" style=\"margin-left: 0in; text-indent: 0in;\"><span lang=\"RO\" style=\"font-family: &quot;Times New Roman&quot;; font-size: 14pt;\">&#8211;<span style=\"font: 7pt &quot;Times New Roman&quot;;\">&nbsp;&nbsp;&nbsp;&nbsp;&nbsp;&nbsp;&nbsp;&nbsp;&nbsp;&nbsp;&nbsp;&nbsp;&nbsp;&nbsp;&nbsp;&nbsp;&nbsp;&nbsp;&nbsp;&nbsp; <\/span><\/span><span lang=\"RO\" style=\"color: black; font-family: &quot;Times New Roman&quot;; font-size: 14pt;\">autorizeaz\u0103 emisiunea de bilete de banc\u0103 \u00een euro \u015fi a volumului acesteia<\/span><\/div>\n<div class=\"MsoNormal\" style=\"margin-left: 0in; text-indent: 0in;\"><span lang=\"RO\" style=\"font-family: &quot;Times New Roman&quot;; font-size: 14pt;\">&#8211;<span style=\"font: 7pt &quot;Times New Roman&quot;;\">&nbsp;&nbsp;&nbsp;&nbsp;&nbsp;&nbsp;&nbsp;&nbsp;&nbsp;&nbsp;&nbsp;&nbsp;&nbsp;&nbsp;&nbsp;&nbsp;&nbsp;&nbsp;&nbsp;&nbsp; <\/span><\/span><span lang=\"RO\" style=\"color: black; font-family: &quot;Times New Roman&quot;; font-size: 14pt;\">decide asupre regulilor contabile \u015fi de informa\u0163ii ale opera\u0163iunilor B\u0103ncilor Centrale Na\u0163ionale<\/span><\/div>\n<div class=\"MsoNormal\" style=\"margin-left: 0in; text-indent: 0in;\"><span lang=\"RO\" style=\"font-family: &quot;Times New Roman&quot;; font-size: 14pt;\">&#8211;<span style=\"font: 7pt &quot;Times New Roman&quot;;\">&nbsp;&nbsp;&nbsp;&nbsp;&nbsp;&nbsp;&nbsp;&nbsp;&nbsp;&nbsp;&nbsp;&nbsp;&nbsp;&nbsp;&nbsp;&nbsp;&nbsp;&nbsp;&nbsp;&nbsp; <\/span><\/span><span lang=\"RO\" style=\"color: black; font-family: &quot;Times New Roman&quot;; font-size: 14pt;\">adopt\u0103 regulamentul interior al BCE \u015fi a organelor de decizie.<\/span><\/div>\n<div class=\"MsoNormal\">\n<\/div>\n<div class=\"MsoNormal\" style=\"margin-left: 0in; text-indent: 0in;\"><span lang=\"RO\" style=\"color: black; font-family: Symbol; font-size: 14pt;\">\u00b7<span style=\"font: 7pt &quot;Times New Roman&quot;;\">&nbsp;&nbsp;&nbsp;&nbsp;&nbsp;&nbsp;&nbsp;&nbsp;&nbsp;&nbsp;&nbsp;&nbsp;&nbsp;&nbsp;&nbsp;&nbsp;&nbsp;&nbsp;&nbsp; <\/span><\/span><span lang=\"RO\" style=\"color: black; font-family: &quot;Times New Roman&quot;; font-size: 14pt;\">Consiliul director se compune din pre\u015fedinte, vice-pre\u015fedinte \u015fi&nbsp;&nbsp;&nbsp; <\/span><\/div>\n<div class=\"MsoNormal\"><span lang=\"RO\" style=\"color: black; font-family: &quot;Times New Roman&quot;; font-size: 14pt;\">&nbsp;&nbsp;&nbsp; al\u0163i patru membrii, care sunt ale\u015fi pe un mandat de opt ani care nu&nbsp;&nbsp;&nbsp; <\/span><\/div>\n<div class=\"MsoNormal\"><span lang=\"RO\" style=\"color: black; font-family: &quot;Times New Roman&quot;; font-size: 14pt;\">&nbsp;&nbsp;&nbsp; se poate re\u00eennoi<\/span><\/div>\n<div class=\"MsoNormal\">\n<\/div>\n<div class=\"MsoNormal\"><u><span lang=\"RO\" style=\"color: black; font-family: &quot;Times New Roman&quot;; font-size: 14pt;\">Responsabilit\u0103\u0163i:<\/span><\/u><\/div>\n<div class=\"MsoNormal\" style=\"margin-left: 0in; text-indent: 0in;\"><span lang=\"RO\" style=\"font-family: &quot;Times New Roman&quot;; font-size: 14pt;\">&#8211;<span style=\"font: 7pt &quot;Times New Roman&quot;;\">&nbsp;&nbsp;&nbsp;&nbsp;&nbsp;&nbsp;&nbsp;&nbsp;&nbsp;&nbsp;&nbsp;&nbsp;&nbsp;&nbsp;&nbsp;&nbsp;&nbsp;&nbsp;&nbsp;&nbsp; <\/span><\/span><span lang=\"RO\" style=\"color: black; font-family: &quot;Times New Roman&quot;; font-size: 14pt;\">pun \u00een practic\u0103 politica monetar\u0103 adoptat\u0103 de Consiliul guverna-torilor&nbsp; <\/span><\/div>\n<div class=\"MsoNormal\" style=\"margin-left: 0in; text-indent: 0in;\"><span lang=\"RO\" style=\"font-family: &quot;Times New Roman&quot;; font-size: 14pt;\">&#8211;<span style=\"font: 7pt &quot;Times New Roman&quot;;\">&nbsp;&nbsp;&nbsp;&nbsp;&nbsp;&nbsp;&nbsp;&nbsp;&nbsp;&nbsp;&nbsp;&nbsp;&nbsp;&nbsp;&nbsp;&nbsp;&nbsp;&nbsp;&nbsp;&nbsp; <\/span><\/span><span lang=\"RO\" style=\"color: black; font-family: &quot;Times New Roman&quot;; font-size: 14pt;\">transmite instruc\u0163iuni necesare B\u0103ncilor Centrale Na\u0163ionale<\/span><\/div>\n<div class=\"MsoNormal\" style=\"margin-left: 0in; text-indent: 0in;\"><span lang=\"RO\" style=\"font-family: &quot;Times New Roman&quot;; font-size: 14pt;\">&#8211;<span style=\"font: 7pt &quot;Times New Roman&quot;;\">&nbsp;&nbsp;&nbsp;&nbsp;&nbsp;&nbsp;&nbsp;&nbsp;&nbsp;&nbsp;&nbsp;&nbsp;&nbsp;&nbsp;&nbsp;&nbsp;&nbsp;&nbsp;&nbsp;&nbsp; <\/span><\/span><span lang=\"RO\" style=\"color: black; font-family: &quot;Times New Roman&quot;; font-size: 14pt;\">preg\u0103te\u015fte \u00eentrunirea Consiliului guvernatorilor<\/span><\/div>\n<div class=\"MsoNormal\" style=\"margin-left: 0in; text-indent: 0in;\"><span lang=\"RO\" style=\"font-family: &quot;Times New Roman&quot;; font-size: 14pt;\">&#8211;<span style=\"font: 7pt &quot;Times New Roman&quot;;\">&nbsp;&nbsp;&nbsp;&nbsp;&nbsp;&nbsp;&nbsp;&nbsp;&nbsp;&nbsp;&nbsp;&nbsp;&nbsp;&nbsp;&nbsp;&nbsp;&nbsp;&nbsp;&nbsp;&nbsp; <\/span><\/span><span lang=\"RO\" style=\"color: black; font-family: &quot;Times New Roman&quot;; font-size: 14pt;\">are responsabilitatea afacerilor curente a BCE<\/span><\/div>\n<div class=\"MsoNormal\">\n<\/div>\n<div class=\"MsoNormal\" style=\"margin-left: 0in; text-indent: 0in;\"><span lang=\"RO\" style=\"font-family: Symbol; font-size: 14pt;\">\u00b7<span style=\"font: 7pt &quot;Times New Roman&quot;;\">&nbsp;&nbsp;&nbsp;&nbsp;&nbsp;&nbsp;&nbsp;&nbsp;&nbsp;&nbsp;&nbsp;&nbsp;&nbsp;&nbsp;&nbsp;&nbsp;&nbsp;&nbsp;&nbsp; <\/span><\/span><span lang=\"RO\" style=\"color: black; font-family: &quot;Times New Roman&quot;; font-size: 14pt;\">Pre\u015fedintele prezid\u0103 ansamblul organelor ale B\u0103ncii Centrale Europene \u015fi o reprezint\u0103 \u00een exterior<\/span><\/div>\n<div class=\"MsoNormal\">\n<\/div>\n<div class=\"MsoNormal\" style=\"margin-left: 0in; text-indent: 0in;\"><span lang=\"RO\" style=\"color: black; font-family: Symbol; font-size: 14pt;\">\u00b7<span style=\"font: 7pt &quot;Times New Roman&quot;;\">&nbsp;&nbsp;&nbsp;&nbsp;&nbsp;&nbsp;&nbsp;&nbsp;&nbsp;&nbsp;&nbsp;&nbsp;&nbsp;&nbsp;&nbsp;&nbsp;&nbsp;&nbsp;&nbsp; <\/span><\/span><span lang=\"RO\" style=\"color: black; font-family: &quot;Times New Roman&quot;; font-size: 14pt;\">Consiliul general al B\u0103ncii Centrale Europene se compune din pre\u015fedinte \u015fi vice-pre\u015fedintele BCE \u015fi guvernatorii tuturor B\u0103ncilor Centrale Na\u0163ionale (BCN)<\/span><\/div>\n<div class=\"MsoNormal\">\n<\/div>\n<div class=\"MsoNormal\"><span lang=\"RO\" style=\"color: black; font-family: &quot;Times New Roman&quot;; font-size: 14pt;\">3. <u>Modul de func\u0163ionare al B\u0103ncii Centrale Europene<\/u><\/span><\/div>\n<div class=\"MsoNormal\">\n<\/div>\n<div class=\"MsoNormal\" style=\"margin-left: 0in; text-indent: 0in;\"><b><span lang=\"RO\" style=\"color: black; font-family: &quot;Times New Roman&quot;; font-size: 14pt;\">a)<span style=\"font: 7pt &quot;Times New Roman&quot;;\">&nbsp;&nbsp;&nbsp;&nbsp;&nbsp;&nbsp;&nbsp;&nbsp;&nbsp;&nbsp;&nbsp;&nbsp;&nbsp;&nbsp;&nbsp; <\/span><\/span><\/b><span lang=\"RO\" style=\"color: black; font-family: &quot;Times New Roman&quot;; font-size: 14pt;\">Gestiune intern\u0103<\/span><\/div>\n<div class=\"MsoNormal\"><span lang=\"RO\" style=\"color: black; font-family: &quot;Times New Roman&quot;; font-size: 14pt;\">Num\u0103rul de salaria\u0163i ai B\u0103ncii Centrale Europene se ridic\u0103 la 604, iar la acest num\u0103r se adaug\u0103 \u015fi personalul b\u0103ncilor centrale na\u0163ionale ale statelor membre<\/span><\/div>\n<div class=\"MsoNormal\"><span lang=\"RO\" style=\"color: black; font-family: &quot;Times New Roman&quot;; font-size: 14pt;\">Exemplu: Banca Na\u0163ional\u0103 a Fran\u0163ei \u00eenregistreaz\u0103 un num\u0103r de 14.000<\/span><\/div>\n<div class=\"MsoNormal\">\n<\/div>\n<div class=\"MsoNormal\" style=\"margin-left: 0in; text-indent: 0in;\"><b><span lang=\"RO\" style=\"color: black; font-family: &quot;Times New Roman&quot;; font-size: 14pt;\">b)<span style=\"font: 7pt &quot;Times New Roman&quot;;\">&nbsp;&nbsp;&nbsp;&nbsp;&nbsp;&nbsp;&nbsp;&nbsp;&nbsp;&nbsp;&nbsp;&nbsp;&nbsp;&nbsp;&nbsp; <\/span><\/span><\/b><span lang=\"RO\" style=\"color: black; font-family: &quot;Times New Roman&quot;; font-size: 14pt;\">Rela\u0163iile SEBC cu celelalte organisme ale UE:<\/span><\/div>\n<div class=\"MsoNormal\">\n<\/div>\n<div class=\"MsoNormal\" style=\"margin-left: 0in; text-indent: 0in;\"><span lang=\"RO\" style=\"color: navy; font-family: Wingdings; font-size: 14pt;\">\u00d8<span style=\"font: 7pt &quot;Times New Roman&quot;;\">&nbsp;&nbsp;&nbsp;&nbsp;&nbsp;&nbsp;&nbsp;&nbsp;&nbsp;&nbsp;&nbsp;&nbsp;&nbsp;&nbsp;&nbsp; <\/span><\/span><span lang=\"RO\" style=\"color: black; font-family: &quot;Times New Roman&quot;; font-size: 14pt;\">Rapoarte \u015fi audi\u0163ii<\/span><\/div>\n<div class=\"MsoNormal\" style=\"margin-left: 0in; text-indent: 0in;\"><span lang=\"RO\" style=\"color: navy; font-family: Wingdings; font-size: 14pt;\">\u00d8<span style=\"font: 7pt &quot;Times New Roman&quot;;\">&nbsp;&nbsp;&nbsp;&nbsp;&nbsp;&nbsp;&nbsp;&nbsp;&nbsp;&nbsp;&nbsp;&nbsp;&nbsp;&nbsp;&nbsp; <\/span><\/span><span lang=\"RO\" style=\"color: black; font-family: &quot;Times New Roman&quot;; font-size: 14pt;\">Acorduri \u015fi statut de observator<\/span><\/div>\n<div class=\"MsoNormal\" style=\"margin-left: 0in; text-indent: 0in;\"><span lang=\"RO\" style=\"color: navy; font-family: Wingdings; font-size: 14pt;\">\u00d8<span style=\"font: 7pt &quot;Times New Roman&quot;;\">&nbsp;&nbsp;&nbsp;&nbsp;&nbsp;&nbsp;&nbsp;&nbsp;&nbsp;&nbsp;&nbsp;&nbsp;&nbsp;&nbsp;&nbsp; <\/span><\/span><span lang=\"RO\" style=\"color: black; font-family: &quot;Times New Roman&quot;; font-size: 14pt;\">Particip\u0103ri informale (f\u0103r\u0103 titlu formal)<\/span><\/div>\n<div class=\"MsoNormal\">\n<\/div>\n<div class=\"MsoNormal\" style=\"margin-left: 0in; text-indent: 0in;\"><b><span lang=\"RO\" style=\"color: black; font-family: &quot;Times New Roman&quot;; font-size: 14pt;\">c)<span style=\"font: 7pt &quot;Times New Roman&quot;;\">&nbsp;&nbsp;&nbsp;&nbsp;&nbsp;&nbsp;&nbsp;&nbsp;&nbsp;&nbsp;&nbsp;&nbsp;&nbsp;&nbsp;&nbsp;&nbsp; <\/span><\/span><\/b><span lang=\"RO\" style=\"color: black; font-family: &quot;Times New Roman&quot;; font-size: 14pt;\">SEBC \u015fi interzicerea finan\u0163\u0103rilor publice<\/span><\/div>\n<div class=\"MsoNormal\"><span lang=\"RO\" style=\"color: black; font-family: &quot;Times New Roman&quot;; font-size: 14pt;\">Articolele 104 \u015fi 104A a Tratatului stipuleaz\u0103 interzicerea SEBC-ului de a finan\u0163a deficitele publice prin emisiune de moned\u0103.<\/span><\/div>\n<div class=\"MsoNormal\">\n<\/div>\n<div class=\"MsoNormal\" style=\"margin-left: 0in; text-indent: 0in;\"><b><span lang=\"RO\" style=\"color: black; font-family: &quot;Times New Roman&quot;; font-size: 14pt;\">d)<span style=\"font: 7pt &quot;Times New Roman&quot;;\">&nbsp;&nbsp;&nbsp;&nbsp;&nbsp;&nbsp;&nbsp;&nbsp;&nbsp;&nbsp;&nbsp;&nbsp;&nbsp;&nbsp;&nbsp; <\/span><\/span><\/b><span lang=\"RO\" style=\"color: black; font-family: &quot;Times New Roman&quot;; font-size: 14pt;\">SEBC \u015fi rela\u0163iile interna\u0163ionale<\/span><\/div>\n<div class=\"MsoNormal\" style=\"margin-left: 0in; text-indent: 0in;\"><span lang=\"RO\" style=\"color: navy; font-family: Wingdings; font-size: 14pt;\">\u00d8<span style=\"font: 7pt &quot;Times New Roman&quot;;\">&nbsp;&nbsp;&nbsp;&nbsp;&nbsp;&nbsp;&nbsp;&nbsp;&nbsp;&nbsp;&nbsp;&nbsp;&nbsp;&nbsp;&nbsp;&nbsp; <\/span><\/span><span lang=\"RO\" style=\"color: black; font-family: &quot;Times New Roman&quot;; font-size: 14pt;\">FMI reprezint\u0103 centrul Sistemului Monetar Interna\u0163ional (SMI), iar Sistemul European al B\u0103ncii Centrale este repreuentat \u015fi el de b\u0103ncile na\u0163ionale ale statelor membre UE;<\/span><\/div>\n<div class=\"MsoNormal\" style=\"margin-left: 0in; text-indent: 0in;\"><span lang=\"RO\" style=\"color: navy; font-family: Wingdings; font-size: 14pt;\">\u00d8<span style=\"font: 7pt &quot;Times New Roman&quot;;\">&nbsp;&nbsp;&nbsp;&nbsp;&nbsp;&nbsp;&nbsp;&nbsp;&nbsp;&nbsp;&nbsp;&nbsp;&nbsp;&nbsp;&nbsp;&nbsp; <\/span><\/span><span lang=\"RO\" style=\"color: black; font-family: &quot;Times New Roman&quot;; font-size: 14pt;\">La 21 decembrie 1998 FMI a acordat B\u0103ncii Centrale Europene un post de observator permanent<\/span><\/div>\n<div class=\"MsoNormal\">\n<\/div>\n<div class=\"MsoNormal\" style=\"margin-left: 0in; text-indent: 0in;\"><b><span lang=\"RO\" style=\"font-family: &quot;Times New Roman&quot;; font-size: 14pt;\">e)<span style=\"font: 7pt &quot;Times New Roman&quot;;\">&nbsp;&nbsp;&nbsp;&nbsp;&nbsp;&nbsp;&nbsp;&nbsp;&nbsp;&nbsp;&nbsp;&nbsp;&nbsp;&nbsp;&nbsp;&nbsp; <\/span><\/span><\/b><span lang=\"RO\" style=\"color: black; font-family: &quot;Times New Roman&quot;; font-size: 14pt;\">Controlul contabil \u015fi judiciar<\/span><\/div>\n<div class=\"MsoNormal\" style=\"margin-left: 0in; text-indent: 0in;\"><b><span lang=\"RO\" style=\"font-family: &quot;Times New Roman&quot;; font-size: 14pt;\">f)<span style=\"font: 7pt &quot;Times New Roman&quot;;\">&nbsp;&nbsp;&nbsp;&nbsp;&nbsp;&nbsp;&nbsp;&nbsp;&nbsp;&nbsp;&nbsp;&nbsp;&nbsp;&nbsp;&nbsp;&nbsp;&nbsp; <\/span><\/span><\/b><span lang=\"RO\" style=\"color: black; font-family: &quot;Times New Roman&quot;; font-size: 14pt;\">Comunicarea extern\u0103 a BCE cu alte state ce nu apar\u0163in UE<\/span><\/div>\n<div class=\"MsoNormal\">\n<\/div>\n<div class=\"MsoNormal\">\n<\/div>\n<div class=\"MsoNormal\" style=\"margin-left: 0in; text-indent: 0in;\"><span lang=\"RO\" style=\"color: black; font-family: &quot;Times New Roman&quot;; font-size: 14pt;\">1)<span style=\"font: 7pt &quot;Times New Roman&quot;;\">&nbsp;&nbsp;&nbsp;&nbsp;&nbsp;&nbsp;&nbsp;&nbsp;&nbsp;&nbsp;&nbsp;&nbsp;&nbsp;&nbsp;&nbsp;&nbsp; <\/span><\/span><u><span lang=\"RO\" style=\"color: black; font-family: &quot;Times New Roman&quot;; font-size: 14pt;\">Resursele B\u0103ncii Centrale Europene<\/span><\/u><\/div>\n<div class=\"MsoNormal\">\n<\/div>\n<div class=\"MsoNormal\" style=\"margin-left: 0in; text-indent: 0in;\"><span lang=\"RO\" style=\"color: black; font-family: &quot;Times New Roman&quot;; font-size: 14pt;\">&#8211;<span style=\"font: 7pt &quot;Times New Roman&quot;;\">&nbsp;&nbsp;&nbsp;&nbsp;&nbsp;&nbsp;&nbsp;&nbsp;&nbsp;&nbsp;&nbsp;&nbsp;&nbsp;&nbsp;&nbsp;&nbsp;&nbsp;&nbsp;&nbsp;&nbsp; <\/span><\/span><span lang=\"RO\" style=\"color: black; font-family: &quot;Times New Roman&quot;; font-size: 14pt;\">Capitalul BCE la creare a avut un fond de 5 miliarde de euro<\/span><\/div>\n<div class=\"MsoNormal\" style=\"margin-left: 0in; text-indent: 0in;\"><span lang=\"RO\" style=\"color: black; font-family: &quot;Times New Roman&quot;; font-size: 14pt;\">&#8211;<span style=\"font: 7pt &quot;Times New Roman&quot;;\">&nbsp;&nbsp;&nbsp;&nbsp;&nbsp;&nbsp;&nbsp;&nbsp;&nbsp;&nbsp;&nbsp;&nbsp;&nbsp;&nbsp;&nbsp;&nbsp;&nbsp;&nbsp;&nbsp;&nbsp; <\/span><\/span><span lang=\"RO\" style=\"color: black; font-family: &quot;Times New Roman&quot;; font-size: 14pt;\">&nbsp;Rezervele de schimb \u00een afar\u0103 de moneda euro, aceasta mai are rezerve \u015fi \u00een cadrul FMI-ului \u015fi DST-ului \u00een valoare de 50 de miliarde de euro<\/span><\/div>\n<div class=\"MsoNormal\" style=\"margin-left: 0in; text-indent: 0in;\"><span lang=\"RO\" style=\"color: black; font-family: &quot;Times New Roman&quot;; font-size: 14pt;\">&#8211;<span style=\"font: 7pt &quot;Times New Roman&quot;;\">&nbsp;&nbsp;&nbsp;&nbsp;&nbsp;&nbsp;&nbsp;&nbsp;&nbsp;&nbsp;&nbsp;&nbsp;&nbsp;&nbsp;&nbsp;&nbsp;&nbsp;&nbsp;&nbsp;&nbsp; <\/span><\/span><span lang=\"RO\" style=\"color: black; font-family: &quot;Times New Roman&quot;; font-size: 14pt;\">Contribu\u0163ia fiec\u0103rui membru este fixat\u0103 \u00een mod propor\u0163ional \u00een func\u0163ie de capitalul subscris. Fiecare BCN prime\u015fte din partea BCE \u00een contrapartid\u0103 o crean\u0163\u0103 echivalent\u0103 acestei contribu\u0163ii.<\/span><\/div>\n<div class=\"MsoNormal\" style=\"margin-left: 0in; text-indent: 0in;\"><span lang=\"RO\" style=\"color: black; font-family: &quot;Times New Roman&quot;; font-size: 14pt;\">&#8211;<span style=\"font: 7pt &quot;Times New Roman&quot;;\">&nbsp;&nbsp;&nbsp;&nbsp;&nbsp;&nbsp;&nbsp;&nbsp;&nbsp;&nbsp;&nbsp;&nbsp;&nbsp;&nbsp;&nbsp;&nbsp;&nbsp;&nbsp;&nbsp;&nbsp; <\/span><\/span><span lang=\"RO\" style=\"color: black; font-family: &quot;Times New Roman&quot;; font-size: 14pt;\">Repartizarea beneficiilor BCE<\/span><\/div>\n<div class=\"MsoNormal\">\n<\/div>\n<div class=\"MsoNormal\">\n<\/div>\n<div class=\"MsoNormal\" style=\"margin-left: 0in; text-indent: 0in;\"><span lang=\"RO\" style=\"color: black; font-family: &quot;Times New Roman&quot;; font-size: 14pt;\">2)<span style=\"font: 7pt &quot;Times New Roman&quot;;\">&nbsp;&nbsp;&nbsp;&nbsp;&nbsp;&nbsp;&nbsp;&nbsp;&nbsp;&nbsp;&nbsp;&nbsp;&nbsp;&nbsp;&nbsp;&nbsp; <\/span><\/span><u><span lang=\"RO\" style=\"color: black; font-family: &quot;Times New Roman&quot;; font-size: 14pt;\">Rolul Comitetului economic \u015fi financiar<\/span><\/u><\/div>\n<div class=\"MsoNormal\">\n<\/div>\n<div class=\"MsoNormal\"><span lang=\"RO\" style=\"color: black; font-family: &quot;Times New Roman&quot;; font-size: 14pt;\">Acesta nu este un organism al SEBC, dar are o func\u0163ie important\u0103 \u00een politica monetar\u0103 a UE. A fost creat la 1 ianuarie 1999 \u015fi succede Comitetul Monetar.<\/span><\/div>\n<div class=\"MsoNormal\"><u><span lang=\"RO\" style=\"color: black; font-family: &quot;Times New Roman&quot;; font-size: 14pt;\">Misiuni ale acestuia:<\/span><\/u><\/div>\n<div class=\"MsoNormal\" style=\"margin-left: 0in; text-indent: 0in;\"><span lang=\"RO\" style=\"color: black; font-family: &quot;Times New Roman&quot;; font-size: 14pt;\">&#8211;<span style=\"font: 7pt &quot;Times New Roman&quot;;\">&nbsp;&nbsp;&nbsp;&nbsp;&nbsp;&nbsp;&nbsp;&nbsp;&nbsp;&nbsp;&nbsp;&nbsp;&nbsp;&nbsp;&nbsp;&nbsp;&nbsp;&nbsp;&nbsp;&nbsp; <\/span><\/span><span lang=\"RO\" style=\"color: black; font-family: &quot;Times New Roman&quot;; font-size: 14pt;\">formeaz\u0103 propriile ini\u0163iative \u00een fa\u0163a Consiliului Ecofin \u015fi a Comisiei<\/span><\/div>\n<div class=\"MsoNormal\" style=\"margin-left: 0in; text-indent: 0in;\"><span lang=\"RO\" style=\"color: black; font-family: &quot;Times New Roman&quot;; font-size: 14pt;\">&#8211;<span style=\"font: 7pt &quot;Times New Roman&quot;;\">&nbsp;&nbsp;&nbsp;&nbsp;&nbsp;&nbsp;&nbsp;&nbsp;&nbsp;&nbsp;&nbsp;&nbsp;&nbsp;&nbsp;&nbsp;&nbsp;&nbsp;&nbsp;&nbsp;&nbsp; <\/span><\/span><span lang=\"RO\" style=\"color: black; font-family: &quot;Times New Roman&quot;; font-size: 14pt;\">organizeaz\u0103 situa\u0163ia \u00een materie a mi\u015fc\u0103rilor de capital \u015fi libert\u0103\u0163ii pl\u0103\u0163ilor<\/span><\/div>\n<div class=\"MsoNormal\" style=\"margin-left: 0in; text-indent: 0in;\"><span lang=\"RO\" style=\"color: black; font-family: &quot;Times New Roman&quot;; font-size: 14pt;\">&#8211;<span style=\"font: 7pt &quot;Times New Roman&quot;;\">&nbsp;&nbsp;&nbsp;&nbsp;&nbsp;&nbsp;&nbsp;&nbsp;&nbsp;&nbsp;&nbsp;&nbsp;&nbsp;&nbsp;&nbsp;&nbsp;&nbsp;&nbsp;&nbsp;&nbsp; <\/span><\/span><span lang=\"RO\" style=\"color: black; font-family: &quot;Times New Roman&quot;; font-size: 14pt;\">Contribuie la preg\u0103tirea lucr\u0103rilor Consiliului Ecofin \u00een domenii ca: afacerile bugetare, financiare \u015fi pl\u0103\u0163ile interna\u0163ionale<u> <\/u><\/span><\/div>\n<div style=\"margin-top: 0px; margin-bottom: 0px;\" class=\"sharethis-inline-share-buttons\" ><\/div>","protected":false},"excerpt":{"rendered":"<p>Sistemul European al B\u0103ncii Centrale este cuprins din:&nbsp; Banca Central\u0103 Euroepan\u0103 (BCE) si&nbsp; B\u0103ncile Centrale Na\u0163ionale (BCN) ale tuturor statelor membre Uniunii Europene chiar dac\u0103 apar\u0163in sau nu zonei euro. S-au creat dou\u0103 zone:a) Eurosistemul \u2192 cuprinde statele \u00een care circul\u0103 euro (11 state ale UE).b) SEBC ce cuprinde Eurosistemul \u015fi se extinde pe teritoriul [&hellip;]<\/p>\n","protected":false},"author":1,"featured_media":0,"comment_status":"open","ping_status":"closed","sticky":false,"template":"","format":"standard","meta":{"_monsterinsights_skip_tracking":false,"_monsterinsights_sitenote_active":false,"_monsterinsights_sitenote_note":"","_monsterinsights_sitenote_category":0,"footnotes":""},"categories":[1],"tags":[],"aioseo_notices":[],"yoast_head":"<!-- This site is optimized with the Yoast SEO plugin v21.1 - https:\/\/yoast.com\/wordpress\/plugins\/seo\/ -->\n<title>Arhitectura Sistemului European al B\u0103ncii Centrale (SEBC) - Jobs\/ Internships\/ Scholarships\/<\/title>\n<meta name=\"robots\" content=\"index, follow, max-snippet:-1, max-image-preview:large, max-video-preview:-1\" \/>\n<link rel=\"canonical\" href=\"https:\/\/rubyskynews.com\/index.php\/2011\/03\/26\/arhitectura-sistemului-european-al-2\/\" \/>\n<meta property=\"og:locale\" content=\"en_US\" \/>\n<meta property=\"og:type\" content=\"article\" \/>\n<meta property=\"og:title\" content=\"Arhitectura Sistemului European al B\u0103ncii Centrale (SEBC) - Jobs\/ Internships\/ Scholarships\/\" \/>\n<meta property=\"og:description\" content=\"Sistemul European al B\u0103ncii Centrale este cuprins din:&nbsp; Banca Central\u0103 Euroepan\u0103 (BCE) si&nbsp; B\u0103ncile Centrale Na\u0163ionale (BCN) ale tuturor statelor membre Uniunii Europene chiar dac\u0103 apar\u0163in sau nu zonei euro. S-au creat dou\u0103 zone:a) Eurosistemul \u2192 cuprinde statele \u00een care circul\u0103 euro (11 state ale UE).b) SEBC ce cuprinde Eurosistemul \u015fi se extinde pe teritoriul [&hellip;]\" \/>\n<meta property=\"og:url\" content=\"https:\/\/rubyskynews.com\/index.php\/2011\/03\/26\/arhitectura-sistemului-european-al-2\/\" \/>\n<meta property=\"og:site_name\" content=\"Jobs\/ Internships\/ Scholarships\/\" \/>\n<meta property=\"article:published_time\" content=\"2011-03-26T20:40:00+00:00\" \/>\n<meta property=\"article:modified_time\" content=\"2020-09-25T09:40:33+00:00\" \/>\n<meta name=\"author\" content=\"eurointern\" \/>\n<meta name=\"twitter:card\" content=\"summary_large_image\" \/>\n<meta name=\"twitter:label1\" content=\"Written by\" \/>\n\t<meta name=\"twitter:data1\" content=\"eurointern\" \/>\n\t<meta name=\"twitter:label2\" content=\"Est. reading time\" \/>\n\t<meta name=\"twitter:data2\" content=\"8 minutes\" \/>\n<script type=\"application\/ld+json\" class=\"yoast-schema-graph\">{\"@context\":\"https:\/\/schema.org\",\"@graph\":[{\"@type\":\"WebPage\",\"@id\":\"https:\/\/rubyskynews.com\/index.php\/2011\/03\/26\/arhitectura-sistemului-european-al-2\/\",\"url\":\"https:\/\/rubyskynews.com\/index.php\/2011\/03\/26\/arhitectura-sistemului-european-al-2\/\",\"name\":\"Arhitectura Sistemului European al B\u0103ncii Centrale (SEBC) - Jobs\/ Internships\/ Scholarships\/\",\"isPartOf\":{\"@id\":\"https:\/\/rubyskynews.com\/#website\"},\"datePublished\":\"2011-03-26T20:40:00+00:00\",\"dateModified\":\"2020-09-25T09:40:33+00:00\",\"author\":{\"@id\":\"https:\/\/rubyskynews.com\/#\/schema\/person\/2bf02c24278f4ce807817c8f91add34d\"},\"breadcrumb\":{\"@id\":\"https:\/\/rubyskynews.com\/index.php\/2011\/03\/26\/arhitectura-sistemului-european-al-2\/#breadcrumb\"},\"inLanguage\":\"en-US\",\"potentialAction\":[{\"@type\":\"ReadAction\",\"target\":[\"https:\/\/rubyskynews.com\/index.php\/2011\/03\/26\/arhitectura-sistemului-european-al-2\/\"]}]},{\"@type\":\"BreadcrumbList\",\"@id\":\"https:\/\/rubyskynews.com\/index.php\/2011\/03\/26\/arhitectura-sistemului-european-al-2\/#breadcrumb\",\"itemListElement\":[{\"@type\":\"ListItem\",\"position\":1,\"name\":\"Home\",\"item\":\"https:\/\/rubyskynews.com\/\"},{\"@type\":\"ListItem\",\"position\":2,\"name\":\"Arhitectura Sistemului European al B\u0103ncii Centrale (SEBC)\"}]},{\"@type\":\"WebSite\",\"@id\":\"https:\/\/rubyskynews.com\/#website\",\"url\":\"https:\/\/rubyskynews.com\/\",\"name\":\"Jobs\/ Internships\/ Scholarships\/\",\"description\":\"Internships\/ Scholarships\/  Grants\",\"potentialAction\":[{\"@type\":\"SearchAction\",\"target\":{\"@type\":\"EntryPoint\",\"urlTemplate\":\"https:\/\/rubyskynews.com\/?s={search_term_string}\"},\"query-input\":\"required name=search_term_string\"}],\"inLanguage\":\"en-US\"},{\"@type\":\"Person\",\"@id\":\"https:\/\/rubyskynews.com\/#\/schema\/person\/2bf02c24278f4ce807817c8f91add34d\",\"name\":\"eurointern\",\"image\":{\"@type\":\"ImageObject\",\"inLanguage\":\"en-US\",\"@id\":\"https:\/\/rubyskynews.com\/#\/schema\/person\/image\/\",\"url\":\"https:\/\/secure.gravatar.com\/avatar\/4ba0ee69eda3e0c9ec9a3c49a6c7a82b?s=96&d=mm&r=g\",\"contentUrl\":\"https:\/\/secure.gravatar.com\/avatar\/4ba0ee69eda3e0c9ec9a3c49a6c7a82b?s=96&d=mm&r=g\",\"caption\":\"eurointern\"},\"sameAs\":[\"http:\/\/rubyskynews.com\"],\"url\":\"https:\/\/rubyskynews.com\/index.php\/author\/eurointern28gmail-com\/\"}]}<\/script>\n<!-- \/ Yoast SEO plugin. -->","yoast_head_json":{"title":"Arhitectura Sistemului European al B\u0103ncii Centrale (SEBC) - Jobs\/ Internships\/ Scholarships\/","robots":{"index":"index","follow":"follow","max-snippet":"max-snippet:-1","max-image-preview":"max-image-preview:large","max-video-preview":"max-video-preview:-1"},"canonical":"https:\/\/rubyskynews.com\/index.php\/2011\/03\/26\/arhitectura-sistemului-european-al-2\/","og_locale":"en_US","og_type":"article","og_title":"Arhitectura Sistemului European al B\u0103ncii Centrale (SEBC) - Jobs\/ Internships\/ Scholarships\/","og_description":"Sistemul European al B\u0103ncii Centrale este cuprins din:&nbsp; Banca Central\u0103 Euroepan\u0103 (BCE) si&nbsp; B\u0103ncile Centrale Na\u0163ionale (BCN) ale tuturor statelor membre Uniunii Europene chiar dac\u0103 apar\u0163in sau nu zonei euro. S-au creat dou\u0103 zone:a) Eurosistemul \u2192 cuprinde statele \u00een care circul\u0103 euro (11 state ale UE).b) SEBC ce cuprinde Eurosistemul \u015fi se extinde pe teritoriul [&hellip;]","og_url":"https:\/\/rubyskynews.com\/index.php\/2011\/03\/26\/arhitectura-sistemului-european-al-2\/","og_site_name":"Jobs\/ Internships\/ Scholarships\/","article_published_time":"2011-03-26T20:40:00+00:00","article_modified_time":"2020-09-25T09:40:33+00:00","author":"eurointern","twitter_card":"summary_large_image","twitter_misc":{"Written by":"eurointern","Est. reading time":"8 minutes"},"schema":{"@context":"https:\/\/schema.org","@graph":[{"@type":"WebPage","@id":"https:\/\/rubyskynews.com\/index.php\/2011\/03\/26\/arhitectura-sistemului-european-al-2\/","url":"https:\/\/rubyskynews.com\/index.php\/2011\/03\/26\/arhitectura-sistemului-european-al-2\/","name":"Arhitectura Sistemului European al B\u0103ncii Centrale (SEBC) - Jobs\/ Internships\/ Scholarships\/","isPartOf":{"@id":"https:\/\/rubyskynews.com\/#website"},"datePublished":"2011-03-26T20:40:00+00:00","dateModified":"2020-09-25T09:40:33+00:00","author":{"@id":"https:\/\/rubyskynews.com\/#\/schema\/person\/2bf02c24278f4ce807817c8f91add34d"},"breadcrumb":{"@id":"https:\/\/rubyskynews.com\/index.php\/2011\/03\/26\/arhitectura-sistemului-european-al-2\/#breadcrumb"},"inLanguage":"en-US","potentialAction":[{"@type":"ReadAction","target":["https:\/\/rubyskynews.com\/index.php\/2011\/03\/26\/arhitectura-sistemului-european-al-2\/"]}]},{"@type":"BreadcrumbList","@id":"https:\/\/rubyskynews.com\/index.php\/2011\/03\/26\/arhitectura-sistemului-european-al-2\/#breadcrumb","itemListElement":[{"@type":"ListItem","position":1,"name":"Home","item":"https:\/\/rubyskynews.com\/"},{"@type":"ListItem","position":2,"name":"Arhitectura Sistemului European al B\u0103ncii Centrale (SEBC)"}]},{"@type":"WebSite","@id":"https:\/\/rubyskynews.com\/#website","url":"https:\/\/rubyskynews.com\/","name":"Jobs\/ Internships\/ Scholarships\/","description":"Internships\/ Scholarships\/  Grants","potentialAction":[{"@type":"SearchAction","target":{"@type":"EntryPoint","urlTemplate":"https:\/\/rubyskynews.com\/?s={search_term_string}"},"query-input":"required name=search_term_string"}],"inLanguage":"en-US"},{"@type":"Person","@id":"https:\/\/rubyskynews.com\/#\/schema\/person\/2bf02c24278f4ce807817c8f91add34d","name":"eurointern","image":{"@type":"ImageObject","inLanguage":"en-US","@id":"https:\/\/rubyskynews.com\/#\/schema\/person\/image\/","url":"https:\/\/secure.gravatar.com\/avatar\/4ba0ee69eda3e0c9ec9a3c49a6c7a82b?s=96&d=mm&r=g","contentUrl":"https:\/\/secure.gravatar.com\/avatar\/4ba0ee69eda3e0c9ec9a3c49a6c7a82b?s=96&d=mm&r=g","caption":"eurointern"},"sameAs":["http:\/\/rubyskynews.com"],"url":"https:\/\/rubyskynews.com\/index.php\/author\/eurointern28gmail-com\/"}]}},"_links":{"self":[{"href":"https:\/\/rubyskynews.com\/index.php\/wp-json\/wp\/v2\/posts\/26171"}],"collection":[{"href":"https:\/\/rubyskynews.com\/index.php\/wp-json\/wp\/v2\/posts"}],"about":[{"href":"https:\/\/rubyskynews.com\/index.php\/wp-json\/wp\/v2\/types\/post"}],"author":[{"embeddable":true,"href":"https:\/\/rubyskynews.com\/index.php\/wp-json\/wp\/v2\/users\/1"}],"replies":[{"embeddable":true,"href":"https:\/\/rubyskynews.com\/index.php\/wp-json\/wp\/v2\/comments?post=26171"}],"version-history":[{"count":0,"href":"https:\/\/rubyskynews.com\/index.php\/wp-json\/wp\/v2\/posts\/26171\/revisions"}],"wp:attachment":[{"href":"https:\/\/rubyskynews.com\/index.php\/wp-json\/wp\/v2\/media?parent=26171"}],"wp:term":[{"taxonomy":"category","embeddable":true,"href":"https:\/\/rubyskynews.com\/index.php\/wp-json\/wp\/v2\/categories?post=26171"},{"taxonomy":"post_tag","embeddable":true,"href":"https:\/\/rubyskynews.com\/index.php\/wp-json\/wp\/v2\/tags?post=26171"}],"curies":[{"name":"wp","href":"https:\/\/api.w.org\/{rel}","templated":true}]}}