{"id":25333,"date":"2011-04-28T13:06:00","date_gmt":"2011-04-28T13:06:00","guid":{"rendered":""},"modified":"2020-09-25T09:36:42","modified_gmt":"2020-09-25T09:36:42","slug":"cererea-agregata-si-oferta-agregata-2","status":"publish","type":"post","link":"https:\/\/rubyskynews.com\/index.php\/2011\/04\/28\/cererea-agregata-si-oferta-agregata-2\/","title":{"rendered":"Cererea agregat\u0103 \u015fi  oferta  agregat\u0103 &#8211;  no\u0163iuni  generale"},"content":{"rendered":"<div style=\"margin-top: 0px; margin-bottom: 0px;\" class=\"sharethis-inline-share-buttons\" ><\/div><p>Cererea agregat\u0103 \u015fi  oferta  agregat\u0103 &#8211;  no\u0163iuni  generale<br \/>\nCererea agregat\u0103 (AD) reprezint\u0103 cantitatea total\u0103 de bunuri \u015fi servicii cerut\u0103 pe pia\u0163\u0103 de c\u0103tre menaje, firme, sectorul guvernamental \u015fi sectorul extern \u00eentr-o anumit\u0103 perioad\u0103 de timp. Componentele cererii agregate sunt:<br \/>\n1.consumul personal (C), include cheltuielile menajelor legate de procurarea  bunurilor de consum  curent  alimentare \u015fi nealimentare, pentru bunurile de folosin\u0163\u0103  \u00eendelungat\u0103, pentru servicii comunale \u015fi culturale;<br \/>\n2.investi\u0163ii private brute (Ib) &#8211; reprezint\u0103 cheltuielile firmelor efectuate \u00een  urm\u0103toarele direc\u0163ii:<br \/>\n&#8211;\tinvesti\u0163i \u00een ma\u015fini \u015fi echipament;<br \/>\n&#8211;\tinvesti\u0163ii \u00een construc\u0163ii;<br \/>\n&#8211;\tinvesti\u0163ii \u00een stocuri.<br \/>\nIb = Inete + A,      <br \/>\n Unde,<br \/>\n       A \u2014deprecierea capitalului investit \u00een perioada anterioar\u0103,<br \/>\nInete &#8211; investi\u0163ii curente efectuate \u00een anul dat. <br \/>\nInete>A => economia se afl\u0103 \u00een perioada de cre\u015ftere; <br \/>\nInete=A = stagnare; <br \/>\n       Inete <a > descre\u015ftere   economic\u0103.<br \/>\n3.achizi\u0163ii guvernamentale (G)  pentru procurarea de bunuri \u015fi servicii include cheltuielile statului legate de procurarea bunurilor \u015fi serviciilor necesare  pentru \u00eentre\u0163inerea aparatului administrativ al armatei \u015fi poli\u0163iei;<br \/>\n4.exportul net (Xn) &#8211; diferen\u0163a dintre cheltuielile str\u0103ine pentru bunurile  na\u0163ionale \u015fi cheltuielile interne pentru bunurile str\u0103ine.<br \/>\n Ecua\u0163ia cererii agregate este:  AD=C+Ib+G +Xn<br \/>\n   AD=C+I &#8211; economia simpl\u0103, c\u00eend nu exist\u0103 interven\u0163ia statului \u00een   economie \u015fi nu exist\u0103 leg\u0103tur\u0103 cu str\u0103in\u0103tatea;<br \/>\n AD=C+I+G   &#8211; economie \u00eenchis\u0103, nu exist\u0103 export \u015fi import;<br \/>\nAD=C+Ib+G+Xn &#8211; reprezint\u0103 cererea agregat\u0103 \u00een economia deschis\u0103.<\/p>\n<div style=\"margin-top: 0px; margin-bottom: 0px;\" class=\"sharethis-inline-share-buttons\" ><\/div>","protected":false},"excerpt":{"rendered":"<p>Cererea agregat\u0103 \u015fi oferta agregat\u0103 &#8211; no\u0163iuni generale Cererea agregat\u0103 (AD) reprezint\u0103 cantitatea total\u0103 de bunuri \u015fi servicii cerut\u0103 pe pia\u0163\u0103 de c\u0103tre menaje, firme, sectorul guvernamental \u015fi sectorul extern \u00eentr-o anumit\u0103 perioad\u0103 de timp. Componentele cererii agregate sunt: 1.consumul personal (C), include cheltuielile menajelor legate de procurarea bunurilor de consum curent alimentare \u015fi nealimentare, [&hellip;]<\/p>\n","protected":false},"author":1,"featured_media":0,"comment_status":"open","ping_status":"closed","sticky":false,"template":"","format":"standard","meta":{"_monsterinsights_skip_tracking":false,"_monsterinsights_sitenote_active":false,"_monsterinsights_sitenote_note":"","_monsterinsights_sitenote_category":0,"footnotes":""},"categories":[1],"tags":[],"aioseo_notices":[],"yoast_head":"<!-- This site is optimized with the Yoast SEO plugin v21.1 - https:\/\/yoast.com\/wordpress\/plugins\/seo\/ -->\n<title>Cererea agregat\u0103 \u015fi oferta agregat\u0103 - no\u0163iuni generale - Jobs\/ Internships\/ Scholarships\/<\/title>\n<meta name=\"robots\" content=\"index, follow, max-snippet:-1, max-image-preview:large, max-video-preview:-1\" \/>\n<link rel=\"canonical\" href=\"https:\/\/rubyskynews.com\/index.php\/2011\/04\/28\/cererea-agregata-si-oferta-agregata-2\/\" \/>\n<meta property=\"og:locale\" content=\"en_US\" \/>\n<meta property=\"og:type\" content=\"article\" \/>\n<meta property=\"og:title\" content=\"Cererea agregat\u0103 \u015fi oferta agregat\u0103 - no\u0163iuni generale - Jobs\/ Internships\/ Scholarships\/\" \/>\n<meta property=\"og:description\" content=\"Cererea agregat\u0103 \u015fi oferta agregat\u0103 &#8211; no\u0163iuni generale Cererea agregat\u0103 (AD) reprezint\u0103 cantitatea total\u0103 de bunuri \u015fi servicii cerut\u0103 pe pia\u0163\u0103 de c\u0103tre menaje, firme, sectorul guvernamental \u015fi sectorul extern \u00eentr-o anumit\u0103 perioad\u0103 de timp. Componentele cererii agregate sunt: 1.consumul personal (C), include cheltuielile menajelor legate de procurarea bunurilor de consum curent alimentare \u015fi nealimentare, [&hellip;]\" \/>\n<meta property=\"og:url\" content=\"https:\/\/rubyskynews.com\/index.php\/2011\/04\/28\/cererea-agregata-si-oferta-agregata-2\/\" \/>\n<meta property=\"og:site_name\" content=\"Jobs\/ Internships\/ Scholarships\/\" \/>\n<meta property=\"article:published_time\" content=\"2011-04-28T13:06:00+00:00\" \/>\n<meta property=\"article:modified_time\" content=\"2020-09-25T09:36:42+00:00\" \/>\n<meta name=\"author\" content=\"eurointern\" \/>\n<meta name=\"twitter:card\" content=\"summary_large_image\" \/>\n<meta name=\"twitter:label1\" content=\"Written by\" \/>\n\t<meta name=\"twitter:data1\" content=\"eurointern\" \/>\n\t<meta name=\"twitter:label2\" content=\"Est. reading time\" \/>\n\t<meta name=\"twitter:data2\" content=\"1 minute\" \/>\n<script type=\"application\/ld+json\" class=\"yoast-schema-graph\">{\"@context\":\"https:\/\/schema.org\",\"@graph\":[{\"@type\":\"WebPage\",\"@id\":\"https:\/\/rubyskynews.com\/index.php\/2011\/04\/28\/cererea-agregata-si-oferta-agregata-2\/\",\"url\":\"https:\/\/rubyskynews.com\/index.php\/2011\/04\/28\/cererea-agregata-si-oferta-agregata-2\/\",\"name\":\"Cererea agregat\u0103 \u015fi oferta agregat\u0103 - no\u0163iuni generale - Jobs\/ Internships\/ Scholarships\/\",\"isPartOf\":{\"@id\":\"https:\/\/rubyskynews.com\/#website\"},\"datePublished\":\"2011-04-28T13:06:00+00:00\",\"dateModified\":\"2020-09-25T09:36:42+00:00\",\"author\":{\"@id\":\"https:\/\/rubyskynews.com\/#\/schema\/person\/2bf02c24278f4ce807817c8f91add34d\"},\"breadcrumb\":{\"@id\":\"https:\/\/rubyskynews.com\/index.php\/2011\/04\/28\/cererea-agregata-si-oferta-agregata-2\/#breadcrumb\"},\"inLanguage\":\"en-US\",\"potentialAction\":[{\"@type\":\"ReadAction\",\"target\":[\"https:\/\/rubyskynews.com\/index.php\/2011\/04\/28\/cererea-agregata-si-oferta-agregata-2\/\"]}]},{\"@type\":\"BreadcrumbList\",\"@id\":\"https:\/\/rubyskynews.com\/index.php\/2011\/04\/28\/cererea-agregata-si-oferta-agregata-2\/#breadcrumb\",\"itemListElement\":[{\"@type\":\"ListItem\",\"position\":1,\"name\":\"Home\",\"item\":\"https:\/\/rubyskynews.com\/\"},{\"@type\":\"ListItem\",\"position\":2,\"name\":\"Cererea agregat\u0103 \u015fi oferta agregat\u0103 &#8211; no\u0163iuni generale\"}]},{\"@type\":\"WebSite\",\"@id\":\"https:\/\/rubyskynews.com\/#website\",\"url\":\"https:\/\/rubyskynews.com\/\",\"name\":\"Jobs\/ Internships\/ Scholarships\/\",\"description\":\"Internships\/ Scholarships\/  Grants\",\"potentialAction\":[{\"@type\":\"SearchAction\",\"target\":{\"@type\":\"EntryPoint\",\"urlTemplate\":\"https:\/\/rubyskynews.com\/?s={search_term_string}\"},\"query-input\":\"required name=search_term_string\"}],\"inLanguage\":\"en-US\"},{\"@type\":\"Person\",\"@id\":\"https:\/\/rubyskynews.com\/#\/schema\/person\/2bf02c24278f4ce807817c8f91add34d\",\"name\":\"eurointern\",\"image\":{\"@type\":\"ImageObject\",\"inLanguage\":\"en-US\",\"@id\":\"https:\/\/rubyskynews.com\/#\/schema\/person\/image\/\",\"url\":\"https:\/\/secure.gravatar.com\/avatar\/4ba0ee69eda3e0c9ec9a3c49a6c7a82b?s=96&d=mm&r=g\",\"contentUrl\":\"https:\/\/secure.gravatar.com\/avatar\/4ba0ee69eda3e0c9ec9a3c49a6c7a82b?s=96&d=mm&r=g\",\"caption\":\"eurointern\"},\"sameAs\":[\"http:\/\/rubyskynews.com\"],\"url\":\"https:\/\/rubyskynews.com\/index.php\/author\/eurointern28gmail-com\/\"}]}<\/script>\n<!-- \/ Yoast SEO plugin. -->","yoast_head_json":{"title":"Cererea agregat\u0103 \u015fi oferta agregat\u0103 - no\u0163iuni generale - Jobs\/ Internships\/ Scholarships\/","robots":{"index":"index","follow":"follow","max-snippet":"max-snippet:-1","max-image-preview":"max-image-preview:large","max-video-preview":"max-video-preview:-1"},"canonical":"https:\/\/rubyskynews.com\/index.php\/2011\/04\/28\/cererea-agregata-si-oferta-agregata-2\/","og_locale":"en_US","og_type":"article","og_title":"Cererea agregat\u0103 \u015fi oferta agregat\u0103 - no\u0163iuni generale - Jobs\/ Internships\/ Scholarships\/","og_description":"Cererea agregat\u0103 \u015fi oferta agregat\u0103 &#8211; no\u0163iuni generale Cererea agregat\u0103 (AD) reprezint\u0103 cantitatea total\u0103 de bunuri \u015fi servicii cerut\u0103 pe pia\u0163\u0103 de c\u0103tre menaje, firme, sectorul guvernamental \u015fi sectorul extern \u00eentr-o anumit\u0103 perioad\u0103 de timp. Componentele cererii agregate sunt: 1.consumul personal (C), include cheltuielile menajelor legate de procurarea bunurilor de consum curent alimentare \u015fi nealimentare, [&hellip;]","og_url":"https:\/\/rubyskynews.com\/index.php\/2011\/04\/28\/cererea-agregata-si-oferta-agregata-2\/","og_site_name":"Jobs\/ Internships\/ Scholarships\/","article_published_time":"2011-04-28T13:06:00+00:00","article_modified_time":"2020-09-25T09:36:42+00:00","author":"eurointern","twitter_card":"summary_large_image","twitter_misc":{"Written by":"eurointern","Est. reading time":"1 minute"},"schema":{"@context":"https:\/\/schema.org","@graph":[{"@type":"WebPage","@id":"https:\/\/rubyskynews.com\/index.php\/2011\/04\/28\/cererea-agregata-si-oferta-agregata-2\/","url":"https:\/\/rubyskynews.com\/index.php\/2011\/04\/28\/cererea-agregata-si-oferta-agregata-2\/","name":"Cererea agregat\u0103 \u015fi oferta agregat\u0103 - no\u0163iuni generale - Jobs\/ Internships\/ Scholarships\/","isPartOf":{"@id":"https:\/\/rubyskynews.com\/#website"},"datePublished":"2011-04-28T13:06:00+00:00","dateModified":"2020-09-25T09:36:42+00:00","author":{"@id":"https:\/\/rubyskynews.com\/#\/schema\/person\/2bf02c24278f4ce807817c8f91add34d"},"breadcrumb":{"@id":"https:\/\/rubyskynews.com\/index.php\/2011\/04\/28\/cererea-agregata-si-oferta-agregata-2\/#breadcrumb"},"inLanguage":"en-US","potentialAction":[{"@type":"ReadAction","target":["https:\/\/rubyskynews.com\/index.php\/2011\/04\/28\/cererea-agregata-si-oferta-agregata-2\/"]}]},{"@type":"BreadcrumbList","@id":"https:\/\/rubyskynews.com\/index.php\/2011\/04\/28\/cererea-agregata-si-oferta-agregata-2\/#breadcrumb","itemListElement":[{"@type":"ListItem","position":1,"name":"Home","item":"https:\/\/rubyskynews.com\/"},{"@type":"ListItem","position":2,"name":"Cererea agregat\u0103 \u015fi oferta agregat\u0103 &#8211; no\u0163iuni generale"}]},{"@type":"WebSite","@id":"https:\/\/rubyskynews.com\/#website","url":"https:\/\/rubyskynews.com\/","name":"Jobs\/ Internships\/ Scholarships\/","description":"Internships\/ Scholarships\/  Grants","potentialAction":[{"@type":"SearchAction","target":{"@type":"EntryPoint","urlTemplate":"https:\/\/rubyskynews.com\/?s={search_term_string}"},"query-input":"required name=search_term_string"}],"inLanguage":"en-US"},{"@type":"Person","@id":"https:\/\/rubyskynews.com\/#\/schema\/person\/2bf02c24278f4ce807817c8f91add34d","name":"eurointern","image":{"@type":"ImageObject","inLanguage":"en-US","@id":"https:\/\/rubyskynews.com\/#\/schema\/person\/image\/","url":"https:\/\/secure.gravatar.com\/avatar\/4ba0ee69eda3e0c9ec9a3c49a6c7a82b?s=96&d=mm&r=g","contentUrl":"https:\/\/secure.gravatar.com\/avatar\/4ba0ee69eda3e0c9ec9a3c49a6c7a82b?s=96&d=mm&r=g","caption":"eurointern"},"sameAs":["http:\/\/rubyskynews.com"],"url":"https:\/\/rubyskynews.com\/index.php\/author\/eurointern28gmail-com\/"}]}},"_links":{"self":[{"href":"https:\/\/rubyskynews.com\/index.php\/wp-json\/wp\/v2\/posts\/25333"}],"collection":[{"href":"https:\/\/rubyskynews.com\/index.php\/wp-json\/wp\/v2\/posts"}],"about":[{"href":"https:\/\/rubyskynews.com\/index.php\/wp-json\/wp\/v2\/types\/post"}],"author":[{"embeddable":true,"href":"https:\/\/rubyskynews.com\/index.php\/wp-json\/wp\/v2\/users\/1"}],"replies":[{"embeddable":true,"href":"https:\/\/rubyskynews.com\/index.php\/wp-json\/wp\/v2\/comments?post=25333"}],"version-history":[{"count":0,"href":"https:\/\/rubyskynews.com\/index.php\/wp-json\/wp\/v2\/posts\/25333\/revisions"}],"wp:attachment":[{"href":"https:\/\/rubyskynews.com\/index.php\/wp-json\/wp\/v2\/media?parent=25333"}],"wp:term":[{"taxonomy":"category","embeddable":true,"href":"https:\/\/rubyskynews.com\/index.php\/wp-json\/wp\/v2\/categories?post=25333"},{"taxonomy":"post_tag","embeddable":true,"href":"https:\/\/rubyskynews.com\/index.php\/wp-json\/wp\/v2\/tags?post=25333"}],"curies":[{"name":"wp","href":"https:\/\/api.w.org\/{rel}","templated":true}]}}