{"id":25321,"date":"2011-04-28T13:09:00","date_gmt":"2011-04-28T13:09:00","guid":{"rendered":""},"modified":"2020-09-25T09:36:37","modified_gmt":"2020-09-25T09:36:37","slug":"conceptul-de-somaj-nivelul-si-2","status":"publish","type":"post","link":"https:\/\/rubyskynews.com\/index.php\/2011\/04\/28\/conceptul-de-somaj-nivelul-si-2\/","title":{"rendered":"Conceptul  de  \u015fomaj.  Nivelul  \u015fi  tr\u0103s\u0103turile  \u015fomajului."},"content":{"rendered":"<div style=\"margin-top: 0px; margin-bottom: 0px;\" class=\"sharethis-inline-share-buttons\" ><\/div><p>Ocuparea for\u0163ei de munc\u0103 \u00een activit\u0103\u0163ile economico-sociale \u015fi \u015fomajul dovedesc cum func\u0163ioneaz\u0103 pia\u0163a muncii \u00eentr-o perioad\u0103 sau un moment dat.<br \/>\n  \u015eomajul este o stare negativ\u0103 a popula\u0163iei active disponibile, care nu g\u0103se\u015fte locuri de munc\u0103, din cauza deregl\u0103rii rela\u0163iei dintre dezvoltarea economiei ca surs\u0103 a cererii de munc\u0103 \u015fi evolu\u0163ia popula\u0163iei ca surs\u0103 a ofertei de munc\u0103. In condi\u0163iile contempora-ne, \u015fomajul este considerat ca neocuparea for\u0163ei de munc\u0103. <br \/>\nOcuparea for\u0163ei de munc\u0103  poate fi exprimat\u0103 \u00een 2 modele:<br \/>\na) Ca  ocupare  absolut\u0103 \u2013 prin num\u0103rul persoanelor, care particip\u0103 la activit\u0103\u0163ile utile societ\u0103\u0163ii.                        <br \/>\n  PAO \u2013 persoane apte de munc\u0103 ocupate<br \/>\nb) Ocuparea  relativ\u0103 \u2013 prin rata ocup\u0103ri (Ro)<br \/>\n\u00cen ultimele decenii cre\u015fterea \u015fomajului influen\u0163eaz\u0103 substan\u0163ial asupra PNB, de aceea anali\u015fti acord\u0103 o deosebit\u0103 aten\u0163ie corela\u0163iei dintre cre\u015fterea economic\u0103 \u015fi \u015fomaj.<br \/>\nRata ocup\u0103rii \u2013 Ro poate fi determinat\u0103:<br \/>\nRo =  <br \/>\nPAO \u2013 persoane apte de munc\u0103 ocupate;PA \u2013 persoane apte de munc\u0103<br \/>\n \u015eomajul reprezint\u0103 o stare a pie\u0163i muncii caracterizat\u0103 printr-o ofert\u0103 a for\u0163ei de munc\u0103 mai mare dec\u00eet cererea de ea.<br \/>\n\u015eomajul mai poate fi caracterizat dup\u0103:<br \/>\na)  frecven\u0163a (c\u00eet de des se afl\u0103 o persoan\u0103 \u00een \u015fomaj timp de o perioad\u0103 de timp(un an));<br \/>\nb)  durata (timpul de aflare a persoanei \u00een \u015fomaj);<br \/>\nc)  distribu\u0163ia (reprezentat\u0103 dup\u0103 v\u00e2rst\u0103, sex, profesii).<br \/>\n\u015eomajul poate fi m\u0103surat \u00een forma lui relativ\u0103 \u015fi absolut\u0103. Forma relativ\u0103 este rata \u015fomajului, forma absolut\u0103 num\u0103rul \u015fomerilor.<br \/>\n Rata \u015fomajului determin\u0103 ponderea \u015fomerilor \u00een num\u0103r total a persoanelor apte de munc\u0103.<br \/>\nRS =  <br \/>\nNum\u0103rul \u015fomerilor: \u015e=PA-PO<\/p>\n<div style=\"margin-top: 0px; margin-bottom: 0px;\" class=\"sharethis-inline-share-buttons\" ><\/div>","protected":false},"excerpt":{"rendered":"<p>Ocuparea for\u0163ei de munc\u0103 \u00een activit\u0103\u0163ile economico-sociale \u015fi \u015fomajul dovedesc cum func\u0163ioneaz\u0103 pia\u0163a muncii \u00eentr-o perioad\u0103 sau un moment dat. \u015eomajul este o stare negativ\u0103 a popula\u0163iei active disponibile, care nu g\u0103se\u015fte locuri de munc\u0103, din cauza deregl\u0103rii rela\u0163iei dintre dezvoltarea economiei ca surs\u0103 a cererii de munc\u0103 \u015fi evolu\u0163ia popula\u0163iei ca surs\u0103 a ofertei [&hellip;]<\/p>\n","protected":false},"author":1,"featured_media":0,"comment_status":"open","ping_status":"closed","sticky":false,"template":"","format":"standard","meta":{"_monsterinsights_skip_tracking":false,"_monsterinsights_sitenote_active":false,"_monsterinsights_sitenote_note":"","_monsterinsights_sitenote_category":0,"footnotes":""},"categories":[1],"tags":[],"aioseo_notices":[],"yoast_head":"<!-- This site is optimized with the Yoast SEO plugin v21.1 - https:\/\/yoast.com\/wordpress\/plugins\/seo\/ -->\n<title>Conceptul de \u015fomaj. Nivelul \u015fi tr\u0103s\u0103turile \u015fomajului. - Jobs\/ Internships\/ Scholarships\/<\/title>\n<meta name=\"robots\" content=\"index, follow, max-snippet:-1, max-image-preview:large, max-video-preview:-1\" \/>\n<link rel=\"canonical\" href=\"https:\/\/rubyskynews.com\/index.php\/2011\/04\/28\/conceptul-de-somaj-nivelul-si-2\/\" \/>\n<meta property=\"og:locale\" content=\"en_US\" \/>\n<meta property=\"og:type\" content=\"article\" \/>\n<meta property=\"og:title\" content=\"Conceptul de \u015fomaj. Nivelul \u015fi tr\u0103s\u0103turile \u015fomajului. - Jobs\/ Internships\/ Scholarships\/\" \/>\n<meta property=\"og:description\" content=\"Ocuparea for\u0163ei de munc\u0103 \u00een activit\u0103\u0163ile economico-sociale \u015fi \u015fomajul dovedesc cum func\u0163ioneaz\u0103 pia\u0163a muncii \u00eentr-o perioad\u0103 sau un moment dat. \u015eomajul este o stare negativ\u0103 a popula\u0163iei active disponibile, care nu g\u0103se\u015fte locuri de munc\u0103, din cauza deregl\u0103rii rela\u0163iei dintre dezvoltarea economiei ca surs\u0103 a cererii de munc\u0103 \u015fi evolu\u0163ia popula\u0163iei ca surs\u0103 a ofertei [&hellip;]\" \/>\n<meta property=\"og:url\" content=\"https:\/\/rubyskynews.com\/index.php\/2011\/04\/28\/conceptul-de-somaj-nivelul-si-2\/\" \/>\n<meta property=\"og:site_name\" content=\"Jobs\/ Internships\/ Scholarships\/\" \/>\n<meta property=\"article:published_time\" content=\"2011-04-28T13:09:00+00:00\" \/>\n<meta property=\"article:modified_time\" content=\"2020-09-25T09:36:37+00:00\" \/>\n<meta name=\"author\" content=\"eurointern\" \/>\n<meta name=\"twitter:card\" content=\"summary_large_image\" \/>\n<meta name=\"twitter:label1\" content=\"Written by\" \/>\n\t<meta name=\"twitter:data1\" content=\"eurointern\" \/>\n\t<meta name=\"twitter:label2\" content=\"Est. reading time\" \/>\n\t<meta name=\"twitter:data2\" content=\"1 minute\" \/>\n<script type=\"application\/ld+json\" class=\"yoast-schema-graph\">{\"@context\":\"https:\/\/schema.org\",\"@graph\":[{\"@type\":\"WebPage\",\"@id\":\"https:\/\/rubyskynews.com\/index.php\/2011\/04\/28\/conceptul-de-somaj-nivelul-si-2\/\",\"url\":\"https:\/\/rubyskynews.com\/index.php\/2011\/04\/28\/conceptul-de-somaj-nivelul-si-2\/\",\"name\":\"Conceptul de \u015fomaj. Nivelul \u015fi tr\u0103s\u0103turile \u015fomajului. - Jobs\/ Internships\/ Scholarships\/\",\"isPartOf\":{\"@id\":\"https:\/\/rubyskynews.com\/#website\"},\"datePublished\":\"2011-04-28T13:09:00+00:00\",\"dateModified\":\"2020-09-25T09:36:37+00:00\",\"author\":{\"@id\":\"https:\/\/rubyskynews.com\/#\/schema\/person\/2bf02c24278f4ce807817c8f91add34d\"},\"breadcrumb\":{\"@id\":\"https:\/\/rubyskynews.com\/index.php\/2011\/04\/28\/conceptul-de-somaj-nivelul-si-2\/#breadcrumb\"},\"inLanguage\":\"en-US\",\"potentialAction\":[{\"@type\":\"ReadAction\",\"target\":[\"https:\/\/rubyskynews.com\/index.php\/2011\/04\/28\/conceptul-de-somaj-nivelul-si-2\/\"]}]},{\"@type\":\"BreadcrumbList\",\"@id\":\"https:\/\/rubyskynews.com\/index.php\/2011\/04\/28\/conceptul-de-somaj-nivelul-si-2\/#breadcrumb\",\"itemListElement\":[{\"@type\":\"ListItem\",\"position\":1,\"name\":\"Home\",\"item\":\"https:\/\/rubyskynews.com\/\"},{\"@type\":\"ListItem\",\"position\":2,\"name\":\"Conceptul de \u015fomaj. Nivelul \u015fi tr\u0103s\u0103turile \u015fomajului.\"}]},{\"@type\":\"WebSite\",\"@id\":\"https:\/\/rubyskynews.com\/#website\",\"url\":\"https:\/\/rubyskynews.com\/\",\"name\":\"Jobs\/ Internships\/ Scholarships\/\",\"description\":\"Internships\/ Scholarships\/  Grants\",\"potentialAction\":[{\"@type\":\"SearchAction\",\"target\":{\"@type\":\"EntryPoint\",\"urlTemplate\":\"https:\/\/rubyskynews.com\/?s={search_term_string}\"},\"query-input\":\"required name=search_term_string\"}],\"inLanguage\":\"en-US\"},{\"@type\":\"Person\",\"@id\":\"https:\/\/rubyskynews.com\/#\/schema\/person\/2bf02c24278f4ce807817c8f91add34d\",\"name\":\"eurointern\",\"image\":{\"@type\":\"ImageObject\",\"inLanguage\":\"en-US\",\"@id\":\"https:\/\/rubyskynews.com\/#\/schema\/person\/image\/\",\"url\":\"https:\/\/secure.gravatar.com\/avatar\/4ba0ee69eda3e0c9ec9a3c49a6c7a82b?s=96&d=mm&r=g\",\"contentUrl\":\"https:\/\/secure.gravatar.com\/avatar\/4ba0ee69eda3e0c9ec9a3c49a6c7a82b?s=96&d=mm&r=g\",\"caption\":\"eurointern\"},\"sameAs\":[\"http:\/\/rubyskynews.com\"],\"url\":\"https:\/\/rubyskynews.com\/index.php\/author\/eurointern28gmail-com\/\"}]}<\/script>\n<!-- \/ Yoast SEO plugin. -->","yoast_head_json":{"title":"Conceptul de \u015fomaj. Nivelul \u015fi tr\u0103s\u0103turile \u015fomajului. - Jobs\/ Internships\/ Scholarships\/","robots":{"index":"index","follow":"follow","max-snippet":"max-snippet:-1","max-image-preview":"max-image-preview:large","max-video-preview":"max-video-preview:-1"},"canonical":"https:\/\/rubyskynews.com\/index.php\/2011\/04\/28\/conceptul-de-somaj-nivelul-si-2\/","og_locale":"en_US","og_type":"article","og_title":"Conceptul de \u015fomaj. Nivelul \u015fi tr\u0103s\u0103turile \u015fomajului. - Jobs\/ Internships\/ Scholarships\/","og_description":"Ocuparea for\u0163ei de munc\u0103 \u00een activit\u0103\u0163ile economico-sociale \u015fi \u015fomajul dovedesc cum func\u0163ioneaz\u0103 pia\u0163a muncii \u00eentr-o perioad\u0103 sau un moment dat. \u015eomajul este o stare negativ\u0103 a popula\u0163iei active disponibile, care nu g\u0103se\u015fte locuri de munc\u0103, din cauza deregl\u0103rii rela\u0163iei dintre dezvoltarea economiei ca surs\u0103 a cererii de munc\u0103 \u015fi evolu\u0163ia popula\u0163iei ca surs\u0103 a ofertei [&hellip;]","og_url":"https:\/\/rubyskynews.com\/index.php\/2011\/04\/28\/conceptul-de-somaj-nivelul-si-2\/","og_site_name":"Jobs\/ Internships\/ Scholarships\/","article_published_time":"2011-04-28T13:09:00+00:00","article_modified_time":"2020-09-25T09:36:37+00:00","author":"eurointern","twitter_card":"summary_large_image","twitter_misc":{"Written by":"eurointern","Est. reading time":"1 minute"},"schema":{"@context":"https:\/\/schema.org","@graph":[{"@type":"WebPage","@id":"https:\/\/rubyskynews.com\/index.php\/2011\/04\/28\/conceptul-de-somaj-nivelul-si-2\/","url":"https:\/\/rubyskynews.com\/index.php\/2011\/04\/28\/conceptul-de-somaj-nivelul-si-2\/","name":"Conceptul de \u015fomaj. Nivelul \u015fi tr\u0103s\u0103turile \u015fomajului. - Jobs\/ Internships\/ Scholarships\/","isPartOf":{"@id":"https:\/\/rubyskynews.com\/#website"},"datePublished":"2011-04-28T13:09:00+00:00","dateModified":"2020-09-25T09:36:37+00:00","author":{"@id":"https:\/\/rubyskynews.com\/#\/schema\/person\/2bf02c24278f4ce807817c8f91add34d"},"breadcrumb":{"@id":"https:\/\/rubyskynews.com\/index.php\/2011\/04\/28\/conceptul-de-somaj-nivelul-si-2\/#breadcrumb"},"inLanguage":"en-US","potentialAction":[{"@type":"ReadAction","target":["https:\/\/rubyskynews.com\/index.php\/2011\/04\/28\/conceptul-de-somaj-nivelul-si-2\/"]}]},{"@type":"BreadcrumbList","@id":"https:\/\/rubyskynews.com\/index.php\/2011\/04\/28\/conceptul-de-somaj-nivelul-si-2\/#breadcrumb","itemListElement":[{"@type":"ListItem","position":1,"name":"Home","item":"https:\/\/rubyskynews.com\/"},{"@type":"ListItem","position":2,"name":"Conceptul de \u015fomaj. Nivelul \u015fi tr\u0103s\u0103turile \u015fomajului."}]},{"@type":"WebSite","@id":"https:\/\/rubyskynews.com\/#website","url":"https:\/\/rubyskynews.com\/","name":"Jobs\/ Internships\/ Scholarships\/","description":"Internships\/ Scholarships\/  Grants","potentialAction":[{"@type":"SearchAction","target":{"@type":"EntryPoint","urlTemplate":"https:\/\/rubyskynews.com\/?s={search_term_string}"},"query-input":"required name=search_term_string"}],"inLanguage":"en-US"},{"@type":"Person","@id":"https:\/\/rubyskynews.com\/#\/schema\/person\/2bf02c24278f4ce807817c8f91add34d","name":"eurointern","image":{"@type":"ImageObject","inLanguage":"en-US","@id":"https:\/\/rubyskynews.com\/#\/schema\/person\/image\/","url":"https:\/\/secure.gravatar.com\/avatar\/4ba0ee69eda3e0c9ec9a3c49a6c7a82b?s=96&d=mm&r=g","contentUrl":"https:\/\/secure.gravatar.com\/avatar\/4ba0ee69eda3e0c9ec9a3c49a6c7a82b?s=96&d=mm&r=g","caption":"eurointern"},"sameAs":["http:\/\/rubyskynews.com"],"url":"https:\/\/rubyskynews.com\/index.php\/author\/eurointern28gmail-com\/"}]}},"_links":{"self":[{"href":"https:\/\/rubyskynews.com\/index.php\/wp-json\/wp\/v2\/posts\/25321"}],"collection":[{"href":"https:\/\/rubyskynews.com\/index.php\/wp-json\/wp\/v2\/posts"}],"about":[{"href":"https:\/\/rubyskynews.com\/index.php\/wp-json\/wp\/v2\/types\/post"}],"author":[{"embeddable":true,"href":"https:\/\/rubyskynews.com\/index.php\/wp-json\/wp\/v2\/users\/1"}],"replies":[{"embeddable":true,"href":"https:\/\/rubyskynews.com\/index.php\/wp-json\/wp\/v2\/comments?post=25321"}],"version-history":[{"count":0,"href":"https:\/\/rubyskynews.com\/index.php\/wp-json\/wp\/v2\/posts\/25321\/revisions"}],"wp:attachment":[{"href":"https:\/\/rubyskynews.com\/index.php\/wp-json\/wp\/v2\/media?parent=25321"}],"wp:term":[{"taxonomy":"category","embeddable":true,"href":"https:\/\/rubyskynews.com\/index.php\/wp-json\/wp\/v2\/categories?post=25321"},{"taxonomy":"post_tag","embeddable":true,"href":"https:\/\/rubyskynews.com\/index.php\/wp-json\/wp\/v2\/tags?post=25321"}],"curies":[{"name":"wp","href":"https:\/\/api.w.org\/{rel}","templated":true}]}}